{"id":949,"date":"2023-09-26T11:23:16","date_gmt":"2023-09-26T09:23:16","guid":{"rendered":"http:\/\/plataformatrans.es\/?p=949"},"modified":"2023-11-11T18:20:56","modified_gmt":"2023-11-11T16:20:56","slug":"madrid-manifestacion-21-de-octubre-parar-el-odio-hacia-las-personas-trans-es-cerrar-las-puertas-al-fascismo-stoptransodio","status":"publish","type":"post","link":"https:\/\/plataformatrans.es\/index.php\/2023\/09\/26\/madrid-manifestacion-21-de-octubre-parar-el-odio-hacia-las-personas-trans-es-cerrar-las-puertas-al-fascismo-stoptransodio\/","title":{"rendered":"[Madrid] Manifestaci\u00f3n: 21 de octubre: Parar el odio hacia las personas trans es cerrar las puertas al fascismo #StopTransOdio"},"content":{"rendered":"<p><strong>[Madrid] Manifestaci\u00f3n: 21 de octubre: Parar el odio hacia las personas trans es cerrar las puertas al fascismo #StopTransOdio<\/strong><\/p>\n<p><strong><img loading=\"lazy\" decoding=\"async\" class=\"alignnone wp-image-950 size-full\" src=\"http:\/\/plataformatrans.es\/wp-content\/uploads\/2023\/09\/F6pCDZnW8AAwnfN.jpg\" alt=\"\" width=\"1131\" height=\"1600\" srcset=\"https:\/\/plataformatrans.es\/wp-content\/uploads\/2023\/09\/F6pCDZnW8AAwnfN.jpg 1131w, https:\/\/plataformatrans.es\/wp-content\/uploads\/2023\/09\/F6pCDZnW8AAwnfN-212x300.jpg 212w, https:\/\/plataformatrans.es\/wp-content\/uploads\/2023\/09\/F6pCDZnW8AAwnfN-724x1024.jpg 724w, https:\/\/plataformatrans.es\/wp-content\/uploads\/2023\/09\/F6pCDZnW8AAwnfN-768x1086.jpg 768w, https:\/\/plataformatrans.es\/wp-content\/uploads\/2023\/09\/F6pCDZnW8AAwnfN-1086x1536.jpg 1086w\" sizes=\"auto, (max-width: 1131px) 100vw, 1131px\" \/><\/strong><\/p>\n<p>\ud835\ude4b\ud835\ude56\ud835\ude67\ud835\ude56\ud835\ude67 \ud835\ude5a\ud835\ude61 \ud835\ude64\ud835\ude59\ud835\ude5e\ud835\ude64 \ud835\ude5d\ud835\ude56\ud835\ude58\ud835\ude5e\ud835\ude56 \ud835\ude61\ud835\ude56\ud835\ude68 \ud835\ude65\ud835\ude5a\ud835\ude67\ud835\ude68\ud835\ude64\ud835\ude63\ud835\ude56\ud835\ude68 \ud835\ude69\ud835\ude67\ud835\ude56\ud835\ude63\ud835\ude68, \ud835\ude5a\ud835\ude68 \ud835\ude58\ud835\ude5a\ud835\ude67\ud835\ude67\ud835\ude56\ud835\ude67 \ud835\ude61\ud835\ude56\ud835\ude68 \ud835\ude65\ud835\ude6a\ud835\ude5a\ud835\ude67\ud835\ude69\ud835\ude56\ud835\ude68 \ud835\ude56\ud835\ude61 \ud835\ude5b\ud835\ude56\ud835\ude68\ud835\ude58\ud835\ude5e\ud835\ude68\ud835\ude62\ud835\ude64<\/p>\n<p>\ud83d\udea8 67,6 % incremento de delitos de odio por orientaci\u00f3n e identidad de g\u00e9nero.<br \/>\n\ud83d\udea8 231.000 twits de car\u00e1cter transf\u00f3bico de 2021 a 2022<br \/>\n\ud83d\udea8 70% personas trans no se sienten aceptadas en el \u00e1mbito laboral<\/p>\n<p>\ud83d\udea8 86% de las personas trans han recibido violencia m\u00e1s de 2 veces en el \u00e1mbito laboral, hablamos de acoso.<\/p>\n<p>\ud83d\udea8 80% de los delitos por LGTBIfobia NO se denuncian<br \/>\n\ud83d\udea8 30% de personas LGTBI de 18 a\u00f1os en adelante ha sufrido, en los \u00faltimos cinco a\u00f1os, acoso.<br \/>\n\ud83d\udea8 27,5%, discriminaci\u00f3n<br \/>\n\ud83d\udea8 8,6% ha sido v\u00edctima de agresiones sexuales o f\u00edsicas.<\/p>\n<p>\ud83d\udea8 Palizas, amenazas y vejaciones, en las calles, transportes p\u00fablicos, centros de ocio, educativos y de trabajo, aumentan hacia las personas LGTBI y con m\u00e1s violencia e incremento a las personas trans.<\/p>\n<p>Lo que se traduce a vivir con p\u00e1nico, sentirse desprotegidas ante la inacci\u00f3n del estado, archivo de denuncias, todo ello, se percibe como una grave impunidad que normaliza la violencia y pone de manifiesto la necesidad de una respuesta social, pol\u00edtica y de un pacto de Estado, contra el LGTBI-Odio, que ponga en valor que el estado de derecho y la Constituci\u00f3n, tambien protege a las personas trans y LGTBI.<\/p>\n","protected":false},"excerpt":{"rendered":"<p>\ud835\ude4b\ud835\ude56\ud835\ude67\ud835\ude56\ud835\ude67 \ud835\ude5a\ud835\ude61 \ud835\ude64\ud835\ude59\ud835\ude5e\ud835\ude64 \ud835\ude5d\ud835\ude56\ud835\ude58\ud835\ude5e\ud835\ude56 \ud835\ude61\ud835\ude56\ud835\ude68 \ud835\ude65\ud835\ude5a\ud835\ude67\ud835\ude68\ud835\ude64\ud835\ude63\ud835\ude56\ud835\ude68 \ud835\ude69\ud835\ude67\ud835\ude56\ud835\ude63\ud835\ude68, \ud835\ude5a\ud835\ude68 \ud835\ude58\ud835\ude5a\ud835\ude67\ud835\ude67\ud835\ude56\ud835\ude67 \ud835\ude61\ud835\ude56\ud835\ude68 \ud835\ude65\ud835\ude6a\ud835\ude5a\ud835\ude67\ud835\ude69\ud835\ude56\ud835\ude68 \ud835\ude56\ud835\ude61 \ud835\ude5b\ud835\ude56\ud835\ude68\ud835\ude58\ud835\ude5e\ud835\ude68\ud835\ude62\ud835\ude64\u00a0<\/p>\n","protected":false},"author":1,"featured_media":950,"comment_status":"open","ping_status":"open","sticky":false,"template":"","format":"standard","meta":{"footnotes":""},"categories":[9,30],"tags":[],"class_list":["post-949","post","type-post","status-publish","format-standard","has-post-thumbnail","hentry","category-agenda","category-en_portada"],"brizy_media":[],"_links":{"self":[{"href":"https:\/\/plataformatrans.es\/index.php\/wp-json\/wp\/v2\/posts\/949","targetHints":{"allow":["GET"]}}],"collection":[{"href":"https:\/\/plataformatrans.es\/index.php\/wp-json\/wp\/v2\/posts"}],"about":[{"href":"https:\/\/plataformatrans.es\/index.php\/wp-json\/wp\/v2\/types\/post"}],"author":[{"embeddable":true,"href":"https:\/\/plataformatrans.es\/index.php\/wp-json\/wp\/v2\/users\/1"}],"replies":[{"embeddable":true,"href":"https:\/\/plataformatrans.es\/index.php\/wp-json\/wp\/v2\/comments?post=949"}],"version-history":[{"count":1,"href":"https:\/\/plataformatrans.es\/index.php\/wp-json\/wp\/v2\/posts\/949\/revisions"}],"predecessor-version":[{"id":951,"href":"https:\/\/plataformatrans.es\/index.php\/wp-json\/wp\/v2\/posts\/949\/revisions\/951"}],"wp:featuredmedia":[{"embeddable":true,"href":"https:\/\/plataformatrans.es\/index.php\/wp-json\/wp\/v2\/media\/950"}],"wp:attachment":[{"href":"https:\/\/plataformatrans.es\/index.php\/wp-json\/wp\/v2\/media?parent=949"}],"wp:term":[{"taxonomy":"category","embeddable":true,"href":"https:\/\/plataformatrans.es\/index.php\/wp-json\/wp\/v2\/categories?post=949"},{"taxonomy":"post_tag","embeddable":true,"href":"https:\/\/plataformatrans.es\/index.php\/wp-json\/wp\/v2\/tags?post=949"}],"curies":[{"name":"wp","href":"https:\/\/api.w.org\/{rel}","templated":true}]}}