{"id":944,"date":"2023-09-19T18:58:04","date_gmt":"2023-09-19T16:58:04","guid":{"rendered":"http:\/\/plataformatrans.es\/?p=944"},"modified":"2023-09-28T17:50:37","modified_gmt":"2023-09-28T15:50:37","slug":"la-asociacion-trans-de-andalucia-condena-la-agresion-ocurrida-en-atarfe-y-pide-inmediata-detencion-de-autores","status":"publish","type":"post","link":"https:\/\/plataformatrans.es\/index.php\/2023\/09\/19\/la-asociacion-trans-de-andalucia-condena-la-agresion-ocurrida-en-atarfe-y-pide-inmediata-detencion-de-autores\/","title":{"rendered":"La Asociaci\u00f3n Trans de Andaluc\u00eda condena la agresi\u00f3n ocurrida en Atarfe y pide \u00abinmediata detenci\u00f3n\u00bb de autores"},"content":{"rendered":"<pre id=\"1106086853\" class=\"dmNewParagraph\" data-blog-template=\"bind-title\" data-binding=\"W3siYmluZGluZ05hbWUiOiJ0ZXh0IiwidmFsdWUiOiJibG9nLnRpdGxlIn1d\"><strong>La Asociaci\u00f3n Trans de Andaluc\u00eda condena la agresi\u00f3n ocurrida en Atarfe y pide \"inmediata detenci\u00f3n\" de autores<\/strong><\/pre>\n<div id=\"1980428189\" class=\"dmNewParagraph\" data-blog-template=\"bind-author\" data-binding=\"W3siYmluZGluZ05hbWUiOiJ0ZXh0IiwidmFsdWUiOiJibG9nLmNvbXBvc2VkQXV0aG9yIn1d\" data-diy-text=\"\">Por ATA-Sylvia Rivera<\/div>\n<div data-blog-template=\"bind-author\" data-binding=\"W3siYmluZGluZ05hbWUiOiJ0ZXh0IiwidmFsdWUiOiJibG9nLmNvbXBvc2VkQXV0aG9yIn1d\" data-diy-text=\"\"><\/div>\n<div id=\"1471232539\" class=\"dmRespRow u_1471232539 blog-post-row\">\n<div id=\"1292474755\" class=\"dmRespColsWrapper\">\n<div id=\"1668470589\" class=\"dmRespCol large-12 medium-12 small-12 u_1668470589\">\n<pre id=\"1700776665\" class=\"dmNewParagraph\" data-element-type=\"paragraph\">La\u00a0<b>Asociaci\u00f3n Trans de Andaluc\u00eda (ATA-Sylvia Rivera)<\/b>\u00a0ha condenado \"en\u00e9rgicamente\" la\u00a0<b>agresi\u00f3n que ha sufrido una vecina\r\ntransexual del municipio granadino de Atarfe<\/b>\u00a0y ha trasladado un mensaje de apoyo a su familia y se han puesto a su \r\ndisposici\u00f3n.<\/pre>\n<\/div>\n<div class=\"dmRespCol large-12 medium-12 small-12 u_1668470589\">\n<div id=\"1250789679\" class=\"u_1250789679 dmNewParagraph\" data-element-type=\"paragraph\">\n<div>Desde ATA Sylvia Rivera han pedido en un comunicado \u00ab<b>la inmediata detenci\u00f3n y puesta a disposici\u00f3n judicial<\/b>\u00bb de los autores del ataque, que seg\u00fan han relatado desde el entrono familiar, \u00ab<b>se trata de las mismas personas que ya le infringieron otra agresi\u00f3n similar poco antes del verano<\/b>\u00a0y han venido protagonizando episodios de\u00a0<b>hostigamiento hacia ella por motivo de su identidad de g\u00e9nero<\/b>, por lo que se tiene que contemplar como un delito de odio\u00bb.<\/div>\n<div><\/div>\n<div>Para la presidenta de la asociaci\u00f3n, Mar Cambroll\u00e9, \u00ab<b>es alarmante que ante el reiterado acoso, hostigamiento y violencia brutal que esta mujer est\u00e1 viviendo en su municipio, por parte de personas ya identificadas, la Guardia Civil ni siquiera haya detenido a los autores de la agresi\u00f3n<\/b>. La inacci\u00f3n de las autoridades lanza un mensaje de impunidad y como se est\u00e1 viendo, abre &#8216;el coto de caza&#8217; hacia las personas trans\u00bb.<\/div>\n<div><\/div>\n<div>Cambroll\u00e9 recuerda que \u00ab<b>en los \u00faltimos a\u00f1os, las personas trans estamos viviendo una campa\u00f1a de odio<\/b>\u00a0difundida a trav\u00e9s de diferentes medios a la que no se ha puesto freno.\u00a0<b>El propio Ministerio del Interior ha reconocido en su \u00faltimo informe sobre los Delitos de Odio en Espa\u00f1a el aumento exponencial de las agresiones por transfobia producido por el auge de discursos de odio hacia las personas trans<\/b>\u00ab.<\/div>\n<div><\/div>\n<div>\u00abEs inadmisible que en un Estado de Derecho y en plena democracia las personas trans y nuestras familias vivamos con miedo y las instituciones no nos protejan, esto requiere de una respuesta urgente por parte del Estado\u00bb, ha reclamado, asegurando que en los pr\u00f3ximos d\u00edas se van a reunir con el Fiscal de Delitos de Odio y Discriminaci\u00f3n para abordar esta situaci\u00f3n.<\/div>\n<\/div>\n<\/div>\n<\/div>\n<div><\/div>\n<div><span style=\"color: rgba(129, 129, 129, 0.8); font-size: 24px; font-style: italic;\">\u26d4\ufe0f <\/span><a style=\"font-size: 24px; font-style: italic;\" href=\"https:\/\/twitter.com\/hashtag\/StopTransOdio?src=hash&amp;ref_src=twsrc%5Etfw\">#StopTransOdio<\/a><span style=\"color: rgba(129, 129, 129, 0.8); font-size: 24px; font-style: italic;\"> \ud83c\udff3\ufe0f\u200d\u26a7\ufe0f<\/span><\/div>\n<\/div>\n<blockquote class=\"twitter-tweet\">\n<p dir=\"ltr\" lang=\"es\">A estas situaciones nos est\u00e1n llevando la impunidad de los discursos de odio en redes sociales, los bulos y la difusi\u00f3n de los mismos en medios conservadores y amarillistas.<br \/>\nEsta grave situaci\u00f3n obliga a una respuesta pol\u00edtica y de estado.<br \/>\nLas vidas trans,\u2026 <a href=\"https:\/\/t.co\/HF5hAjnEsJ\">pic.twitter.com\/HF5hAjnEsJ<\/a><\/p>\n<p>\u2014 \ud83d\udd3bMar Cambroll\u00e9 \ud83c\udff3\ufe0f\u200d\u26a7\ufe0f Hay Ley Trans (@CambrolleMar) <a href=\"https:\/\/twitter.com\/CambrolleMar\/status\/1703110888805298565?ref_src=twsrc%5Etfw\">September 16, 2023<\/a><\/p><\/blockquote>\n<p><script async src=\"https:\/\/platform.twitter.com\/widgets.js\" charset=\"utf-8\"><\/script><\/p>\n","protected":false},"excerpt":{"rendered":"<p>La\u00a0Asociaci\u00f3n Trans de Andaluc\u00eda (ATA-Sylvia Rivera)\u00a0ha condenado \u00aben\u00e9rgicamente\u00bb la\u00a0agresi\u00f3n que ha sufrido una vecina<br \/>\ntransexual del municipio granadino de Atarfe\u00a0y ha trasladado un mensaje de apoyo a su familia y se han puesto a su<br \/>\ndisposici\u00f3n.<\/p>\n","protected":false},"author":1,"featured_media":945,"comment_status":"open","ping_status":"open","sticky":false,"template":"","format":"standard","meta":{"footnotes":""},"categories":[16,30,15],"tags":[],"class_list":["post-944","post","type-post","status-publish","format-standard","has-post-thumbnail","hentry","category-comunicados-entidades","category-en_portada","category-noticias"],"brizy_media":[],"_links":{"self":[{"href":"https:\/\/plataformatrans.es\/index.php\/wp-json\/wp\/v2\/posts\/944","targetHints":{"allow":["GET"]}}],"collection":[{"href":"https:\/\/plataformatrans.es\/index.php\/wp-json\/wp\/v2\/posts"}],"about":[{"href":"https:\/\/plataformatrans.es\/index.php\/wp-json\/wp\/v2\/types\/post"}],"author":[{"embeddable":true,"href":"https:\/\/plataformatrans.es\/index.php\/wp-json\/wp\/v2\/users\/1"}],"replies":[{"embeddable":true,"href":"https:\/\/plataformatrans.es\/index.php\/wp-json\/wp\/v2\/comments?post=944"}],"version-history":[{"count":3,"href":"https:\/\/plataformatrans.es\/index.php\/wp-json\/wp\/v2\/posts\/944\/revisions"}],"predecessor-version":[{"id":948,"href":"https:\/\/plataformatrans.es\/index.php\/wp-json\/wp\/v2\/posts\/944\/revisions\/948"}],"wp:featuredmedia":[{"embeddable":true,"href":"https:\/\/plataformatrans.es\/index.php\/wp-json\/wp\/v2\/media\/945"}],"wp:attachment":[{"href":"https:\/\/plataformatrans.es\/index.php\/wp-json\/wp\/v2\/media?parent=944"}],"wp:term":[{"taxonomy":"category","embeddable":true,"href":"https:\/\/plataformatrans.es\/index.php\/wp-json\/wp\/v2\/categories?post=944"},{"taxonomy":"post_tag","embeddable":true,"href":"https:\/\/plataformatrans.es\/index.php\/wp-json\/wp\/v2\/tags?post=944"}],"curies":[{"name":"wp","href":"https:\/\/api.w.org\/{rel}","templated":true}]}}