{"id":932,"date":"2023-09-11T21:55:38","date_gmt":"2023-09-11T19:55:38","guid":{"rendered":"http:\/\/plataformatrans.es\/?p=932"},"modified":"2025-12-22T14:52:31","modified_gmt":"2025-12-22T12:52:31","slug":"actividades-de-septiembre-del-espacio-trans-barcelona","status":"publish","type":"post","link":"https:\/\/plataformatrans.es\/index.php\/2023\/09\/11\/actividades-de-septiembre-del-espacio-trans-barcelona\/","title":{"rendered":"Actividades de septiembre del Espacio Trans &#8211; Barcelona"},"content":{"rendered":"<p><strong>Actividades de septiembre del Espacio Trans &#8211; Barcelona<\/strong><\/p>\n<blockquote class=\"twitter-tweet\" data-width=\"550\" data-dnt=\"true\">\n<p lang=\"es\" dir=\"ltr\">\ud83d\udce2ATENCI\u00d3N, ATENCI\u00d3N !!<br \/>Tenemos buenas noticias !!!\ud83c\udf89<\/p>\n<p>\ud83d\udd0aVa a empezar el ESPACIO TRANS de BARCELONA\u2757 \u2757\ud83d\udd1d<\/p>\n<p>En SEPTIEMBRE realizaremos dos GRUPOS DE AUTOAPOYO\u2757\u2757<\/p>\n<p>\ud83c\udf08T&#39;ESPEREM!\ud83d\udc4f<\/p>\n<p>Contacta amb Nosotrans<br \/>\ud83d\udce8espaciotrans@plataformatrans.es<\/p>\n<p>\ud83d\udd36colabora <a href=\"https:\/\/twitter.com\/IgualdadGob?ref_src=twsrc%5Etfw\">@igualdadgob<\/a>\ud83e\udd1d <a href=\"https:\/\/t.co\/OD4rEWpC3U\">pic.twitter.com\/OD4rEWpC3U<\/a><\/p>\n<p>&mdash; Plataforma Trans \ud83c\udff3\ufe0f\u200d\u26a7\ufe0f Habr\u00e1 Ley Trans (@PlataformaTrans) <a href=\"https:\/\/twitter.com\/PlataformaTrans\/status\/1701144934407872725?ref_src=twsrc%5Etfw\">September 11, 2023<\/a><\/p><\/blockquote>\n<p><script async src=\"https:\/\/platform.twitter.com\/widgets.js\" charset=\"utf-8\"><\/script><\/p>\n<blockquote class=\"twitter-tweet\" data-width=\"550\" data-dnt=\"true\">\n<p lang=\"ca\" dir=\"ltr\">\ud83d\udcafESPAI TRANS BARCELONA\ud83c\udf10\u2757\ud83c\udf08<\/p>\n<p>\ud83d\udd1cDimecres, 20 Setembre<br \/>\ud83d\udccdCarrer del Comte Borrell, 22 BARCELONA<br \/>\ud83d\udd6017:30 p.m<br \/>\ud83d\ude87L3 poble sec<\/p>\n<p>\ud83d\udca0Necessites informaci\u00f3, seguiment o acompanyament en algun tr\u00e0mit que vulguis comen\u00c7ar?\ud83d\udca0<\/p>\n<p>VINE&#39;T !!! <a href=\"https:\/\/t.co\/YX9YC5xso8\">pic.twitter.com\/YX9YC5xso8<\/a><\/p>\n<p>&mdash; Plataforma Trans \ud83c\udff3\ufe0f\u200d\u26a7\ufe0f Habr\u00e1 Ley Trans (@PlataformaTrans) <a href=\"https:\/\/twitter.com\/PlataformaTrans\/status\/1701153270733979769?ref_src=twsrc%5Etfw\">September 11, 2023<\/a><\/p><\/blockquote>\n<p><script async src=\"https:\/\/platform.twitter.com\/widgets.js\" charset=\"utf-8\"><\/script><\/p>\n","protected":false},"excerpt":{"rendered":"<p>Actividades de septiembre del Espacio Trans &#8211; Barcelona \ud83d\udce2ATENCI\u00d3N, ATENCI\u00d3N !!Tenemos buenas noticias !!!\ud83c\udf89 \ud83d\udd0aVa a empezar el ESPACIO TRANS de BARCELONA\u2757 \u2757\ud83d\udd1d En SEPTIEMBRE realizaremos dos GRUPOS DE AUTOAPOYO\u2757\u2757 \ud83c\udf08T&#39;ESPEREM!\ud83d\udc4f Contacta amb Nosotrans\ud83d\udce8espaciotrans@plataformatrans.es \ud83d\udd36colabora @igualdadgob\ud83e\udd1d pic.twitter.com\/OD4rEWpC3U &mdash; Plataforma Trans \ud83c\udff3\ufe0f\u200d\u26a7\ufe0f Habr\u00e1 Ley Trans (@PlataformaTrans) September 11, 2023 \ud83d\udcafESPAI TRANS BARCELONA\ud83c\udf10\u2757\ud83c\udf08 \ud83d\udd1cDimecres, 20 Setembre\ud83d\udccdCarrer del [&hellip;]<\/p>\n","protected":false},"author":1,"featured_media":933,"comment_status":"open","ping_status":"open","sticky":false,"template":"","format":"standard","meta":{"footnotes":""},"categories":[9,30,44],"tags":[],"class_list":["post-932","post","type-post","status-publish","format-standard","has-post-thumbnail","hentry","category-agenda","category-en_portada","category-espacio-trans"],"brizy_media":[],"_links":{"self":[{"href":"https:\/\/plataformatrans.es\/index.php\/wp-json\/wp\/v2\/posts\/932","targetHints":{"allow":["GET"]}}],"collection":[{"href":"https:\/\/plataformatrans.es\/index.php\/wp-json\/wp\/v2\/posts"}],"about":[{"href":"https:\/\/plataformatrans.es\/index.php\/wp-json\/wp\/v2\/types\/post"}],"author":[{"embeddable":true,"href":"https:\/\/plataformatrans.es\/index.php\/wp-json\/wp\/v2\/users\/1"}],"replies":[{"embeddable":true,"href":"https:\/\/plataformatrans.es\/index.php\/wp-json\/wp\/v2\/comments?post=932"}],"version-history":[{"count":2,"href":"https:\/\/plataformatrans.es\/index.php\/wp-json\/wp\/v2\/posts\/932\/revisions"}],"predecessor-version":[{"id":935,"href":"https:\/\/plataformatrans.es\/index.php\/wp-json\/wp\/v2\/posts\/932\/revisions\/935"}],"wp:featuredmedia":[{"embeddable":true,"href":"https:\/\/plataformatrans.es\/index.php\/wp-json\/wp\/v2\/media\/933"}],"wp:attachment":[{"href":"https:\/\/plataformatrans.es\/index.php\/wp-json\/wp\/v2\/media?parent=932"}],"wp:term":[{"taxonomy":"category","embeddable":true,"href":"https:\/\/plataformatrans.es\/index.php\/wp-json\/wp\/v2\/categories?post=932"},{"taxonomy":"post_tag","embeddable":true,"href":"https:\/\/plataformatrans.es\/index.php\/wp-json\/wp\/v2\/tags?post=932"}],"curies":[{"name":"wp","href":"https:\/\/api.w.org\/{rel}","templated":true}]}}