{"id":875,"date":"2023-08-22T21:19:00","date_gmt":"2023-08-22T19:19:00","guid":{"rendered":"http:\/\/plataformatrans.es\/?p=875"},"modified":"2025-12-22T14:43:34","modified_gmt":"2025-12-22T12:43:34","slug":"crece-la-violencia-y-odio-contra-las-personas-trans-en-europa","status":"publish","type":"post","link":"https:\/\/plataformatrans.es\/index.php\/2023\/08\/22\/crece-la-violencia-y-odio-contra-las-personas-trans-en-europa\/","title":{"rendered":"Crece la violencia y odio contra las personas trans en Europa"},"content":{"rendered":"<article class=\"col-md-12\">\n<div class=\"row\">\n<div class=\"col-md-12\">\n<div class=\"header-articulo\">\n<h3>Crece la violencia y odio contra las personas trans en Europa<\/h3>\n<\/div>\n<\/div>\n<\/div>\n<\/article>\n<article class=\"col-lg-8\">\n<div class=\"header-cuerpo-articulo\">\n<p><em>Por Agustina Quaranta<\/em><\/p>\n<p>El informe \u00abMonitoreo de Asesinatos Trans\u00bb del Observatorio de Personas Trans Asesinadas demostr\u00f3 que, entre el 1 de octubre de 2021 y el 30 de septiembre de 2022, en 44 pa\u00edses se reportaron 327 homicidios de personas trans.<\/p>\n<\/div>\n<div class=\"row\">\n<div class=\"col-md-8 autor-articulo\">\n<div class=\"autor-articulo\">\n<div class=\"d-flex autor-articulo-box\">\n<p>Entre las caracter\u00edsticas encontradas en sus muertes, se identific\u00f3 que el 95% eran mujeres trans o personas transfemeninas. El 50% del total se dedicaba al trabajo sexual y el 36% eran migrantes.<\/p>\n<\/div>\n<\/div>\n<\/div>\n<\/div>\n<div class=\"articulo\">\n<div class=\"col-md-10 offset-md-1\">\n<p>Las trans tenemos la tasa de suicidio m\u00e1s alta dentro de la comunidad LGBT. Los suicidios entre la poblaci\u00f3n de adolescentes y adultos trans han aumentado, los movimientos migratorios para huir de la represi\u00f3n de pa\u00edses oponentes a nuestras leyes se han intensificado. Muchas personas trans se encuentran tambi\u00e9n con que las autoridades del Estado de acogida no reconocen su identidad de g\u00e9nero, trat\u00e1ndolas con un g\u00e9nero que no es con el que se identifican. En 2020, el m\u00e1ximo tribunal comunitario conden\u00f3 a Hungr\u00eda por esta raz\u00f3n.<\/p>\n<p>En muchos pa\u00edses de la UE la situaci\u00f3n ha pasado a ser especialmente preocupante a medida que la ret\u00f3rica de odio, la pol\u00edtica polarizada y los argumentos falaces se han unido en un clima de inseguridad y hostilidad.<\/p>\n<blockquote class=\"spip\"><p><span style=\"font-size: 16px; font-weight: 900; color: #333333;\">El odio pol\u00edtico<\/span><\/p><\/blockquote>\n<p>El delito de odio no es la \u00fanica forma de discriminaci\u00f3n que sufrimos las personas trans. Somos un blanco f\u00e1cil para los pol\u00edticos de derechas, ya que prevalece la incomprensi\u00f3n sobre cu\u00e1les son nuestras realidades.<\/p>\n<p>En los 54 pa\u00edses en los que est\u00e1n presentes las organizaciones afiliadas a ILGA-Europa, uno de los principales motivos de preocupaci\u00f3n es la situaci\u00f3n de las personas trans que, seg\u00fan los informes, se enfrentan a una \u00abenorme represi\u00f3n violenta\u00bb y a obst\u00e1culos jur\u00eddicos persistentes. Esto se debe a que solemos solicitar un reconocimiento legal de nuestro g\u00e9nero sentido, que difiere del que se nos asign\u00f3 al nacer.<\/p>\n<p>Este proceso se debe realizar mediante la expedici\u00f3n de un nuevo documento, conocido como reconocimiento de g\u00e9nero. El caso es que es distinto en toda Europa, ya que algunos Estados ofrecen la autoidentificaci\u00f3n para facilitar el cambio, mientras que otros nos exigen un diagn\u00f3stico m\u00e9dico de disforia de g\u00e9nero. En la mayor\u00eda de los pa\u00edses europeos, las personas transg\u00e9nero no podemos obtener el reconocimiento legal sin someternos a una lista de requisitos que pueden incluir diagn\u00f3stico psiqui\u00e1trico, esterilizaci\u00f3n, cirug\u00eda genital y divorcio.<\/p>\n<h6 class=\"spip\">Reino Unido<\/h6>\n<p>Es un debate agresivo y constante lo que sucede en Reino Unido que logr\u00f3 bloquear el nuevo proyecto de ley de reconocimiento de g\u00e9nero de Escocia. En pa\u00edses como Irlanda las lagunas en la legislaci\u00f3n nacional hacen que el cambio de sexo legal sea imposible para las personas transg\u00e9nero.<\/p>\n<p>En muchos pa\u00edses, entre los que se encuentran B\u00e9lgica, Francia, Finlandia, Noruega y Turqu\u00eda, las personas transg\u00e9nero -que no deseamos someternos a operaciones quir\u00fargicas de esterilizaci\u00f3n y reasignaci\u00f3n de sexo- no tenemos permitido cambiar de sexo en el certificado de nacimiento.<\/p>\n<h6 class=\"spip\">Alemania<\/h6>\n<p>En los \u00faltimos a\u00f1os se impone como pa\u00eds que acoge la comunidad LGBTI, pero aqu\u00ed tambi\u00e9n para cambiar legalmente de g\u00e9nero es necesario un diagn\u00f3stico m\u00e9dico. Es decir: otra persona tiene que certificar.<\/p>\n<p>La violencia tambi\u00e9n se genera con la vulnerabilidad de derechos en personas Trans. \u201cCualquiera que sea la libertad por la que luchamos, debe ser una libertad con igualdad. La libertad es una condici\u00f3n que depende de la igualdad para cumplirse\u201d.<\/p>\n<p><a href=\"https:\/\/www.laizquierdadiario.com\/Crece-la-violencia-y-odio-contra-las-personas-trans-en-Europa?utm_source=lid&amp;utm_medium=tg&amp;utm_campaign=article-social-actions\u00f1\">https:\/\/www.laizquierdadiario.com\/Crece-la-violencia-y-odio-contra-las-personas-trans-en-Europa?utm_source=lid&amp;utm_medium=tg&amp;utm_campaign=article-social-actions\u00f1<\/a><\/p>\n<\/div>\n<\/div>\n<\/article>\n","protected":false},"excerpt":{"rendered":"<p>Crece la violencia y odio contra las personas trans en Europa Por Agustina Quaranta El informe \u00abMonitoreo de Asesinatos Trans\u00bb del Observatorio de Personas Trans Asesinadas demostr\u00f3 que, entre el 1 de octubre de 2021 y el 30 de septiembre de 2022, en 44 pa\u00edses se reportaron 327 homicidios de personas trans. Entre las caracter\u00edsticas [&hellip;]<\/p>\n","protected":false},"author":1,"featured_media":876,"comment_status":"open","ping_status":"open","sticky":false,"template":"","format":"standard","meta":{"footnotes":""},"categories":[30,43,15],"tags":[],"class_list":["post-875","post","type-post","status-publish","format-standard","has-post-thumbnail","hentry","category-en_portada","category-internacional","category-noticias"],"brizy_media":[],"_links":{"self":[{"href":"https:\/\/plataformatrans.es\/index.php\/wp-json\/wp\/v2\/posts\/875","targetHints":{"allow":["GET"]}}],"collection":[{"href":"https:\/\/plataformatrans.es\/index.php\/wp-json\/wp\/v2\/posts"}],"about":[{"href":"https:\/\/plataformatrans.es\/index.php\/wp-json\/wp\/v2\/types\/post"}],"author":[{"embeddable":true,"href":"https:\/\/plataformatrans.es\/index.php\/wp-json\/wp\/v2\/users\/1"}],"replies":[{"embeddable":true,"href":"https:\/\/plataformatrans.es\/index.php\/wp-json\/wp\/v2\/comments?post=875"}],"version-history":[{"count":2,"href":"https:\/\/plataformatrans.es\/index.php\/wp-json\/wp\/v2\/posts\/875\/revisions"}],"predecessor-version":[{"id":880,"href":"https:\/\/plataformatrans.es\/index.php\/wp-json\/wp\/v2\/posts\/875\/revisions\/880"}],"wp:featuredmedia":[{"embeddable":true,"href":"https:\/\/plataformatrans.es\/index.php\/wp-json\/wp\/v2\/media\/876"}],"wp:attachment":[{"href":"https:\/\/plataformatrans.es\/index.php\/wp-json\/wp\/v2\/media?parent=875"}],"wp:term":[{"taxonomy":"category","embeddable":true,"href":"https:\/\/plataformatrans.es\/index.php\/wp-json\/wp\/v2\/categories?post=875"},{"taxonomy":"post_tag","embeddable":true,"href":"https:\/\/plataformatrans.es\/index.php\/wp-json\/wp\/v2\/tags?post=875"}],"curies":[{"name":"wp","href":"https:\/\/api.w.org\/{rel}","templated":true}]}}