{"id":867,"date":"2023-08-17T23:15:19","date_gmt":"2023-08-17T21:15:19","guid":{"rendered":"https:\/\/plataformatrans.es\/?p=867"},"modified":"2025-12-22T14:43:34","modified_gmt":"2025-12-22T12:43:34","slug":"world-acquatics-crea-la-categoria-open-en-plena-polemica-por-las-personas-trans-deportistas","status":"publish","type":"post","link":"https:\/\/plataformatrans.es\/index.php\/2023\/08\/17\/world-acquatics-crea-la-categoria-open-en-plena-polemica-por-las-personas-trans-deportistas\/","title":{"rendered":"World Acquatics crea la categor\u00eda Open en plena pol\u00e9mica por las personas trans deportistas"},"content":{"rendered":"<div class=\"row\">\n<div class=\"col-md-10 col-12\">\n<div class=\"art__hdl\">\n<h2 class=\"art__hdl__opn\">World Acquatics crea la categor\u00eda Open en plena pol\u00e9mica por las personas trans deportistas<\/h2>\n<p>La m\u00e1xima instituci\u00f3n de la nataci\u00f3n ha anunciado la creaci\u00f3n de esta clase \u201cpara nadadores de todos los sexos\u201d en la pr\u00f3xima Copa del Mundo de Berl\u00edn.<\/p>\n<\/div>\n<div class=\"row\">\n<div class=\"col-md-8 col-12\">\n<div class=\"art__m-cnt\">\n<div class=\"art__bo is-unfolded\">\n<p class=\"\"><b>World Aquatics, la Federaci\u00f3n Internacional de Nataci\u00f3n, ha anunciado este mi\u00e9rcoles una novedad que podr\u00eda revolucionar el deporte mundial\u00a0<\/b>en plena pol\u00e9mica por la entrada en competici\u00f3n de deportistas transexuales.<\/p>\n<p class=\"\"><a href=\"https:\/\/www.worldaquatics.com\/news\/3636298\/world-aquatics-debuts-open-category-at-berlin-swimming-world-cup-2023\" target=\"_blank\" rel=\"noopener\" data-mrf-link=\"https:\/\/www.worldaquatics.com\/news\/3636298\/world-aquatics-debuts-open-category-at-berlin-swimming-world-cup-2023\">El m\u00e1ximo organismo de la nataci\u00f3n ha anunciado\u00a0<b>la creaci\u00f3n de la categor\u00eda Open en la pr\u00f3xima Copa del Mundo de Berl\u00edn<\/b><\/a>\u00a0que se celebrar\u00e1 del 6 al 8 de octubre. Desde la instituci\u00f3n se\u00f1alan que con este proyecto piloto\u00a0<b>World Acquatics \u201cdestaca su compromiso inquebrantable con la inclusi\u00f3n, dando lugar a nadadores de todos los sexos e identidades de g\u00e9nero\u201d.\u00a0<\/b>En su comunicado World Acquatics tambi\u00e9n subraya que la Copa del Mundo de Berl\u00edn incluir\u00e1 en categor\u00eda Open las<b>\u00a0pruebas de 50 y 100 metros de todos los estilos y que \u00e9stas se celebrar\u00e1n en una piscina ol\u00edmpica de 50 metros.<\/b><\/p>\n<div class=\"ext ext-embed\" data-oembed-type=\"twitter\">\n<div class=\"twitter-tweet twitter-tweet-rendered\"><iframe id=\"twitter-widget-0\" class=\"\" title=\"Twitter Tweet\" src=\"https:\/\/platform.twitter.com\/embed\/Tweet.html?creatorScreenName=diarioas&amp;dnt=false&amp;embedId=twitter-widget-0&amp;features=eyJ0ZndfdGltZWxpbmVfbGlzdCI6eyJidWNrZXQiOltdLCJ2ZXJzaW9uIjpudWxsfSwidGZ3X2ZvbGxvd2VyX2NvdW50X3N1bnNldCI6eyJidWNrZXQiOnRydWUsInZlcnNpb24iOm51bGx9LCJ0ZndfdHdlZXRfZWRpdF9iYWNrZW5kIjp7ImJ1Y2tldCI6Im9uIiwidmVyc2lvbiI6bnVsbH0sInRmd19yZWZzcmNfc2Vzc2lvbiI6eyJidWNrZXQiOiJvbiIsInZlcnNpb24iOm51bGx9LCJ0ZndfZm9zbnJfc29mdF9pbnRlcnZlbnRpb25zX2VuYWJsZWQiOnsiYnVja2V0Ijoib24iLCJ2ZXJzaW9uIjpudWxsfSwidGZ3X21peGVkX21lZGlhXzE1ODk3Ijp7ImJ1Y2tldCI6InRyZWF0bWVudCIsInZlcnNpb24iOm51bGx9LCJ0ZndfZXhwZXJpbWVudHNfY29va2llX2V4cGlyYXRpb24iOnsiYnVja2V0IjoxMjA5NjAwLCJ2ZXJzaW9uIjpudWxsfSwidGZ3X3Nob3dfYmlyZHdhdGNoX3Bpdm90c19lbmFibGVkIjp7ImJ1Y2tldCI6Im9uIiwidmVyc2lvbiI6bnVsbH0sInRmd19kdXBsaWNhdGVfc2NyaWJlc190b19zZXR0aW5ncyI6eyJidWNrZXQiOiJvbiIsInZlcnNpb24iOm51bGx9LCJ0ZndfdXNlX3Byb2ZpbGVfaW1hZ2Vfc2hhcGVfZW5hYmxlZCI6eyJidWNrZXQiOiJvbiIsInZlcnNpb24iOm51bGx9LCJ0ZndfdmlkZW9faGxzX2R5bmFtaWNfbWFuaWZlc3RzXzE1MDgyIjp7ImJ1Y2tldCI6InRydWVfYml0cmF0ZSIsInZlcnNpb24iOm51bGx9LCJ0ZndfbGVnYWN5X3RpbWVsaW5lX3N1bnNldCI6eyJidWNrZXQiOnRydWUsInZlcnNpb24iOm51bGx9LCJ0ZndfdHdlZXRfZWRpdF9mcm9udGVuZCI6eyJidWNrZXQiOiJvbiIsInZlcnNpb24iOm51bGx9fQ%3D%3D&amp;frame=false&amp;hideCard=false&amp;hideThread=false&amp;id=1691744967276855772&amp;lang=es&amp;origin=https%3A%2F%2Fas.com%2Fmasdeporte%2Fpolideportivo%2Fworld-acquatics-crea-la-categoria-open-en-plena-polemica-por-los-deportistas-trans-n%2F&amp;sessionId=cfad52356b38bd8676b8515687b68bef5dd798a9&amp;siteScreenName=diarioas&amp;theme=light&amp;widgetsVersion=aaf4084522e3a%3A1674595607486&amp;width=550px\" frameborder=\"0\" scrolling=\"no\" allowfullscreen=\"allowfullscreen\" data-tweet-id=\"1691744967276855772\" data-mce-fragment=\"1\"><\/iframe><\/div>\n<\/div>\n<p class=\"\">Hussam Al-Musallam, presidente de World Acquatics, argumentaba de esta forma la creaci\u00f3n de esta nueva categor\u00eda.\u00a0<b>\u201cCuando World Acquatics aprob\u00f3 su pol\u00edtica de elegibilidad para las categor\u00edas masculina y femenina, nos comprometimos a explorar la creaci\u00f3n de una categor\u00eda abierta. Y fieles a nuestra palabra, un grupo de expertos ha trabajado para hacer esto realidad.\u00a0<\/b>Me gustar\u00eda agradecer a todos aquellos que han ayudado a World Acquatics a tener esta oportunidad\u201d.<\/p>\n<p class=\"\"><b>Esta nueva categor\u00eda abre una ventana para figuras como la estadounidense Lia Thomas, que se ha consolidado como una de las referentes trans en la nataci\u00f3n,<\/b>\u00a0y que ha sido muy cuestionada tras brillar en las pruebas femeninas de los campeonatos universitarios de Estados Unidos, y que ahora prodr\u00e1 demostrar ante el mundo su potencial en la nueva categor\u00eda Open.<\/p>\n<p><a href=\"https:\/\/as.com\/masdeporte\/polideportivo\/world-acquatics-crea-la-categoria-open-en-plena-polemica-por-los-deportistas-trans-n\/\">https:\/\/as.com\/masdeporte\/polideportivo\/world-acquatics-crea-la-categoria-open-en-plena-polemica-por-los-deportistas-trans-n\/<\/a><\/p>\n<\/div>\n<\/div>\n<\/div>\n<\/div>\n<\/div>\n<\/div>\n","protected":false},"excerpt":{"rendered":"<p>La m\u00e1xima instituci\u00f3n de la nataci\u00f3n ha anunciado la creaci\u00f3n de esta clase \u201cpara nadadores de todos los sexos\u201d en la pr\u00f3xima Copa del Mundo de Berl\u00edn.<\/p>\n","protected":false},"author":1,"featured_media":868,"comment_status":"open","ping_status":"open","sticky":false,"template":"","format":"standard","meta":{"footnotes":""},"categories":[30,43,15],"tags":[],"class_list":["post-867","post","type-post","status-publish","format-standard","has-post-thumbnail","hentry","category-en_portada","category-internacional","category-noticias"],"brizy_media":[],"_links":{"self":[{"href":"https:\/\/plataformatrans.es\/index.php\/wp-json\/wp\/v2\/posts\/867","targetHints":{"allow":["GET"]}}],"collection":[{"href":"https:\/\/plataformatrans.es\/index.php\/wp-json\/wp\/v2\/posts"}],"about":[{"href":"https:\/\/plataformatrans.es\/index.php\/wp-json\/wp\/v2\/types\/post"}],"author":[{"embeddable":true,"href":"https:\/\/plataformatrans.es\/index.php\/wp-json\/wp\/v2\/users\/1"}],"replies":[{"embeddable":true,"href":"https:\/\/plataformatrans.es\/index.php\/wp-json\/wp\/v2\/comments?post=867"}],"version-history":[{"count":2,"href":"https:\/\/plataformatrans.es\/index.php\/wp-json\/wp\/v2\/posts\/867\/revisions"}],"predecessor-version":[{"id":870,"href":"https:\/\/plataformatrans.es\/index.php\/wp-json\/wp\/v2\/posts\/867\/revisions\/870"}],"wp:featuredmedia":[{"embeddable":true,"href":"https:\/\/plataformatrans.es\/index.php\/wp-json\/wp\/v2\/media\/868"}],"wp:attachment":[{"href":"https:\/\/plataformatrans.es\/index.php\/wp-json\/wp\/v2\/media?parent=867"}],"wp:term":[{"taxonomy":"category","embeddable":true,"href":"https:\/\/plataformatrans.es\/index.php\/wp-json\/wp\/v2\/categories?post=867"},{"taxonomy":"post_tag","embeddable":true,"href":"https:\/\/plataformatrans.es\/index.php\/wp-json\/wp\/v2\/tags?post=867"}],"curies":[{"name":"wp","href":"https:\/\/api.w.org\/{rel}","templated":true}]}}