{"id":845,"date":"2023-08-03T13:17:49","date_gmt":"2023-08-03T11:17:49","guid":{"rendered":"http:\/\/plataformatrans.es\/?p=845"},"modified":"2023-08-03T13:17:49","modified_gmt":"2023-08-03T11:17:49","slug":"nenaza-maricona-engendro-monstruo-denuncian-una-agresion-transfoba-en-cartagena","status":"publish","type":"post","link":"https:\/\/plataformatrans.es\/index.php\/2023\/08\/03\/nenaza-maricona-engendro-monstruo-denuncian-una-agresion-transfoba-en-cartagena\/","title":{"rendered":"\u00abNenaza, maricona, engendro, monstruo\u00bb: denuncian una agresi\u00f3n tr\u00e1nsfoba en Cartagena"},"content":{"rendered":"<div class=\"bbnx-grid wrapper\">\n<div class=\"bbnx-grid-cell\">\n<div class=\"headline-article\">\n<h2 class=\"headline-article__extended-subtitle headline-article__extended-subtitle--item\">\u00abMe da miedo salir de noche sola\u00bb, manifiesta<\/h2>\n<\/div>\n<div class=\"article-entry-author\">\n<article class=\"article-author\">\n<div class=\"signature article-author--margin\">Por Ana Lucas<\/div>\n<\/article>\n<\/div>\n<\/div>\n<\/div>\n<div class=\"bbnx-grid wrapper\">\n<div class=\"row\">\n<div class=\"bbnx-grid-cell col-8 col-md-8 col-xs-12\">\n<div class=\"bbnx-module\">\n<div class=\"article-body \">\n<p class=\"article-body__text article-body__text--entry article-body__text-middle\">Una mujer trans de 26 a\u00f1os de edad ha denunciado en la<strong>\u00a0Comisar\u00eda de Polic\u00eda Nacional de Cartagena<\/strong>\u00a0haber sido\u00a0<strong>v\u00edctima de una agresi\u00f3n tr\u00e1nsfoba<\/strong>\u00a0en la v\u00eda p\u00fablica en la ciudad portuaria. La v\u00edctima asegura en su denuncia, a la que ha tenido acceso este La Opini\u00f3n, que dos j\u00f3venes a los que no conoc\u00eda de nada la empujaron en la calle,\u00a0<strong>la tiraron al suelo y le pegaron\u00a0<\/strong>en el cuello, los brazos y las piernas mientras\u00a0<strong>la insultaban con calificativos como \u00abtravelo de mierda, nenaza, maricona, engendro, monstruo\u00bb<\/strong>. Tras el ataque, \u00abme da miedo salir de noche sola\u00bb, cuenta la chica a este peri\u00f3dico.<\/p>\n<div class=\"article-body--seo-closed\">\n<p class=\"article-body__text \">Este episodio habr\u00eda sucedido, seg\u00fan explic\u00f3 la mujer, en el tramo que une la calle Jim\u00e9nez de la Espada con Ram\u00f3n y Cajal, sobre las<strong>\u00a0once y media de la noche del pasado domingo<\/strong>, 30 de julio, cuando ella se dirig\u00eda a su domicilio.<\/p>\n<p class=\"article-body__text \">Despu\u00e9s de pegarle, los sujetos echaron a correr, mientras su v\u00edctima segu\u00eda en el suelo, prosigue la denuncia. Ella no llam\u00f3 a Emergencias ni requiri\u00f3 presencia policial en el lugar: se fue a su casa y no dijo nada a su padre de lo que le hab\u00eda pasado. Sin embargo, esa misma noche comenz\u00f3 a encontrarse muy mal:\u00a0<strong>le dol\u00eda mucho el cuello, lo sent\u00eda \u00abcomo un bloque de hormig\u00f3n\u00bb<\/strong>, dijo a la Polic\u00eda Nacional en la denuncia, interpuesta este martes por la tarde.<\/p>\n<div id=\"nlt_signup_botton\" class=\"article-body__text nx-piano--offer nx-piano--offer--signup-button-body\">\n<div class=\"tp-container-inner\">La v\u00edctima acab\u00f3 <strong>yendo ella sola al hospital<\/strong>. Una vez ah\u00ed, precisa la denuncia, se sinti\u00f3 \u00abinc\u00f3moda por la situaci\u00f3n vivida\u00bb y tampoco comunic\u00f3 a la doctora lo que hab\u00eda ocurrido. No obstante, posteriormente s\u00ed decidi\u00f3 denunciar el caso,\u00a0<strong>parte de lesiones<\/strong>\u00a0en mano y junto a representantes del\u00a0<strong>Colectivo Galactyco<\/strong>. Desde este colectivo han hecho p\u00fablico el caso en sus redes sociales.<\/div>\n<\/div>\n<div class=\"article-body__embed \">\n<div class=\"twitter-tweet twitter-tweet-rendered\"><iframe id=\"twitter-widget-0\" class=\"\" title=\"Twitter Tweet\" src=\"https:\/\/platform.twitter.com\/embed\/Tweet.html?dnt=false&amp;embedId=twitter-widget-0&amp;features=eyJ0ZndfdGltZWxpbmVfbGlzdCI6eyJidWNrZXQiOltdLCJ2ZXJzaW9uIjpudWxsfSwidGZ3X2ZvbGxvd2VyX2NvdW50X3N1bnNldCI6eyJidWNrZXQiOnRydWUsInZlcnNpb24iOm51bGx9LCJ0ZndfdHdlZXRfZWRpdF9iYWNrZW5kIjp7ImJ1Y2tldCI6Im9uIiwidmVyc2lvbiI6bnVsbH0sInRmd19yZWZzcmNfc2Vzc2lvbiI6eyJidWNrZXQiOiJvbiIsInZlcnNpb24iOm51bGx9LCJ0ZndfZm9zbnJfc29mdF9pbnRlcnZlbnRpb25zX2VuYWJsZWQiOnsiYnVja2V0Ijoib24iLCJ2ZXJzaW9uIjpudWxsfSwidGZ3X21peGVkX21lZGlhXzE1ODk3Ijp7ImJ1Y2tldCI6InRyZWF0bWVudCIsInZlcnNpb24iOm51bGx9LCJ0ZndfZXhwZXJpbWVudHNfY29va2llX2V4cGlyYXRpb24iOnsiYnVja2V0IjoxMjA5NjAwLCJ2ZXJzaW9uIjpudWxsfSwidGZ3X3Nob3dfYmlyZHdhdGNoX3Bpdm90c19lbmFibGVkIjp7ImJ1Y2tldCI6Im9uIiwidmVyc2lvbiI6bnVsbH0sInRmd19kdXBsaWNhdGVfc2NyaWJlc190b19zZXR0aW5ncyI6eyJidWNrZXQiOiJvbiIsInZlcnNpb24iOm51bGx9LCJ0ZndfdXNlX3Byb2ZpbGVfaW1hZ2Vfc2hhcGVfZW5hYmxlZCI6eyJidWNrZXQiOiJvbiIsInZlcnNpb24iOm51bGx9LCJ0ZndfdmlkZW9faGxzX2R5bmFtaWNfbWFuaWZlc3RzXzE1MDgyIjp7ImJ1Y2tldCI6InRydWVfYml0cmF0ZSIsInZlcnNpb24iOm51bGx9LCJ0ZndfbGVnYWN5X3RpbWVsaW5lX3N1bnNldCI6eyJidWNrZXQiOnRydWUsInZlcnNpb24iOm51bGx9LCJ0ZndfdHdlZXRfZWRpdF9mcm9udGVuZCI6eyJidWNrZXQiOiJvbiIsInZlcnNpb24iOm51bGx9fQ%3D%3D&amp;frame=false&amp;hideCard=false&amp;hideThread=false&amp;id=1686391341113290753&amp;lang=es&amp;origin=https%3A%2F%2Fwww.laopiniondemurcia.es%2Fsucesos%2F2023%2F08%2F01%2Fnenaza-maricona-engendro-monstruo-denuncian-90563768.html&amp;sessionId=0f7ac7a30133d6dee44ed05c530173d47fa98ac1&amp;theme=light&amp;widgetsVersion=aaf4084522e3a%3A1674595607486&amp;width=550px\" frameborder=\"0\" scrolling=\"no\" allowfullscreen=\"allowfullscreen\" data-tweet-id=\"1686391341113290753\" data-mce-fragment=\"1\"><\/iframe><\/div>\n<\/div>\n<p class=\"article-body__text \">Jos\u00e9 Mar\u00eda Garc\u00eda, miembro del\u00a0<strong>Colectivo Galactyco<\/strong>, puso el acento en lo \u00abinc\u00f3modo\u00bb que resulta para las v\u00edctimas, tras un ataque as\u00ed, \u00abenfrentarse a un reconocimiento m\u00e9dico\u00bb, aunque, sin denuncias, \u00abno podr\u00edamos seguir trabajando contra los delitos de odio\u00bb.<\/p>\n<p class=\"article-body__text \">En cuanto a los agresores, la v\u00edctima sabe que llevaban\u00a0<strong>chanclas con calcetines\u00a0<\/strong>y que eran de origen magreb\u00ed,\u00a0<strong>morenos y delgados<\/strong>.<\/p>\n<h2 class=\"article-body__ladillo\">Dos minutos agredi\u00e9ndola<\/h2>\n<p class=\"article-body__text \">La v\u00edctima, se encuentra \u00abcon dolores fuertes, pero tirando\u00bb, aunque afirma, en declaraciones a La Opini\u00f3n, que\u00a0<strong>\u00abme da miedo salir de noche sola\u00bb<\/strong>. \u00abYo volv\u00eda a mi casa tan tranquila y me tiraron al suelo\u00bb, rememora. Dos minutos dur\u00f3 la agresi\u00f3n. Se fueron y ella, en shock, no fue capaz de reaccionar.<\/p>\n<p class=\"article-body__text \">\u00abNo hay c\u00e1maras por la zona,\u00a0<strong>se va a quedar esto en el aire<\/strong>. Esa calle a esa hora, est\u00e1 muerta\u00bb, lamenta la joven, en referencia a la zona de Cartagena donde acontecieron los hechos, detr\u00e1s del colegio Carmelitas. No obstante, la Polic\u00eda Nacional se ha puesto manos a la obra con el caso y espera localizar y detener en breve a los individuos, responsables de un<strong>\u00a0delito de odio<\/strong>.<\/p>\n<p><a href=\"https:\/\/www.laopiniondemurcia.es\/sucesos\/2023\/08\/01\/nenaza-maricona-engendro-monstruo-denuncian-90563768.html\">https:\/\/www.laopiniondemurcia.es\/sucesos\/2023\/08\/01\/nenaza-maricona-engendro-monstruo-denuncian-90563768.html<\/a><\/p>\n<\/div>\n<\/div>\n<\/div>\n<\/div>\n<\/div>\n<\/div>\n","protected":false},"excerpt":{"rendered":"<p>La v\u00edctima asegura que dos j\u00f3venes la empujaron en la calle y le pegaron en el cuello, los brazos y las piernas mientras la insultaban<\/p>\n","protected":false},"author":1,"featured_media":847,"comment_status":"open","ping_status":"open","sticky":false,"template":"","format":"standard","meta":{"footnotes":""},"categories":[30,15],"tags":[],"class_list":["post-845","post","type-post","status-publish","format-standard","has-post-thumbnail","hentry","category-en_portada","category-noticias"],"brizy_media":[],"_links":{"self":[{"href":"https:\/\/plataformatrans.es\/index.php\/wp-json\/wp\/v2\/posts\/845","targetHints":{"allow":["GET"]}}],"collection":[{"href":"https:\/\/plataformatrans.es\/index.php\/wp-json\/wp\/v2\/posts"}],"about":[{"href":"https:\/\/plataformatrans.es\/index.php\/wp-json\/wp\/v2\/types\/post"}],"author":[{"embeddable":true,"href":"https:\/\/plataformatrans.es\/index.php\/wp-json\/wp\/v2\/users\/1"}],"replies":[{"embeddable":true,"href":"https:\/\/plataformatrans.es\/index.php\/wp-json\/wp\/v2\/comments?post=845"}],"version-history":[{"count":1,"href":"https:\/\/plataformatrans.es\/index.php\/wp-json\/wp\/v2\/posts\/845\/revisions"}],"predecessor-version":[{"id":848,"href":"https:\/\/plataformatrans.es\/index.php\/wp-json\/wp\/v2\/posts\/845\/revisions\/848"}],"wp:featuredmedia":[{"embeddable":true,"href":"https:\/\/plataformatrans.es\/index.php\/wp-json\/wp\/v2\/media\/847"}],"wp:attachment":[{"href":"https:\/\/plataformatrans.es\/index.php\/wp-json\/wp\/v2\/media?parent=845"}],"wp:term":[{"taxonomy":"category","embeddable":true,"href":"https:\/\/plataformatrans.es\/index.php\/wp-json\/wp\/v2\/categories?post=845"},{"taxonomy":"post_tag","embeddable":true,"href":"https:\/\/plataformatrans.es\/index.php\/wp-json\/wp\/v2\/tags?post=845"}],"curies":[{"name":"wp","href":"https:\/\/api.w.org\/{rel}","templated":true}]}}