{"id":841,"date":"2023-08-03T13:02:22","date_gmt":"2023-08-03T11:02:22","guid":{"rendered":"http:\/\/plataformatrans.es\/?p=841"},"modified":"2023-09-01T22:12:15","modified_gmt":"2023-09-01T20:12:15","slug":"no-abordar-la-transfobia-es-abrir-las-puertas-al-fascismo","status":"publish","type":"post","link":"https:\/\/plataformatrans.es\/index.php\/2023\/08\/03\/no-abordar-la-transfobia-es-abrir-las-puertas-al-fascismo\/","title":{"rendered":"No abordar la transfobia es abrir las puertas al fascismo"},"content":{"rendered":"<div class=\"pie\"><em>Por Mar Cambroll\u00e9<\/em><\/div>\n<p>Nac\u00ed a finales del 57 y en el disco duro de mi memoria tengo almacenadas todas las instant\u00e1neas que hicieron transitar a este pa\u00eds de la dictadura a la democracia, todo lo que cost\u00f3 y en los diferentes ritmos y velocidades, las personas trans hemos sido uno de los colectivos m\u00e1s relegados, puedo decir, como he dicho muchas veces, como lo he dicho desde el dolor pero tambi\u00e9n desde la certeza que las personas trans fuimos de las m\u00e1s maltratadas por la dictadura y las grandes olvidadas de la democracia.<\/p>\n<div class=\"col-md-9\">\n<div class=\"contenido\">\n<p>Los avances a nosotras nos han costado sangre, huelgas de hambre, protestas, nadie nos regal\u00f3 nunca nada, todo tuvimos que arrancarlo y siendo honesta, en 45 a\u00f1os de democracia con respecto a representantes institucionales, solo encontramos empat\u00eda y valor en la Ministra de Igualdad, Irene Montero que recibi\u00f3 a cambio las iras furibundas de la reacci\u00f3n, a modo de correctivo, para que no cundiera el ejemplo.<\/p>\n<p>De la normalizaci\u00f3n de la vulneraci\u00f3n de nuestros derechos que viv\u00edamos en el letargo democr\u00e1tico, nos sac\u00f3 un fen\u00f3meno internacional que inaugur\u00f3 Argentina en 2012 reconociendo por primera vez el principio jur\u00eddico de la autodeterminaci\u00f3n del g\u00e9nero, como una herramienta imprescindible para alcanzar nuestra igualdad real. R\u00e1pidamente se extendi\u00f3 por el mundo, siendo adoptado como imprescindible por numerosos organismos internacionales en sus recomendaciones a los pa\u00edses y replicado en las sucesivas leyes de reconocimiento de derechos de las personas trans que se iban promulgando. En 2014, Espa\u00f1a a trav\u00e9s de la Ley andaluza, que tambi\u00e9n me cost\u00f3 el anuncio de dos huelgas de hambre y mi cara en la diana del PSOE andaluz, introdujo por primera vez este principio jur\u00eddico. La revoluci\u00f3n trans hab\u00eda comenzado, de la patologizaci\u00f3n a ser sujetos de derecho.<\/p>\n<p>El inicio de la tramitaci\u00f3n de la Ley Trans Estatal desat\u00f3 una tormenta de odio hacia nuestras vidas sin parang\u00f3n, una tormenta perfecta incubada en el PSOE, socio mayoritario de la coalici\u00f3n de Gobierno, tras perder las competencias en Igualdad hab\u00eda una intencionalidad pol\u00edtica de boicotear todas leyes que salieran del Ministerio de Igualdad con lo que alimentaron y permitieron un discurso de odio hac\u00eda las personas trans nacido de sus propias filas y cuya correa de trasmisi\u00f3n fue el movimiento asociativo ligado a sus redes y su maquinaria medi\u00e1tica e intelectual.<\/p>\n<p>Estos \u00faltimos 3 a\u00f1os hemos estado soportando bulos, criminalizaci\u00f3n, negaci\u00f3n de nuestra identidad por parte de una inmensa mayor\u00eda de medios de comunicaci\u00f3n e intelectualidad progresistas que se un\u00edan y coincid\u00edan sin rubor en los mismos marcos ideol\u00f3gicos que la ultraderecha, pero casi m\u00e1s sangrante era ver como tambi\u00e9n gran parte de la progres\u00eda miraba para otro lado mientras nos daban una paliza de muerte a la que ellos llamaban \u201cdebate\u201d u \u201copini\u00f3n\u201d porque hay que ser muy valiente para enfrentarte a los tuyos, a los que quiz\u00e1s necesitas para alcanzar acuerdos pol\u00edticos o recomendaciones o simplemente no formar parte de una lista negra en los espacios de la progres\u00eda. Mientras tanto no dudan en usarnos como arma arrojadiza cuando el emisor del mensaje es la ultra\/derecha.<\/p>\n<p>Y aunque se sepa, no deja de ser doloroso que ante las quejas de colectivos LGTBIQ, antirracistas y antifascistas por la elecci\u00f3n de la escritora Najat El Hachmi como pregonera de las fiestas de la Merc\u00e9 en Barcelona, por sus posturas islamofobas y transfobicas en las que ha difundido bulos sobre la Ley Trans, negado nuestras identidades, las ha identificado con trastornos y ha justificado las terapias de conversi\u00f3n hac\u00eda las personas trans, la respuesta del Ayuntamiento de Barcelona ha sido hacer o\u00eddos sordos y no solo eso, la maquinaria medi\u00e1tica e intelectual del PSC y la progres\u00eda han salido al rescate criminalizando la demanda de los colectivos sociales e incluso defenestr\u00e1ndoles.<\/p>\n<p>No deja de ser doloroso que un Alcalde como Jaume Collboni (PSC), que no solo representa a un partido que se dice progresista sino que incluso pertenece al colectivo, no tenga la empat\u00eda y la responsabilidad de rectificar y reconocer que la pregonera que ha elegido en esta ocasi\u00f3n, por muchos m\u00e9ritos que tenga en otras facetas de su vida, est\u00e1 sosteniendo un peligros\u00edsimo discurso de odio hacia uno de los colectivos m\u00e1s vulnerables de nuestra sociedad.<\/p>\n<p>No deja de ser doloroso que la ex Alcaldesa Ada Colau, quien lleva a\u00f1os abanderando al colectivo LGTBIQ haya declarado que pese a tener \u201cdiscrepancias\u201d con Najat el Hachmi a este respecto, apele a no practicar la cultura de la cancelaci\u00f3n para sostener su participaci\u00f3n en el preg\u00f3n, \u00bfesto har\u00eda posible tambi\u00e9n que Santiago Abascal, que participa de las mismas \u201cdiscrepancias\u201d fuera orgulloso pregonero el a\u00f1o que viene? Defender y proteger a un colectivo vulnerable de las consecuencias de dar visibilidad y reconocimiento a quienes entonan discursos de odio nunca se puede llamar cultura de la cancelaci\u00f3n, hacerlo es utilizar argumentos trumpistas.<\/p>\n<p>Llevamos a\u00f1os puestas en la diana. Trivializar o maquillar la transfobia es ser c\u00f3mplice del aumento de la violencia hacia las personas trans que se ha demostrado directamente proporcional al auge de estos discursos. Cuando no abordamos de manera responsable la transfobia como una lacra social, estamos abriendo las puertas al fascismo.<\/p>\n<p>A todas aquellas personas que miran hacia otro lado, restan importancia o justifican en sesudos an\u00e1lisis te\u00f3ricos una violencia que no aceptar\u00edan en otro contexto, les pido, no que se pongan, sino que bajen a nuestros zapatos, porque est\u00e1 claro que nos ven desde la frialdad de las alturas y de no sentir y vivir nuestro d\u00eda a d\u00eda, de no tener que salir a la calle y enfrentarse con una sociedad que lee, escucha y ve todo lo que califican como \u201copiniones\u201d, les pido, desde el dolor que siento y lleva d\u00e9cadas sintiendo mi colectivo, un enorme ejercicio de empat\u00eda y tambi\u00e9n, porque no, de verg\u00fcenza.<\/p>\n<p><a href=\"https:\/\/www.elsaltodiario.com\/transfobia\/no-abordar-transfobia-es-abrir-puertas-fascismo\">https:\/\/www.elsaltodiario.com\/transfobia\/no-abordar-transfobia-es-abrir-puertas-fascismo<\/a><\/p>\n<\/div>\n<\/div>\n","protected":false},"excerpt":{"rendered":"<p>Trivializar o maquillar la transfobia es ser c\u00f3mplice del aumento de la violencia hacia las personas trans que se ha demostrado directamente proporcional al auge de estos discursos.<\/p>\n","protected":false},"author":1,"featured_media":843,"comment_status":"open","ping_status":"open","sticky":false,"template":"","format":"standard","meta":{"footnotes":""},"categories":[30,15],"tags":[],"class_list":["post-841","post","type-post","status-publish","format-standard","has-post-thumbnail","hentry","category-en_portada","category-noticias"],"brizy_media":[],"_links":{"self":[{"href":"https:\/\/plataformatrans.es\/index.php\/wp-json\/wp\/v2\/posts\/841","targetHints":{"allow":["GET"]}}],"collection":[{"href":"https:\/\/plataformatrans.es\/index.php\/wp-json\/wp\/v2\/posts"}],"about":[{"href":"https:\/\/plataformatrans.es\/index.php\/wp-json\/wp\/v2\/types\/post"}],"author":[{"embeddable":true,"href":"https:\/\/plataformatrans.es\/index.php\/wp-json\/wp\/v2\/users\/1"}],"replies":[{"embeddable":true,"href":"https:\/\/plataformatrans.es\/index.php\/wp-json\/wp\/v2\/comments?post=841"}],"version-history":[{"count":4,"href":"https:\/\/plataformatrans.es\/index.php\/wp-json\/wp\/v2\/posts\/841\/revisions"}],"predecessor-version":[{"id":914,"href":"https:\/\/plataformatrans.es\/index.php\/wp-json\/wp\/v2\/posts\/841\/revisions\/914"}],"wp:featuredmedia":[{"embeddable":true,"href":"https:\/\/plataformatrans.es\/index.php\/wp-json\/wp\/v2\/media\/843"}],"wp:attachment":[{"href":"https:\/\/plataformatrans.es\/index.php\/wp-json\/wp\/v2\/media?parent=841"}],"wp:term":[{"taxonomy":"category","embeddable":true,"href":"https:\/\/plataformatrans.es\/index.php\/wp-json\/wp\/v2\/categories?post=841"},{"taxonomy":"post_tag","embeddable":true,"href":"https:\/\/plataformatrans.es\/index.php\/wp-json\/wp\/v2\/tags?post=841"}],"curies":[{"name":"wp","href":"https:\/\/api.w.org\/{rel}","templated":true}]}}