{"id":801,"date":"2023-07-12T16:54:24","date_gmt":"2023-07-12T14:54:24","guid":{"rendered":"https:\/\/plataformatrans.es\/?p=801"},"modified":"2023-07-12T16:54:24","modified_gmt":"2023-07-12T14:54:24","slug":"la-junta-de-andalucia-borra-las-primeras-pintadas-de-activistas-lgtbi-en-1978-de-los-juzgados-de-sevilla","status":"publish","type":"post","link":"https:\/\/plataformatrans.es\/index.php\/2023\/07\/12\/la-junta-de-andalucia-borra-las-primeras-pintadas-de-activistas-lgtbi-en-1978-de-los-juzgados-de-sevilla\/","title":{"rendered":"La Junta de Andaluc\u00eda borra las primeras pintadas de activistas LGTBI en 1978 de los juzgados de Sevilla"},"content":{"rendered":"<div class=\"c-header\"><\/div>\n<div class=\"content-container col-12 col-lg-8\">\n<div class=\"c-content\">\n<div class=\"partner-wrapper opening\" data-mrf-recirculation=\"Apertura\">\n<div class=\"second-col\">\n<figure class=\"ni-figure\"><picture class=\"news-image\"><\/picture><figcaption class=\"image-footer\">Por Javier Ramajo<\/figcaption><\/figure>\n<\/div>\n<\/div>\n<div class=\"partner-wrapper article-page__body-row \">\n<div class=\"second-col\">\n<p class=\"article-text\">La v\u00edspera del 25 de junio de 1978, con motivo de la primera manifestaci\u00f3n por la libertad sexual en Andaluc\u00eda,\u00a0<a class=\"link\" href=\"https:\/\/www.eldiario.es\/sevilla\/pintada-juzgados-sevilla-testigo-historia_1_2110407.html\" data-mrf-recirculation=\"links-noticia\" data-mrf-link=\"https:\/\/www.eldiario.es\/sevilla\/pintada-juzgados-sevilla-testigo-historia_1_2110407.html\">el Movimiento Homosexual de Acci\u00f3n Revolucionaria (MHAR) dej\u00f3 su firma en las paredes del edificio de los juzgados de Sevilla<\/a>. Aquellas pintadas apenas se pueden ver ahora, seg\u00fan ha comprobado\u00a0<a class=\"link\" href=\"https:\/\/www.eldiario.es\/sevilla\/\" data-mrf-recirculation=\"links-noticia\" data-mrf-link=\"https:\/\/www.eldiario.es\/sevilla\/\">sevillaelDiario.es<\/a>, despu\u00e9s de que la limpieza desarrollada hace unas semanas en la parte inferior del inmueble haya borrado casi totalmente la historia aquel ejercicio reivindicativo, eliminado en las tareas \u201crutinarias\u201d de la empresa contratada por la Delegaci\u00f3n Territorial de Justicia de la Junta de Andaluc\u00eda en Sevilla para la limpieza interior y exterior de las instalaciones, aseguran desde la Consejer\u00eda de Justicia. Desde hace cinco a\u00f1os, la petici\u00f3n de se\u00f1alamiento y preservaci\u00f3n de aquella pintada como Lugar de Memoria Hist\u00f3rica duerme en un caj\u00f3n de otro departamento del Gobierno andaluz, en este caso la Consejer\u00eda de Cultura, con competencias en memoria hist\u00f3rica.<\/p>\n<p><a class=\"news-know-more partner-vertical-tablet-desktop\" href=\"https:\/\/www.eldiario.es\/cultura\/cine\/amando-locamente-reivindica-pioneros-activistas-lgtbi-no-repetir-errores-pasado_1_10356853.html\" data-mrf-recirculation=\"saber-mas\" data-mrf-link=\"https:\/\/www.eldiario.es\/cultura\/cine\/amando-locamente-reivindica-pioneros-activistas-lgtbi-no-repetir-errores-pasado_1_10356853.html\"><picture class=\"know-more-img\"><source srcset=\"https:\/\/static.eldiario.es\/clip\/291004c2-eb06-45b3-9966-847191303f4f_16-9-aspect-ratio_50p_0.webp\" type=\"image\/webp\" media=\"(max-width: 768px)\" \/><source srcset=\"https:\/\/static.eldiario.es\/clip\/291004c2-eb06-45b3-9966-847191303f4f_16-9-aspect-ratio_50p_0.jpg\" type=\"image\/jpg\" media=\"(max-width: 768px)\" \/><source srcset=\"https:\/\/static.eldiario.es\/clip\/291004c2-eb06-45b3-9966-847191303f4f_16-9-aspect-ratio_50p_0.webp\" type=\"image\/webp\" media=\"(min-width: 769px)\" \/><source srcset=\"https:\/\/static.eldiario.es\/clip\/291004c2-eb06-45b3-9966-847191303f4f_16-9-aspect-ratio_50p_0.jpg\" type=\"image\/jpg\" media=\"(min-width: 769px)\" \/><source srcset=\"https:\/\/static.eldiario.es\/clip\/291004c2-eb06-45b3-9966-847191303f4f_16-9-aspect-ratio_default_0.webp\" type=\"image\/webp\" \/><img decoding=\"async\" class=\"lazy entered loaded\" src=\"https:\/\/static.eldiario.es\/clip\/291004c2-eb06-45b3-9966-847191303f4f_16-9-aspect-ratio_default_0.jpg\" alt=\"\u2018Te estoy amando locamente' reivindica a los pioneros activistas LGTBI para \u201cno repetir errores del pasado\u201d\" data-src=\"https:\/\/static.eldiario.es\/clip\/291004c2-eb06-45b3-9966-847191303f4f_16-9-aspect-ratio_default_0.jpg\" data-ll-status=\"loaded\" \/><\/picture><q class=\"know-more\"><\/q><\/a>\u2018Te estoy amando locamente&#8217; reivindica a los pioneros activistas LGTBI para \u201cno repetir errores del pasado\u201d<\/p>\n<p class=\"article-text\">Este borrado surge en un contexto muy particular. Por un lado, coincide con\u00a0<a class=\"link\" href=\"https:\/\/www.eldiario.es\/cultura\/cine\/amando-locamente-reivindica-pioneros-activistas-lgtbi-no-repetir-errores-pasado_1_10356853.html\" data-mrf-recirculation=\"links-noticia\" data-mrf-link=\"https:\/\/www.eldiario.es\/cultura\/cine\/amando-locamente-reivindica-pioneros-activistas-lgtbi-no-repetir-errores-pasado_1_10356853.html\">el estreno de la pel\u00edcula &#8216;Te estoy amando locamente&#8217;<\/a>, que precisamente pone en valor y muestra a las activistas pioneras en la lucha por los derechos del colectivo LGTBI que realizaron\u00a0<a class=\"link\" href=\"https:\/\/www.eldiario.es\/andalucia\/anos-primera-manifestacion-libertad-sexual_1_3206391.html\" data-mrf-recirculation=\"links-noticia\" data-mrf-link=\"https:\/\/www.eldiario.es\/andalucia\/anos-primera-manifestacion-libertad-sexual_1_3206391.html\">aquella primera manifestaci\u00f3n andaluza del Orgullo<\/a>, de la que se acaban de cumplir 45 a\u00f1os. Por otro, las alianzas de PP y Vox en ayuntamientos y comunidades tras el 28M, y a las puertas del 23J, que han acelerado\u00a0<a class=\"link\" href=\"https:\/\/www.eldiario.es\/sociedad\/alianza-pp-vox-acelera-ofensiva-colectivo-lgtbi_1_10337414.html\" data-mrf-recirculation=\"links-noticia\" data-mrf-link=\"https:\/\/www.eldiario.es\/sociedad\/alianza-pp-vox-acelera-ofensiva-colectivo-lgtbi_1_10337414.html\">la ofensiva contra el colectivo LGTBI en Espa\u00f1a<\/a>. Un tercer punto podr\u00eda ser el\u00a0<a class=\"link\" href=\"https:\/\/www.eldiario.es\/sevilla\/foco-politico-sigue-limpieza-sevilla-alquilara-camiones-basura-mal-flota-municipal_1_10335103.html\" data-mrf-recirculation=\"links-noticia\" data-mrf-link=\"https:\/\/www.eldiario.es\/sevilla\/foco-politico-sigue-limpieza-sevilla-alquilara-camiones-basura-mal-flota-municipal_1_10335103.html\">af\u00e1n de limpieza<\/a> del nuevo alcalde de Sevilla del PP, Jos\u00e9 Luis Sanz, si bien el Ayuntamiento hispalense no tiene competencias en el mantenimiento de edificios judiciales.<\/p>\n<figure><picture class=\"news-image\"><source srcset=\"https:\/\/static.eldiario.es\/clip\/c5896b69-50e2-471f-a2bb-f6f8f99a376b_16-9-aspect-ratio_50p_0.webp\" type=\"image\/webp\" media=\"(max-width: 576px)\" \/><source srcset=\"https:\/\/static.eldiario.es\/clip\/c5896b69-50e2-471f-a2bb-f6f8f99a376b_16-9-aspect-ratio_50p_0.jpg\" type=\"image\/jpg\" media=\"(max-width: 576px)\" \/><source srcset=\"https:\/\/static.eldiario.es\/clip\/c5896b69-50e2-471f-a2bb-f6f8f99a376b_16-9-aspect-ratio_75p_0.webp\" type=\"image\/webp\" media=\"(max-width: 768px)\" \/><source srcset=\"https:\/\/static.eldiario.es\/clip\/c5896b69-50e2-471f-a2bb-f6f8f99a376b_16-9-aspect-ratio_75p_0.jpg\" type=\"image\/jpg\" media=\"(max-width: 768px)\" \/><source srcset=\"https:\/\/static.eldiario.es\/clip\/c5896b69-50e2-471f-a2bb-f6f8f99a376b_16-9-aspect-ratio_default_0.webp\" type=\"image\/webp\" media=\"(min-width: 769px)\" \/><source srcset=\"https:\/\/static.eldiario.es\/clip\/c5896b69-50e2-471f-a2bb-f6f8f99a376b_16-9-aspect-ratio_default_0.jpg\" type=\"image\/jpg\" media=\"(min-width: 769px)\" \/><source srcset=\"https:\/\/static.eldiario.es\/clip\/c5896b69-50e2-471f-a2bb-f6f8f99a376b_16-9-aspect-ratio_default_0.webp\" type=\"image\/webp\" \/><img decoding=\"async\" class=\"lazy entered loaded\" src=\"https:\/\/static.eldiario.es\/clip\/c5896b69-50e2-471f-a2bb-f6f8f99a376b_16-9-aspect-ratio_default_0.jpg\" alt=\"\" data-src=\"https:\/\/static.eldiario.es\/clip\/c5896b69-50e2-471f-a2bb-f6f8f99a376b_16-9-aspect-ratio_default_0.jpg\" data-ll-status=\"loaded\" \/><\/picture><figcaption class=\"image-footer\"><span class=\"title\">Fotograma de la pel\u00edcula &#8216;Te estoy amando locamente&#8217;, que recrea aquellas pintadas del MHAR\u00a0<span class=\"author\">CAPTURA TR\u00c1ILER<\/span><\/span><\/figcaption><\/figure>\n<p class=\"article-text\">Trabajadores de los juzgados consultados por este peri\u00f3dico han indicado que \u201chace dos o tres semanas\u201d operarios de una empresa de limpieza procedieron \u201cdurante cuatro o cinco d\u00edas\u201d a limpiar \u201ccon fuertes chorros de agua a presi\u00f3n\u201d toda la parte inferior del llamado edificio de loa juzgados y de la Audiencia, revestida de granito en ambos per\u00edmetros, al igual que las bases de las columnas que componen los soportales de la\u00a0<a class=\"link\" href=\"https:\/\/www.eldiario.es\/sevilla\/calle-letrados-sevilla-mejor-abogacia-lenguaje-inclusivo-sexismo-linguistico_1_9792056.html\" data-mrf-recirculation=\"links-noticia\" data-mrf-link=\"https:\/\/www.eldiario.es\/sevilla\/calle-letrados-sevilla-mejor-abogacia-lenguaje-inclusivo-sexismo-linguistico_1_9792056.html\">Calle Letrados de Sevilla<\/a>. \u201cF\u00edjate, que la piedra est\u00e1 mucho m\u00e1s blanca\u201d, comenta uno de ellos. Miembros del MHAR hicieron varias pintadas, junto a lo que hoy es el estanco de los juzgados, que ahora han corrido distinta suerte en cuanto a su borrado.<\/p>\n<p class=\"article-text\">Fuentes de la Consejer\u00eda reconocen los trabajos de limpieza \u201ccon pistolas\u201d pero a\u00f1aden que no se ha tratado de ninguna labor espec\u00edfica en esas zonas, sino que obedecen al contrato con una empresa, encargada tambi\u00e9n del mantenimiento de las sedes judiciales. No ha habido orden alguna ni especial para proceder a esta limpieza, que la empresa ejerce \u201ccada equis tiempo\u201d seg\u00fan su criterio y teniendo como base el contrato p\u00fablico con la Junta, detallan las fuentes de Justicia.<\/p>\n<p class=\"article-text\">Las fuentes de la Consejer\u00eda a\u00f1aden que, hace unos meses, gestionaron incluso un permiso solicitado por la productora del citado film &#8216;Te estoy amando locamente&#8217; para recrear en aquel mismo lugar el momento en que se realizaron aquellas pintadas. Y as\u00ed se hizo, con el compromiso de que las paredes del edificio no sufrieran da\u00f1o alguno, si bien el desconocimiento del origen de aquellas pintadas era generalizado en el seno de la Consejer\u00eda, y mucho menos se sab\u00eda que se hubiera pedido su preservaci\u00f3n por su importancia hist\u00f3rica.<\/p>\n<h3 class=\"article-text\">\u201cUn ultraje a la memoria LGTBI\u201d<\/h3>\n<p class=\"article-text\">Una de las personas que lider\u00f3 aquella reivindicaci\u00f3n por la abolici\u00f3n de las leyes represivas y que trataba de presionar al entonces gobierno de UCD para la amnist\u00eda sexual y la derogaci\u00f3n de cuantas leyes penalizaban la homosexualidad en el c\u00f3digo civil y militar, fue Mar Cambroll\u00e9. La activista trans lamenta a este peri\u00f3dico que ese \u201ctestigo mudo\u201d de aquel hecho hist\u00f3rico en forma de pintada \u201cque a\u00fan estaba viva\u201d se haya borrado. \u201cEs un insulto a la memoria de Andaluc\u00eda y un ultraje a la memoria LGTBI. Nos parecen muy graves estos hechos porque en vez de preservar la memoria nos quieren borrar de la memoria\u201d, denuncia.<\/p>\n<figure><picture class=\"news-image\"><source srcset=\"https:\/\/static.eldiario.es\/clip\/7aa86440-9c27-4200-8c9a-e5762b25e409_16-9-aspect-ratio_50p_0.webp\" type=\"image\/webp\" media=\"(max-width: 576px)\" \/><source srcset=\"https:\/\/static.eldiario.es\/clip\/7aa86440-9c27-4200-8c9a-e5762b25e409_16-9-aspect-ratio_50p_0.jpg\" type=\"image\/jpg\" media=\"(max-width: 576px)\" \/><source srcset=\"https:\/\/static.eldiario.es\/clip\/7aa86440-9c27-4200-8c9a-e5762b25e409_16-9-aspect-ratio_75p_0.webp\" type=\"image\/webp\" media=\"(max-width: 768px)\" \/><source srcset=\"https:\/\/static.eldiario.es\/clip\/7aa86440-9c27-4200-8c9a-e5762b25e409_16-9-aspect-ratio_75p_0.jpg\" type=\"image\/jpg\" media=\"(max-width: 768px)\" \/><source srcset=\"https:\/\/static.eldiario.es\/clip\/7aa86440-9c27-4200-8c9a-e5762b25e409_16-9-aspect-ratio_default_0.webp\" type=\"image\/webp\" media=\"(min-width: 769px)\" \/><source srcset=\"https:\/\/static.eldiario.es\/clip\/7aa86440-9c27-4200-8c9a-e5762b25e409_16-9-aspect-ratio_default_0.jpg\" type=\"image\/jpg\" media=\"(min-width: 769px)\" \/><source srcset=\"https:\/\/static.eldiario.es\/clip\/7aa86440-9c27-4200-8c9a-e5762b25e409_16-9-aspect-ratio_default_0.webp\" type=\"image\/webp\" \/><img decoding=\"async\" class=\"lazy entered loaded\" src=\"https:\/\/static.eldiario.es\/clip\/7aa86440-9c27-4200-8c9a-e5762b25e409_16-9-aspect-ratio_default_0.jpg\" alt=\"\" data-src=\"https:\/\/static.eldiario.es\/clip\/7aa86440-9c27-4200-8c9a-e5762b25e409_16-9-aspect-ratio_default_0.jpg\" data-ll-status=\"loaded\" \/><\/picture><figcaption class=\"image-footer\"><span class=\"title\">Cambroll\u00e9, en mayo de 2018, se fotografi\u00f3 en una de aquellas pintadas que ahora han borrado casi totalmente<\/span><\/figcaption><\/figure>\n<p class=\"article-text\">Cambroll\u00e9 registr\u00f3 en mayo de 2018 una petici\u00f3n de se\u00f1alamiento y preservaci\u00f3n de aquella pintada como Lugar de Memoria Democr\u00e1tica, como ya se ha dicho. Cuatro meses m\u00e1s tarde, en septiembre, la jefa del Servicio de Memoria Democr\u00e1tica de la Junta de Andaluc\u00eda, Ana Gil,\u00a0<a class=\"link\" href=\"https:\/\/www.eldiario.es\/andalucia\/junta-andalucia-situa-tecnica-dirigir-comisionado-concordia_1_9913996.html\" data-mrf-recirculation=\"links-noticia\" data-mrf-link=\"https:\/\/www.eldiario.es\/andalucia\/junta-andalucia-situa-tecnica-dirigir-comisionado-concordia_1_9913996.html\">hoy d\u00eda comisionada de la Memoria<\/a>, respondi\u00f3 a la hist\u00f3rica activista que ser\u00eda el Grupo de Trabajo sobre Lugares y Senderos de Memoria el que evaluar\u00eda su solicitud, seg\u00fan ha comprobado\u00a0<a class=\"link\" href=\"https:\/\/www.eldiario.es\/sevilla\/\" data-mrf-recirculation=\"links-noticia\" data-mrf-link=\"https:\/\/www.eldiario.es\/sevilla\/\">sevillaelDiario.es<\/a>. \u201cEl Grupo de Trabajo emitir\u00e1 el informe (&#8230;) en el plazo de un mes desde que se le curse la solicitud por parte de la Direcci\u00f3n General con competencias en materia de Memoria Democr\u00e1tica\u201d, dec\u00eda<a class=\"link\" href=\"https:\/\/www.juntadeandalucia.es\/boja\/2018\/101\/1\" target=\"_blank\" rel=\"noopener\" data-mrf-recirculation=\"links-noticia\" data-mrf-link=\"https:\/\/www.juntadeandalucia.es\/boja\/2018\/101\/1\">\u00a0aquel Decreto de mayo de 2018<\/a>\u00a0que anunciaba la constituci\u00f3n de ese grupo de trabajo.<\/p>\n<div id=\"container-after-news-outlook\"><\/div>\n<p class=\"article-text\">Nada se sabe de aquello y la pintada, as\u00ed como otras similares en el mismo edificio, han sido pr\u00e1cticamente borradas. Fuentes de las asociaciones memorialistas apuntan que aquel grupo de trabajo se lleg\u00f3 a reunir un par de veces, \u201cla \u00faltima hace tres a\u00f1os y medio\u201d. \u201cAquello quedar\u00eda en suspenso tras el cambio de gobierno en la Junta a finales de 2018\u201d, sugiere Cambroll\u00e9 a ese respecto. Fuentes de la Consejer\u00eda no han respondido a la pregunta de este peri\u00f3dico sobre en qu\u00e9 punto se encuentra ese expediente iniciado mediado el a\u00f1o 2018.<\/p>\n<p class=\"article-text\">\u201cHan querido ahora, con urgencia y alevos\u00eda, borrar las huellas de una historia que retrat\u00f3 un momento muy duro para las personas trans, donde \u00e9ramos criminales, nuestras organizaciones eran clandestinas y donde nos jug\u00e1bamos la vida y la libertad solamente por amar y sentir diferente, o por estar organizados de manera clandestina. Es un atentado a los cimientos de la democracia, contra la igualdad y la diversidad, pero sobre todo porque las personas LGTBI tambi\u00e9n fuimos constituyentes en aquellos duros momentos y conseguimos incluir en la democracia avances de los que hoy disfruta mucha gente\u201d.<\/p>\n<figure><picture class=\"news-image\"><source srcset=\"https:\/\/static.eldiario.es\/clip\/58eb4dd4-fe17-4d17-ae7c-af9e856696bc_16-9-aspect-ratio_50p_0.webp\" type=\"image\/webp\" media=\"(max-width: 576px)\" \/><source srcset=\"https:\/\/static.eldiario.es\/clip\/58eb4dd4-fe17-4d17-ae7c-af9e856696bc_16-9-aspect-ratio_50p_0.jpg\" type=\"image\/jpg\" media=\"(max-width: 576px)\" \/><source srcset=\"https:\/\/static.eldiario.es\/clip\/58eb4dd4-fe17-4d17-ae7c-af9e856696bc_16-9-aspect-ratio_75p_0.webp\" type=\"image\/webp\" media=\"(max-width: 768px)\" \/><source srcset=\"https:\/\/static.eldiario.es\/clip\/58eb4dd4-fe17-4d17-ae7c-af9e856696bc_16-9-aspect-ratio_75p_0.jpg\" type=\"image\/jpg\" media=\"(max-width: 768px)\" \/><source srcset=\"https:\/\/static.eldiario.es\/clip\/58eb4dd4-fe17-4d17-ae7c-af9e856696bc_16-9-aspect-ratio_default_0.webp\" type=\"image\/webp\" media=\"(min-width: 769px)\" \/><source srcset=\"https:\/\/static.eldiario.es\/clip\/58eb4dd4-fe17-4d17-ae7c-af9e856696bc_16-9-aspect-ratio_default_0.jpg\" type=\"image\/jpg\" media=\"(min-width: 769px)\" \/><source srcset=\"https:\/\/static.eldiario.es\/clip\/58eb4dd4-fe17-4d17-ae7c-af9e856696bc_16-9-aspect-ratio_default_0.webp\" type=\"image\/webp\" \/><img decoding=\"async\" class=\"lazy entered loaded\" src=\"https:\/\/static.eldiario.es\/clip\/58eb4dd4-fe17-4d17-ae7c-af9e856696bc_16-9-aspect-ratio_default_0.jpg\" alt=\"\" data-src=\"https:\/\/static.eldiario.es\/clip\/58eb4dd4-fe17-4d17-ae7c-af9e856696bc_16-9-aspect-ratio_default_0.jpg\" data-ll-status=\"loaded\" \/><\/picture><figcaption class=\"image-footer\"><span class=\"title\"><span class=\"title\">Estado actual de la misma pintada junto a la que se sent\u00f3 Cambroll\u00e9 hace cinco a\u00f1os\u00a0<span class=\"author\">JRS<\/span><\/span><\/span>&nbsp;<\/p>\n<\/figcaption><\/figure>\n<\/div>\n<\/div>\n<\/div>\n<\/div>\n<p><a href=\"https:\/\/www.eldiario.es\/sevilla\/junta-andalucia-borra-primeras-pintadas-activistas-lgtbi-1978-juzgados-sevilla_1_10364900.html\">https:\/\/www.eldiario.es\/sevilla\/junta-andalucia-borra-primeras-pintadas-activistas-lgtbi-1978-juzgados-sevilla_1_10364900.html<\/a><\/p>\n<p>&nbsp;<\/p>\n","protected":false},"excerpt":{"rendered":"<p>Hace cinco a\u00f1os, el Movimiento Homosexual de Acci\u00f3n Revolucionaria solicit\u00f3 su se\u00f1alamiento y preservaci\u00f3n como Lugar de Memoria Hist\u00f3rica, pero una limpieza \u201crutinaria\u201d ha acabado pr\u00e1cticamente con ellas<\/p>\n","protected":false},"author":1,"featured_media":802,"comment_status":"open","ping_status":"open","sticky":false,"template":"","format":"standard","meta":{"footnotes":""},"categories":[30,15],"tags":[],"class_list":["post-801","post","type-post","status-publish","format-standard","has-post-thumbnail","hentry","category-en_portada","category-noticias"],"brizy_media":[],"_links":{"self":[{"href":"https:\/\/plataformatrans.es\/index.php\/wp-json\/wp\/v2\/posts\/801","targetHints":{"allow":["GET"]}}],"collection":[{"href":"https:\/\/plataformatrans.es\/index.php\/wp-json\/wp\/v2\/posts"}],"about":[{"href":"https:\/\/plataformatrans.es\/index.php\/wp-json\/wp\/v2\/types\/post"}],"author":[{"embeddable":true,"href":"https:\/\/plataformatrans.es\/index.php\/wp-json\/wp\/v2\/users\/1"}],"replies":[{"embeddable":true,"href":"https:\/\/plataformatrans.es\/index.php\/wp-json\/wp\/v2\/comments?post=801"}],"version-history":[{"count":1,"href":"https:\/\/plataformatrans.es\/index.php\/wp-json\/wp\/v2\/posts\/801\/revisions"}],"predecessor-version":[{"id":803,"href":"https:\/\/plataformatrans.es\/index.php\/wp-json\/wp\/v2\/posts\/801\/revisions\/803"}],"wp:featuredmedia":[{"embeddable":true,"href":"https:\/\/plataformatrans.es\/index.php\/wp-json\/wp\/v2\/media\/802"}],"wp:attachment":[{"href":"https:\/\/plataformatrans.es\/index.php\/wp-json\/wp\/v2\/media?parent=801"}],"wp:term":[{"taxonomy":"category","embeddable":true,"href":"https:\/\/plataformatrans.es\/index.php\/wp-json\/wp\/v2\/categories?post=801"},{"taxonomy":"post_tag","embeddable":true,"href":"https:\/\/plataformatrans.es\/index.php\/wp-json\/wp\/v2\/tags?post=801"}],"curies":[{"name":"wp","href":"https:\/\/api.w.org\/{rel}","templated":true}]}}