{"id":797,"date":"2023-07-05T18:33:36","date_gmt":"2023-07-05T16:33:36","guid":{"rendered":"https:\/\/plataformatrans.es\/?p=797"},"modified":"2025-01-23T10:30:28","modified_gmt":"2025-01-23T08:30:28","slug":"irene-montero-convence-a-15-paises-para-impulsar-la-autodeterminacion-de-genero-en-la-ue","status":"publish","type":"post","link":"https:\/\/plataformatrans.es\/index.php\/2023\/07\/05\/irene-montero-convence-a-15-paises-para-impulsar-la-autodeterminacion-de-genero-en-la-ue\/","title":{"rendered":"Irene Montero convence a 15 pa\u00edses para impulsar la autodeterminaci\u00f3n de g\u00e9nero en la UE"},"content":{"rendered":"<div class=\"row\">\n<div class=\"col-xs-12 col-sm-12 col-md-12\">\n<header class=\"ep-detail-header\">\n<p class=\"title\"><span style=\"font-size: 40px;\">Espa\u00f1a, Francia, Alemania y otros trece pa\u00edses firman, en el marco de la presidencia espa\u00f1ola del Consejo de la Uni\u00f3n Europea, una declaraci\u00f3n en la que se insta a los Estados miembro a garantizar la autodeterminaci\u00f3n del g\u00e9nero y el cambio legal de sexo sin requisitos que impliquen considerar enfermas a las personas trans.<\/span><\/p>\n<\/header>\n<\/div>\n<\/div>\n<div class=\"row\">\n<div class=\"col-xs-12 col-sm-12 col-md-8 \">\n<div class=\"ep-detail-body\">\n<div class=\"ep-media\"><\/div>\n<div class=\"box-left\">\n<div class=\"ep-toolbar\">\n<div class=\"opened\">\n<div class=\"signature\">\n<div class=\"txt\"><span class=\"author-link\">Por Violeta Molina Gallardo<\/span><\/div>\n<\/div>\n<\/div>\n<div class=\"trustproject\"><\/div>\n<div class=\"block block-share\"><\/div>\n<\/div>\n<\/div>\n<p>El Gobierno de Espa\u00f1a, a trav\u00e9s de su Ministerio de Igualdad, ha reclutado a otros catorce pa\u00edses de la Uni\u00f3n Europea, incluidos Francia y Alemania, para\u00a0<strong>la defensa de los derechos del colectivo\u00a0<\/strong>LGTBIQ. En el marco de la presidencia espa\u00f1ola del Consejo de la Uni\u00f3n Europea, 16 Estados miembro han firmado una declaraci\u00f3n conjunta en la que se pide el reconocimiento de la autodeterminaci\u00f3n de g\u00e9nero de las personas trans, el cambio legal de sexo sin requisitos degradantes y la persecuci\u00f3n de las terapias de conversi\u00f3n de la orientaci\u00f3n sexual o la identidad de g\u00e9nero en los pa\u00edses de la Uni\u00f3n.<\/p>\n<p>Francia, Alemania, Suecia, Dinamarca, Finlandia, B\u00e9lgica, Pa\u00edses Bajos, Portugal, Irlanda, Eslovenia, Estonia, Lituania, Luxemburgo, Malta y Chipre se han adherido junto a Espa\u00f1a a la\u00a0<em>Declaraci\u00f3n de\u00a0<\/em><em><strong>ministros y ministras responsables de pol\u00edticas LGTBIQ<\/strong><\/em><em>\u00a0en la UE \u00abAvanzando en los derechos LGTBIQ en Europa\u00bb<\/em>, rubricada este mi\u00e9rcoles en un evento de alto nivel celebrado en Madrid\u00a0con motivo de la presidencia espa\u00f1ola.<\/p>\n<p>El documento recoge una serie de llamamientos dirigidos a la Comisi\u00f3n Europea y otros a los Estados miembro y se hace eco de que \u00aben los \u00faltimos a\u00f1os se han producido diversas situaciones que ponen en riesgo de retroceso los derechos de las personas lesbianas, gais, trans, bisexuales, intersexuales y\u00a0<em>queer<\/em>\u00a0y que han hecho\u00a0crecer el odio, la violencia y la discriminaci\u00f3n\u00a0hacia estas personas y, muy particularmente, hacia las personas trans\u00bb. Tambi\u00e9n denuncia que \u00abalgunas organizaciones pol\u00edticas y de la sociedad civil est\u00e1n haciendo campa\u00f1a para<strong>\u00a0revocar la legislaci\u00f3n vigente\u00bb sobre igualdad\u00a0<\/strong>y para \u00abimpedir el derecho al reconocimiento legal del g\u00e9nero sin requisitos inhumanos o degradantes\u00bb.<\/p>\n<h6>MENSAJE A LOS ESTADOS MIEMBRO<\/h6>\n<p>Ante esta situaci\u00f3n, los pa\u00edses firmantes piden a los 27 que garanticen el reconocimiento legal del g\u00e9nero por\u00a0<strong>procedimientos no patologizantes<\/strong>\u00a0(que no consideren enfermas a las personas trans ni les exijan pasar por tratamientos m\u00e9dicos o psicol\u00f3gicos) y basados en el principio de autodeterminaci\u00f3n. As\u00ed es en Espa\u00f1a\u00a0desde la aprobaci\u00f3n de la ley trans.<\/p>\n<p>Entre las peticiones, figuran adem\u00e1s la prohibici\u00f3n y persecuci\u00f3n de\u00a0<strong>pr\u00e1cticas de conversi\u00f3n de la orientaci\u00f3n sexual<\/strong>\u00a0o la identidad de g\u00e9nero, pues \u00abpueden causar graves da\u00f1os psicol\u00f3gicos y f\u00edsicos en sus v\u00edctimas\u00bb e incluso \u00abpueden constituir tortura\u00bb; y una educaci\u00f3n integral a la juventud sobre sexualidad y relaciones que est\u00e9 basada en una perspectiva de igualdad de g\u00e9nero y diversidad sexual.<\/p>\n<p>Otras recomendaciones que han dirigido a los pa\u00edses de la UE son la erradicaci\u00f3n de discriminaciones del colectivo LGTBIQ en su<strong>\u00a0acceso al sistema sanitario<\/strong>, con especial atenci\u00f3n a los\u00a0tratamientos de reproducci\u00f3n asistida y fertilidad; acabar con cirug\u00edas y tratamientos innecesarios de menores intersexuales; y aprobar estrategias nacionales para combatir la discriminaci\u00f3n del colectivo. A nivel internacional, instan a los Estados a promover la despenalizaci\u00f3n de la homosexualidad y transexualidad en el mundo y a\u00a0apoyar a las organizaciones de la sociedad civil y a los defensores de los derechos humanos de las personas LGTBIQ.<\/p>\n<h6>RECOMENDACIONES A LA COMISI\u00d3N EUROPEA<\/h6>\n<p>Los ministras y ministras de igualdad LGTBIQ firmantes de esta Declaraci\u00f3n tambi\u00e9n se dirigen a la Comisi\u00f3n Europea, a la que \u00abinvitan\u00bb a mantener su compromiso con el impulso de una<strong>\u00a0segunda estrategia LGTBIQ a partir de 2025<\/strong>\u00a0y el mantenimiento del cargo de comisaria de Igualdad \u00abcon un mandato firme para integrar los derechos LGTBIQ en todas las pol\u00edticas de la UE\u00bb y garantizar la protecci\u00f3n de esos derechos en todos los Estados.<\/p>\n<p>Instan asimismo a la Comisi\u00f3n a que promueva la recogida de datos fiables y comparables para\u00a0<strong>evaluar la situaci\u00f3n del colectivo<\/strong>\u00a0y poder abordar de manera efectiva las desigualdades que padece; a que adopte medidas \u00abah\u00ed donde sea necesario\u00bb para garantizar que los Estados miembro reconozcan la filiaci\u00f3n de la infancia tal y como se establece en otro estado miembro; o a que supervise que se respetan los derechos fundamentales.<\/p>\n<h6>REUNI\u00d3N EN MADRID<\/h6>\n<p>La firma de esta Declaraci\u00f3n se ha ejecutado en el evento de alto nivel\u00a0<em><strong>Avanzando los derechos LGTBIQ<\/strong><\/em><em>\u00a0en Europa<\/em>, organizado por el Ministerio de Igualdad del Gobierno de Espa\u00f1a en el marco de la presidencia espa\u00f1ola y coincidiendo con el Orgullo.<\/p>\n<p>El acto, indica la Comisi\u00f3n Europea, \u00absupone una llamada de atenci\u00f3n sobre la discriminaci\u00f3n que sufren las personas LGBTIQ+ y sobre<strong>\u00a0la necesidad de impulsar la igualdad<\/strong>\u00a0en todos sus aspectos\u00bb.<\/p>\n<p>Violencia, discriminaci\u00f3n, discursos y delitos de odio, pero tambi\u00e9n derechos son cuestiones que se abordan en el encuentro, en el que participar\u00e1 la comisaria de Igualdad de la UE,<strong>\u00a0Helena Dalli<\/strong>, y en el que se reunir\u00e1n los altos responsables de las pol\u00edticas LGTBIQ de Espa\u00f1a, Suecia, Francia, Eslovenia, Portugal, Estonia, Pa\u00edses Bajos, Chipre y B\u00e9lgica.<\/p>\n<p>Dalli ha solicitado que los Estados miembro pongan en marcha planes de acci\u00f3n nacionales que garanticen la igualdad del colectivo y que se avance en la\u00a0<strong>protecci\u00f3n frente a las agresiones\u00a0<\/strong>(incluidos la incitaci\u00f3n al odio y los delitos de odio), el reconocimiento mutuo de la paternidad en situaciones transfronterizas y en el acuerdo sobre la directiva de igualdad de trato.<\/p>\n<p><a href=\"https:\/\/www.elperiodico.com\/es\/politica\/20230705\/irene-montero-convence-15-paises-89490432\">https:\/\/www.elperiodico.com\/es\/politica\/20230705\/irene-montero-convence-15-paises-89490432\u00a0<\/a><\/p>\n<\/div>\n<\/div>\n<\/div>\n","protected":false},"excerpt":{"rendered":"<p>Espa\u00f1a, Francia, Alemania y otros trece pa\u00edses firman, en el marco de la presidencia espa\u00f1ola del Consejo de la Uni\u00f3n Europea, una declaraci\u00f3n en la que se insta a los Estados miembro a garantizar la autodeterminaci\u00f3n del g\u00e9nero y el cambio legal de sexo sin requisitos que impliquen considerar enfermas a las personas trans.<\/p>\n","protected":false},"author":1,"featured_media":798,"comment_status":"open","ping_status":"open","sticky":false,"template":"","format":"standard","meta":{"footnotes":""},"categories":[30,15],"tags":[],"class_list":["post-797","post","type-post","status-publish","format-standard","has-post-thumbnail","hentry","category-en_portada","category-noticias"],"brizy_media":[],"_links":{"self":[{"href":"https:\/\/plataformatrans.es\/index.php\/wp-json\/wp\/v2\/posts\/797","targetHints":{"allow":["GET"]}}],"collection":[{"href":"https:\/\/plataformatrans.es\/index.php\/wp-json\/wp\/v2\/posts"}],"about":[{"href":"https:\/\/plataformatrans.es\/index.php\/wp-json\/wp\/v2\/types\/post"}],"author":[{"embeddable":true,"href":"https:\/\/plataformatrans.es\/index.php\/wp-json\/wp\/v2\/users\/1"}],"replies":[{"embeddable":true,"href":"https:\/\/plataformatrans.es\/index.php\/wp-json\/wp\/v2\/comments?post=797"}],"version-history":[{"count":2,"href":"https:\/\/plataformatrans.es\/index.php\/wp-json\/wp\/v2\/posts\/797\/revisions"}],"predecessor-version":[{"id":800,"href":"https:\/\/plataformatrans.es\/index.php\/wp-json\/wp\/v2\/posts\/797\/revisions\/800"}],"wp:featuredmedia":[{"embeddable":true,"href":"https:\/\/plataformatrans.es\/index.php\/wp-json\/wp\/v2\/media\/798"}],"wp:attachment":[{"href":"https:\/\/plataformatrans.es\/index.php\/wp-json\/wp\/v2\/media?parent=797"}],"wp:term":[{"taxonomy":"category","embeddable":true,"href":"https:\/\/plataformatrans.es\/index.php\/wp-json\/wp\/v2\/categories?post=797"},{"taxonomy":"post_tag","embeddable":true,"href":"https:\/\/plataformatrans.es\/index.php\/wp-json\/wp\/v2\/tags?post=797"}],"curies":[{"name":"wp","href":"https:\/\/api.w.org\/{rel}","templated":true}]}}