{"id":714,"date":"2023-06-16T00:02:33","date_gmt":"2023-06-15T22:02:33","guid":{"rendered":"https:\/\/plataformatrans.es\/?p=714"},"modified":"2023-06-24T18:09:31","modified_gmt":"2023-06-24T16:09:31","slug":"una-treintena-de-colectivos-lgtbi-piden-a-yolanda-diaz-que-levante-el-veto-a-irene-montero","status":"publish","type":"post","link":"https:\/\/plataformatrans.es\/index.php\/2023\/06\/16\/una-treintena-de-colectivos-lgtbi-piden-a-yolanda-diaz-que-levante-el-veto-a-irene-montero\/","title":{"rendered":"Una treintena de colectivos LGTBI piden a Yolanda D\u00edaz que levante el veto a Irene Montero"},"content":{"rendered":"<hr \/>\n<header class=\"article-top-header col-12\">\n<div class=\"article-top\">\n<div class=\"article-top-titles\">\n<div class=\"title-container\"><\/div>\n<div class=\"supra-title-container\">\n<h6 class=\"supra-title\">M\u00e1s de 30 entidades trans y LGTBI han remitido este jueves una carta a la vicepresidenta segunda del Gobierno y candidata de Sumar a las elecciones generales del 23 de julio, Yolanda D\u00edaz, para pedirle que \u00ablevante el veto\u00bb a la presencia de la ministra de Igualdad, Irene Montero, en las listas de su partido al Congreso.<\/h6>\n<\/div>\n<\/div>\n<\/div>\n<\/header>\n<div class=\"article-content col-12 col-md-8\">\n<div class=\"article-info\">\n<div class=\"social-buttons social-share\" data-gtm-element=\"leaf-social-share-top\">\n<div class=\"social-right\">Madrid, 15 jun (EFE).- M\u00e1s de 30 entidades trans y LGTBI han remitido este jueves una carta a la vicepresidenta segunda del Gobierno y candidata de Sumar a las elecciones generales del 23 de julio, Yolanda D\u00edaz, para pedirle que \u00ablevante el veto\u00bb a la presencia de la ministra de Igualdad, Irene Montero, en las listas de su partido al Congreso.<\/div>\n<\/div>\n<\/div>\n<div class=\"article-modules\" data-mrf-recirculation=\"Enlaces en p\u00e1rrafos\">\n<p class=\"paragraph\" data-gtm-element-container=\"modulo-texto-link\">Las organizaciones firmantes, lideradas por la Federaci\u00f3n Plataforma Trans, consideran que Montero es un \u00abs\u00edmbolo para el movimiento LGTBI y el feminismo\u00bb porque \u00abha mostrado una gran sensibilidad\u00bb hacia el colectivo con gestos como el impulso de la ley trans, que, seg\u00fan la carta, \u00absalda una deuda hist\u00f3rica\u00bb del Estado.<\/p>\n<p class=\"paragraph\" data-gtm-element-container=\"modulo-texto-link\">En la misiva, las entidades tambi\u00e9n elogian que la ministra haya \u00absoportando con valent\u00eda los ataques feroces la ultraderecha y de sectores reaccionarios del movimiento TERF\u00bb, en alusi\u00f3n a las feministas que se ha mostrado contrarias a la norma con la que se hace posible en Espa\u00f1a la autodeterminaci\u00f3n de g\u00e9nero.<\/p>\n<p class=\"paragraph\" data-gtm-element-container=\"modulo-texto-link\">\u00abNo podemos permitir prescindir de su figura ante el constatado avance del fascismo, renunciar a ella es entregar una victoria a quienes est\u00e1n en contra de nuestros derechos y libertades\u00bb, subrayan.<\/p>\n<p class=\"paragraph\" data-gtm-element-container=\"modulo-texto-link\">Asimismo, la carta recuerda a D\u00edaz que \u00abes importante sumar desde activos pol\u00edticos que aglutinen voluntades y deseos plurales de transformaci\u00f3n\u00bb, algo que los firmantes consideran clave para \u00abpoder movilizar y ser alternativa\u00bb a un Gobierno de las derechas.<\/p>\n<p class=\"paragraph\" data-gtm-element-container=\"modulo-texto-link\">Entre las 34 organizaciones signatarias, adem\u00e1s de la Plataforma Trans, se encuentran la Asociaci\u00f3n Trans de Andaluc\u00eda, Arco Iris, ATC LLibertat de Catalu\u00f1a, Asociaci\u00f3n de Familias Trans de Galicia, Loratuz Lotu de Euskadi, Visi\u00f3n Trans de Arag\u00f3n, Euforia, Balears Diversa, ATC Rainbow de Castilla y Le\u00f3n, Transboys de Canarias, Ilota Ledo de Navarra y Castell\u00f3 LGTBI, entre otras. EFE<\/p>\n<p><a href=\"https:\/\/www.lavanguardia.com\/vida\/20230615\/9043590\/treintena-colectivos-lgtbi-piden-yolanda-diaz-levante-veto-irene-montero.html\">https:\/\/www.lavanguardia.com\/vida\/20230615\/9043590\/treintena-colectivos-lgtbi-piden-yolanda-diaz-levante-veto-irene-montero.html<\/a><\/p>\n<\/div>\n<\/div>\n","protected":false},"excerpt":{"rendered":"<p>M\u00e1s de 30 entidades trans y LGTBI han remitido este jueves una carta a la vicepresidenta segunda del Gobierno y candidata de Sumar a las elecciones generales del 23 de julio, Yolanda D\u00edaz, para pedirle que \u00ablevante el veto\u00bb a la presencia de la ministra de Igualdad, Irene Montero, en las listas de su partido [&hellip;]<\/p>\n","protected":false},"author":1,"featured_media":716,"comment_status":"open","ping_status":"open","sticky":false,"template":"","format":"standard","meta":{"footnotes":""},"categories":[30,15],"tags":[],"class_list":["post-714","post","type-post","status-publish","format-standard","has-post-thumbnail","hentry","category-en_portada","category-noticias"],"brizy_media":[],"_links":{"self":[{"href":"https:\/\/plataformatrans.es\/index.php\/wp-json\/wp\/v2\/posts\/714","targetHints":{"allow":["GET"]}}],"collection":[{"href":"https:\/\/plataformatrans.es\/index.php\/wp-json\/wp\/v2\/posts"}],"about":[{"href":"https:\/\/plataformatrans.es\/index.php\/wp-json\/wp\/v2\/types\/post"}],"author":[{"embeddable":true,"href":"https:\/\/plataformatrans.es\/index.php\/wp-json\/wp\/v2\/users\/1"}],"replies":[{"embeddable":true,"href":"https:\/\/plataformatrans.es\/index.php\/wp-json\/wp\/v2\/comments?post=714"}],"version-history":[{"count":1,"href":"https:\/\/plataformatrans.es\/index.php\/wp-json\/wp\/v2\/posts\/714\/revisions"}],"predecessor-version":[{"id":717,"href":"https:\/\/plataformatrans.es\/index.php\/wp-json\/wp\/v2\/posts\/714\/revisions\/717"}],"wp:featuredmedia":[{"embeddable":true,"href":"https:\/\/plataformatrans.es\/index.php\/wp-json\/wp\/v2\/media\/716"}],"wp:attachment":[{"href":"https:\/\/plataformatrans.es\/index.php\/wp-json\/wp\/v2\/media?parent=714"}],"wp:term":[{"taxonomy":"category","embeddable":true,"href":"https:\/\/plataformatrans.es\/index.php\/wp-json\/wp\/v2\/categories?post=714"},{"taxonomy":"post_tag","embeddable":true,"href":"https:\/\/plataformatrans.es\/index.php\/wp-json\/wp\/v2\/tags?post=714"}],"curies":[{"name":"wp","href":"https:\/\/api.w.org\/{rel}","templated":true}]}}