{"id":694,"date":"2023-06-01T19:03:19","date_gmt":"2023-06-01T17:03:19","guid":{"rendered":"https:\/\/plataformatrans.es\/?p=694"},"modified":"2023-06-16T00:02:49","modified_gmt":"2023-06-15T22:02:49","slug":"el-7-de-julio-se-estrena-la-pelicula-te-estoy-amando-locamente-sobre-la-lucha-por-la-derogacion-de-la-ley-peligrosidad-social-en-la-andalucia-de-la-transicion","status":"publish","type":"post","link":"https:\/\/plataformatrans.es\/index.php\/2023\/06\/01\/el-7-de-julio-se-estrena-la-pelicula-te-estoy-amando-locamente-sobre-la-lucha-por-la-derogacion-de-la-ley-peligrosidad-social-en-la-andalucia-de-la-transicion\/","title":{"rendered":"El 7 de julio se estrena la pel\u00edcula \u00abTe estoy amando locamente\u00bb, sobre la lucha por la derogaci\u00f3n de la Ley peligrosidad social en la Andaluc\u00eda de la transici\u00f3n"},"content":{"rendered":"<p>El pr\u00f3ximo 7 de julio llega a la gran pantalla la pel\u00edcula dirigida por Alejandro Mar\u00edn \u00abTe estoy amando locamente\u00bb, una pel\u00edcula que nos ubica en la Andaluc\u00eda de la transici\u00f3n y narra la lucha por la derogaci\u00f3n de la Ley de peligrosidad social y por la amnist\u00eda sexual a trav\u00e9s de la historia de Miguel y su madre, Reme.<\/p>\n<p>La historia nos traslada a Sevilla en 1977, un momento en que la Ley de peligrosidad social sigue vigente y en consecuencia la homosexualidad est\u00e1 perseguida. Reme es la madre de Miguel, un joven que aspira a ser artista. Por amor a su hijo Reme vence sus prejuicios involucr\u00e1ndose en el naciente movimiento LGTBI andaluz, y concretamente en el <strong>Movimiento Homosexual de Acci\u00f3n Revolucionaria<\/strong>. Una historia que trae a la luz a aquellas valientes personas, pioneras en la lucha por los derechos del colectivo LGTBI en el Estado espa\u00f1ol y que consiguieron avanzar en derechos y acabar con la persecuci\u00f3n legal de la homosexualidad, cuando el 26 diciembre de 1978 se modificaba la ley de peligrosidad y rehabilitaci\u00f3n social, derogando su art\u00edculo tercero, que persegu\u00eda condenaba a personas homosexuales..<\/p>\n<blockquote class=\"twitter-tweet\" data-width=\"550\" data-dnt=\"true\">\n<p lang=\"es\" dir=\"ltr\">\ud83c\udfac Tr\u00e1iler TE ESTOY AMANDO LOCAMENTE, la pel\u00edcula sobre el movimiento LGTBI andaluz de los 70 que se estrena el pr\u00f3ximo 7 de julio<br \/>\ud83c\udf08 Orgullo de haber sido fundadora del MHAR primera organizaci\u00f3n en la clandestinidad que junto a otras conseguimos en 1978 la abolici\u00f3n de la Ley de\u2026 <a href=\"https:\/\/t.co\/oLoQovAAsT\">pic.twitter.com\/oLoQovAAsT<\/a><\/p>\n<p>&mdash; \ud83d\udd3bMar Cambroll\u00e9 \ud83c\udff3\ufe0f\u200d\u26a7\ufe0f Hay Ley Trans (@CambrolleMar) <a href=\"https:\/\/twitter.com\/CambrolleMar\/status\/1663997760285077507?ref_src=twsrc%5Etfw\">May 31, 2023<\/a><\/p><\/blockquote>\n<p><script async src=\"https:\/\/platform.twitter.com\/widgets.js\" charset=\"utf-8\"><\/script><\/p>\n<p>La pel\u00edcula est\u00e1 protagonizada por \u00a0Ana Wagener en el papel de Reme, Omar Banana\u00a0en el papel de Miguel y Alba Flores. La actriz trans Lola Buz\u00f3n interpreta a Mar Cambroll\u00e9, presidenta de nuestra Federaci\u00f3n y fundadora del <strong>Movimiento Homosexual de Acci\u00f3n Revolucionaria\u00a0<\/strong>(en aquel momento era conocida como &#8216;Paca la brava&#8217;). Adem\u00e1s tambi\u00e9n participan en el reparto Carmen Orellana, La Dani, Alex De la Croix, Jes\u00fas Carroza, Mari Paz Sayago y Manuel Mor\u00f3n.<\/p>\n<blockquote class=\"twitter-tweet\" data-width=\"550\" data-dnt=\"true\">\n<p lang=\"es\" dir=\"ltr\">\u203c\ufe0fTengo la alegr\u00eda de anunciar el estreno de la pel\u00edcula &quot;Te estoy amando locamente&quot; \ud83d\udc95<br \/>Inmenso honor que la actriz Trans <a href=\"https:\/\/twitter.com\/lolabuzonactriz?ref_src=twsrc%5Etfw\">@lolabuzonactriz<\/a> me interprete cuando yo ten\u00eda 20 a\u00f1os y era conocida como Paca La Brava, \ud83d\udce3 en mano \ud83d\udc9c <br \/>El 7 de julio en cines \ud83c\udff3\ufe0f\u200d\ud83c\udf08\ud83c\udff3\ufe0f\u200d\u26a7\ufe0f <a href=\"https:\/\/t.co\/Oxo6iK5O9G\">pic.twitter.com\/Oxo6iK5O9G<\/a><\/p>\n<p>&mdash; \ud83d\udd3bMar Cambroll\u00e9 \ud83c\udff3\ufe0f\u200d\u26a7\ufe0f Hay Ley Trans (@CambrolleMar) <a href=\"https:\/\/twitter.com\/CambrolleMar\/status\/1656651085434728449?ref_src=twsrc%5Etfw\">May 11, 2023<\/a><\/p><\/blockquote>\n<p><script async src=\"https:\/\/platform.twitter.com\/widgets.js\" charset=\"utf-8\"><\/script><\/p>\n<p>En palabras de Alejandro Mar\u00edn, director de la pel\u00edcula: <em>\u00abLo m\u00e1s emocionante de este rodaje ha sido ver al reparto y al equipo t\u00e9cnico tan conectados personalmente con la historia que est\u00e1bamos contando.\u00a0Estoy convencido de que la entrega, la honestidad y el cari\u00f1o desde el que se han hecho las cosas se traslada de alguna forma a las im\u00e1genes de la pel\u00edcula. Ojal\u00e1 poder trabajar siempre as\u00ed y que sin saber el resultado, ya haya merecido la pena\u00bb.<\/em><\/p>\n","protected":false},"excerpt":{"rendered":"<p>El pr\u00f3ximo 7 de julio llega a la gran pantalla la pel\u00edcula dirigida por Alejandro Mar\u00edn \u00abTe estoy amando locamente\u00bb, una pel\u00edcula que nos ubica en la Andaluc\u00eda de la transici\u00f3n y narra la lucha por la derogaci\u00f3n de la Ley de peligrosidad social y por la amnist\u00eda sexual a trav\u00e9s de la historia de [&hellip;]<\/p>\n","protected":false},"author":1,"featured_media":696,"comment_status":"open","ping_status":"open","sticky":false,"template":"","format":"standard","meta":{"footnotes":""},"categories":[30,15],"tags":[],"class_list":["post-694","post","type-post","status-publish","format-standard","has-post-thumbnail","hentry","category-en_portada","category-noticias"],"brizy_media":[],"_links":{"self":[{"href":"https:\/\/plataformatrans.es\/index.php\/wp-json\/wp\/v2\/posts\/694","targetHints":{"allow":["GET"]}}],"collection":[{"href":"https:\/\/plataformatrans.es\/index.php\/wp-json\/wp\/v2\/posts"}],"about":[{"href":"https:\/\/plataformatrans.es\/index.php\/wp-json\/wp\/v2\/types\/post"}],"author":[{"embeddable":true,"href":"https:\/\/plataformatrans.es\/index.php\/wp-json\/wp\/v2\/users\/1"}],"replies":[{"embeddable":true,"href":"https:\/\/plataformatrans.es\/index.php\/wp-json\/wp\/v2\/comments?post=694"}],"version-history":[{"count":3,"href":"https:\/\/plataformatrans.es\/index.php\/wp-json\/wp\/v2\/posts\/694\/revisions"}],"predecessor-version":[{"id":699,"href":"https:\/\/plataformatrans.es\/index.php\/wp-json\/wp\/v2\/posts\/694\/revisions\/699"}],"wp:featuredmedia":[{"embeddable":true,"href":"https:\/\/plataformatrans.es\/index.php\/wp-json\/wp\/v2\/media\/696"}],"wp:attachment":[{"href":"https:\/\/plataformatrans.es\/index.php\/wp-json\/wp\/v2\/media?parent=694"}],"wp:term":[{"taxonomy":"category","embeddable":true,"href":"https:\/\/plataformatrans.es\/index.php\/wp-json\/wp\/v2\/categories?post=694"},{"taxonomy":"post_tag","embeddable":true,"href":"https:\/\/plataformatrans.es\/index.php\/wp-json\/wp\/v2\/tags?post=694"}],"curies":[{"name":"wp","href":"https:\/\/api.w.org\/{rel}","templated":true}]}}