{"id":2855,"date":"2026-01-22T21:11:26","date_gmt":"2026-01-22T19:11:26","guid":{"rendered":"http:\/\/plataformatrans.es\/?p=2855"},"modified":"2026-01-22T21:11:26","modified_gmt":"2026-01-22T19:11:26","slug":"irunea-21-de-febrero-acto-publico-mas-alla-del-silencio-violencia-de-genero-en-mujeres-trans","status":"publish","type":"post","link":"https:\/\/plataformatrans.es\/index.php\/2026\/01\/22\/irunea-21-de-febrero-acto-publico-mas-alla-del-silencio-violencia-de-genero-en-mujeres-trans\/","title":{"rendered":"[Iru\u00f1ea] 21 de febrero, acto p\u00fablico: \u00abMas all\u00e1 del silencio: violencia de g\u00e9nero en mujeres trans"},"content":{"rendered":"<h5><a href=\"https:\/\/www.lahaine.org\/mm_ss_est_esp.php\/irunea-21-de-febrero-acto-publico-mas\">[Iru\u00f1ea] 21 de febrero, acto p\u00fablico: \u00abMas all\u00e1 del silencio: violencia de g\u00e9nero en mujeres trans<\/a><\/h5>\n<p><img loading=\"lazy\" decoding=\"async\" class=\"alignnone size-medium wp-image-2856\" src=\"http:\/\/plataformatrans.es\/wp-content\/uploads\/2026\/01\/WhatsApp-Image-2026-01-22-at-10.15.06-240x300.jpeg\" alt=\"\" width=\"240\" height=\"300\" srcset=\"https:\/\/plataformatrans.es\/wp-content\/uploads\/2026\/01\/WhatsApp-Image-2026-01-22-at-10.15.06-240x300.jpeg 240w, https:\/\/plataformatrans.es\/wp-content\/uploads\/2026\/01\/WhatsApp-Image-2026-01-22-at-10.15.06-819x1024.jpeg 819w, https:\/\/plataformatrans.es\/wp-content\/uploads\/2026\/01\/WhatsApp-Image-2026-01-22-at-10.15.06-768x960.jpeg 768w, https:\/\/plataformatrans.es\/wp-content\/uploads\/2026\/01\/WhatsApp-Image-2026-01-22-at-10.15.06.jpeg 1080w\" sizes=\"auto, (max-width: 240px) 100vw, 240px\" \/><\/p>\n<p>\ud83d\udce2 Desde Plataforma Trans y DesperTRANS y con la colaboraci\u00f3n de los colectivos LGTBIAQ+ de Nafarroa organizamos el pr\u00f3ximo s\u00e1bado 21 de febrero un acto bajo el titulo \u00abMas all\u00e1 del silencio: violencia de g\u00e9nero en mujeres trans\ud83c\udff3\ufe0f\u200d\u26a7\ufe0f\u00bb, una ponencia de Mar Cambroll\u00e9, presidenta de la Federaci\u00f3n Plataformatrans<\/p>\n<p>\ud83d\udcc6 S\u00e1bado, 21 de febrero a las 18:00<\/p>\n<p>\ud83d\udccdPlazara! (Sala Plaza Sintagma).<br \/>\nC\/ Mayor 31. Iru\u00f1ea\/Pamplona<\/p>\n<p>\u27a1\ufe0fIniciativa de @plataformatrans y @despertrans<br \/>\nCon el apoyo de @igualdadgob<\/p>\n<p><img loading=\"lazy\" decoding=\"async\" class=\"alignnone size-medium wp-image-2857\" src=\"http:\/\/plataformatrans.es\/wp-content\/uploads\/2026\/01\/WhatsApp-Image-2026-01-21-at-12.52.08-240x300.jpeg\" alt=\"\" width=\"240\" height=\"300\" srcset=\"https:\/\/plataformatrans.es\/wp-content\/uploads\/2026\/01\/WhatsApp-Image-2026-01-21-at-12.52.08-240x300.jpeg 240w, https:\/\/plataformatrans.es\/wp-content\/uploads\/2026\/01\/WhatsApp-Image-2026-01-21-at-12.52.08-819x1024.jpeg 819w, https:\/\/plataformatrans.es\/wp-content\/uploads\/2026\/01\/WhatsApp-Image-2026-01-21-at-12.52.08-768x960.jpeg 768w, https:\/\/plataformatrans.es\/wp-content\/uploads\/2026\/01\/WhatsApp-Image-2026-01-21-at-12.52.08.jpeg 1080w\" sizes=\"auto, (max-width: 240px) 100vw, 240px\" \/><\/p>\n","protected":false},"excerpt":{"rendered":"<p>[Iru\u00f1ea] 21 de febrero, acto p\u00fablico: \u00abMas all\u00e1 del silencio: violencia de g\u00e9nero en mujeres trans \ud83d\udce2 Desde Plataforma Trans y DesperTRANS y con la colaboraci\u00f3n de los colectivos LGTBIAQ+ de Nafarroa organizamos el pr\u00f3ximo s\u00e1bado 21 de febrero un acto bajo el titulo \u00abMas all\u00e1 del silencio: violencia de g\u00e9nero en mujeres trans\ud83c\udff3\ufe0f\u200d\u26a7\ufe0f\u00bb, una [&hellip;]<\/p>\n","protected":false},"author":1,"featured_media":2856,"comment_status":"open","ping_status":"open","sticky":false,"template":"","format":"standard","meta":{"footnotes":""},"categories":[9,30],"tags":[],"class_list":["post-2855","post","type-post","status-publish","format-standard","has-post-thumbnail","hentry","category-agenda","category-en_portada"],"brizy_media":[],"_links":{"self":[{"href":"https:\/\/plataformatrans.es\/index.php\/wp-json\/wp\/v2\/posts\/2855","targetHints":{"allow":["GET"]}}],"collection":[{"href":"https:\/\/plataformatrans.es\/index.php\/wp-json\/wp\/v2\/posts"}],"about":[{"href":"https:\/\/plataformatrans.es\/index.php\/wp-json\/wp\/v2\/types\/post"}],"author":[{"embeddable":true,"href":"https:\/\/plataformatrans.es\/index.php\/wp-json\/wp\/v2\/users\/1"}],"replies":[{"embeddable":true,"href":"https:\/\/plataformatrans.es\/index.php\/wp-json\/wp\/v2\/comments?post=2855"}],"version-history":[{"count":1,"href":"https:\/\/plataformatrans.es\/index.php\/wp-json\/wp\/v2\/posts\/2855\/revisions"}],"predecessor-version":[{"id":2858,"href":"https:\/\/plataformatrans.es\/index.php\/wp-json\/wp\/v2\/posts\/2855\/revisions\/2858"}],"wp:featuredmedia":[{"embeddable":true,"href":"https:\/\/plataformatrans.es\/index.php\/wp-json\/wp\/v2\/media\/2856"}],"wp:attachment":[{"href":"https:\/\/plataformatrans.es\/index.php\/wp-json\/wp\/v2\/media?parent=2855"}],"wp:term":[{"taxonomy":"category","embeddable":true,"href":"https:\/\/plataformatrans.es\/index.php\/wp-json\/wp\/v2\/categories?post=2855"},{"taxonomy":"post_tag","embeddable":true,"href":"https:\/\/plataformatrans.es\/index.php\/wp-json\/wp\/v2\/tags?post=2855"}],"curies":[{"name":"wp","href":"https:\/\/api.w.org\/{rel}","templated":true}]}}