{"id":2607,"date":"2025-10-13T20:44:46","date_gmt":"2025-10-13T18:44:46","guid":{"rendered":"http:\/\/plataformatrans.es\/?p=2607"},"modified":"2025-12-22T14:55:46","modified_gmt":"2025-12-22T12:55:46","slug":"plataforma-trans-senala-a-interior-por-obstaculizar-los-derechos-de-las-personas-trans-migrantes","status":"publish","type":"post","link":"https:\/\/plataformatrans.es\/index.php\/2025\/10\/13\/plataforma-trans-senala-a-interior-por-obstaculizar-los-derechos-de-las-personas-trans-migrantes\/","title":{"rendered":"Plataforma Trans se\u00f1ala a Interior por obstaculizar los derechos de las personas trans migrantes"},"content":{"rendered":"<section class=\"cabecera\">\n<div class=\"container\">\n<div class=\"row\">\n<div id=\"compartirPrincipal\" class=\"col-md-6\">\n<h5><span class=\"titulo\">Plataforma Trans se\u00f1ala a Interior por obstaculizar los derechos de las personas trans migrantes<\/span><\/h5>\n<div class=\"entradilla\">El ministerio de Grande-Marlaska no ha dado instrucciones sobre c\u00f3mo adecuar la documentaci\u00f3n de personas trans extranjeras, lo que se traduce en la imposibilidad de hacerlo pese a que es un derecho que recoge la ley trans. Podemos ha registrado una pregunta y ha pedido una comparecencia para pedir explicaciones cuando se cumplen m\u00e1s de dos a\u00f1os y medios de la aprobaci\u00f3n de la norma.<\/div>\n<\/div>\n<\/div>\n<div class=\"row\">\n<div class=\"col-md-12\">\n<figure class=\"figure\">\n<div class=\"responsively-lazy  real\" data-proporcion=\"71.5\" data-phx-id=\"m112-phx-GG4fa0h5UY2MguWC\"><a title=\"Ver a: Patricia Reguero R\u00edos\" href=\"https:\/\/www.elsaltodiario.com\/autor\/patricia-reguero\" data-phx-link=\"redirect\" data-phx-link-state=\"push\">x Patricia Reguero R\u00edos<\/a><\/div><figcaption class=\"figure-caption\">\n<div class=\"row d-flex\">\n<div><\/div>\n<div class=\"pie\"><em>La presidenta de Plataforma Trans, delante de la pancarta, juntoa un grupo de activistas, en la convocatoria para denunciar el incumplimiento de los derechos de las personas trans migrantes.<\/em><\/div>\n<\/div>\n<\/figcaption><\/figure>\n<\/div>\n<\/div>\n<\/div>\n<\/section>\n<section id=\"articulo-textos\" class=\"contenido articulo-textos\">\n<div class=\"container\">\n<div class=\"row\">\n<div class=\"col-contenido med\">\n<div class=\"container\">\n<div class=\"row\">\n<div class=\"col-md-9\">\n<div class=\"contenido\">\n<div class=\"semi-fijo normal\">\n<div class=\"autores\">\n<div class=\"fecha_publi\">\n<div class=\"fecha\" data-phx-id=\"m114-phx-GG4fa0h5UY2MguWC\"><img loading=\"lazy\" decoding=\"async\" class=\"alignnone wp-image-2608 \" src=\"http:\/\/plataformatrans.es\/wp-content\/uploads\/2025\/10\/photo_2025-10-09-113344-1024x731.jpg\" alt=\"\" width=\"667\" height=\"476\" srcset=\"https:\/\/plataformatrans.es\/wp-content\/uploads\/2025\/10\/photo_2025-10-09-113344-1024x731.jpg 1024w, https:\/\/plataformatrans.es\/wp-content\/uploads\/2025\/10\/photo_2025-10-09-113344-300x214.jpg 300w, https:\/\/plataformatrans.es\/wp-content\/uploads\/2025\/10\/photo_2025-10-09-113344-768x548.jpg 768w, https:\/\/plataformatrans.es\/wp-content\/uploads\/2025\/10\/photo_2025-10-09-113344.jpg 1500w\" sizes=\"auto, (max-width: 667px) 100vw, 667px\" \/><\/div>\n<\/div>\n<\/div>\n<\/div>\n<div id=\"contenido-principal-articulo\" class=\"articulo-texto-contenido\">\n<p>La Federaci\u00f3n Plataforma Trans ha presentado dos quejas formales\u00a0por el incumplimiento del mandato legal establecido en la Ley para la igualdad real y efectiva de las personas trans y para la garant\u00eda de los derechos de las personas LGTBI, la\u00a0<a href=\"https:\/\/www.elsaltodiario.com\/ley-trans\/aprueba-congreso-abstencion-carmen-calvo\" target=\"_blank\" rel=\"noopener\">ley trans<\/a>, en materia de derechos de las personas trans migrantes, unas quejas que dirige\u00a0al Ministerio del Interior y al Defensor del Pueblo .<\/p>\n<p>Seg\u00fan la ley trans, las personas trans extranjeras que no puedan realizar la rectificaci\u00f3n registral de nombre y menci\u00f3n al sexo en sus pa\u00edses de origen tienen derecho a adecuar sus documentos en Espa\u00f1a. La ley,\u00a0<a href=\"https:\/\/www.elsaltodiario.com\/ley-trans\/aprueba-congreso-abstencion-carmen-calvo\" target=\"_blank\" rel=\"noopener\">aprobada en diciembre de 2022<\/a>, entr\u00f3 en vigor el 2 de marzo de 2023. El art\u00edculo que reconoce este derecho es el 50.1 y tambi\u00e9n indica que, para proceder a la adecuaci\u00f3n, \u201cla autoridad competente instar\u00e1 al Ministerio de Asuntos Exteriores, Uni\u00f3n Europea y Cooperaci\u00f3n a que recabe la informaci\u00f3n disponible en la representaci\u00f3n exterior de Espa\u00f1a que corresponda sobre si en el pa\u00eds de origen existen impedimentos legales o de hecho para llevar a cabo dicha rectificaci\u00f3n registral\u201d y que \u201cdicho Ministerio comunicar\u00e1 la informaci\u00f3n disponible a la autoridad solicitante en el plazo m\u00e1ximo de un mes\u201d.<\/p>\n<blockquote><p>La falta de protocolos est\u00e1 impidiendo el ejercicio de este derecho para que las personas trans extranjeras que no puedan realizar la rectificaci\u00f3n registral de nombre y menci\u00f3n al sexo en sus pa\u00edses de origen puedan adecuar sus documentos en Espa\u00f1a<\/p><\/blockquote>\n<p>En su disposici\u00f3n final decimonovena, la normativa insta a habilitar en el plazo m\u00e1ximo de un a\u00f1o los procedimientos reglamentarios necesarios para la adecuaci\u00f3n documental de las personas trans migrantes. Sin embargo, el Ministerio del Interior no ha aprobado las disposiciones que permitan a las personas trans migrantes modificar su documentaci\u00f3n conforme a su identidad de g\u00e9nero, como denuncia Plataforma Trans. Y esta falta de protocolos est\u00e1 impidiendo el ejercicio de este derecho, tal y como advirti\u00f3 este medio en\u00a0<a href=\"https:\/\/www.elsaltodiario.com\/ley-trans\/personas-trans-extranjeras-cambio-documentos-ley-trans-barreras\" target=\"_blank\" rel=\"noopener\">febrero de 2024<\/a>\u00a0y en\u00a0<a href=\"https:\/\/www.elsaltodiario.com\/lgtbiq\/16000-kilometros-thrixia-identidad\" target=\"_blank\" rel=\"noopener\">agosto de 2024<\/a>.<\/p>\n<p>El procedimiento sigue sin existir, alerta la organizaci\u00f3n, cuando han pasado m\u00e1s de dos a\u00f1os y medio de la entrada en vigor de la ley. \u201cLa desidia del Ministerio del Interior no es una simple omisi\u00f3n administrativa, es una vulneraci\u00f3n flagrante de los derechos humanos\u201d,\u00a0ha asegurado la presidenta de la Plataforma Trans, Mar Cambroll\u00e9, este jueves frente al Congreso de los Diputados.\u00a0\u201cEl Gobierno no puede presumir de ser garante de los derechos LGTBI mientras incumple su propia ley, por lo que exigimos que se acabe la negligencia institucional y que se act\u00fae de inmediato\u201d.<\/p>\n<blockquote><p>Podemos ha registrado este jueves una pregunta dirigida al Ministro del Interior y una petici\u00f3n de comparecencia para\u00a0conocer los motivos por los que\u00a0el Ministerio no ha aprobado en el plazo establecido este desarrollo.<\/p><\/blockquote>\n<p>La organizaci\u00f3n hace ver que la ausencia de desarrollo reglamentario discrimina de manera a las personas trans migrantes respecto a las nacionales, algo que contraviene los principios de igualdad y no discriminaci\u00f3n consagrados en la Constituci\u00f3n Espa\u00f1ola y en los tratados internacionales de derechos humanos ratificados por Espa\u00f1a. En su escrito a Interior, piden una explicaci\u00f3n por este incumplimiento y tambi\u00e9n medidas urgentes para aprobar el desarrollo reglamentario pendiente. Al Defensor del Pueblo, la organizaci\u00f3n le ha pedido que investigue las causas de la inactividad administrativa y requiera al Gobierno que cumpla la ley.<\/p>\n<p>Este mismo jueves, tambi\u00e9n, el grupo parlamentario Podemos ha registrado en el Congreso de los Diputados una pregunta dirigida al Ministro del Interior, Fernando Grande-Marlaska, con el mismo fin. Qu\u00e9 razones justifican que el Ministerio del Interior no haya aprobado en plazo el desarrollo reglamentario previsto en la ley y cu\u00e1ndo tiene previsto el Gobierno adoptar de manera efectiva esas medidas es lo que Podemos pide aclarar al ministro.\u00a0Adem\u00e1s, este partido ha registrado una petici\u00f3n de comparecencia para conocer los motivos del Ministerio del Interior por los que no se ha aprobado en el plazo establecido este desarrollo.<\/p>\n<h5>Medidas que dependen de Trabajo y Sanidad<\/h5>\n<p>La federaci\u00f3n Plataforma Trans ha hecho esta petici\u00f3n en el marco de\u00a0<a href=\"https:\/\/www.elsaltodiario.com\/lgtbiq\/octubre-trans-es-deberia-importarte\" target=\"_blank\" rel=\"noopener\">Octubre Trans<\/a>, una convocatoria que existe desde 2007 y que naci\u00f3 ligada a la petici\u00f3n de despatologizaci\u00f3n de la trasexualidad, que lleg\u00f3 en 2018, cuando la Organizaci\u00f3n Mundial de la Salud pas\u00f3 a considerarla como una \u201cincongruencia de g\u00e9nero\u201d y la sac\u00f3 la de lista de enfermedades de su manual de clasificaci\u00f3n, que sirve de referencia internacional.<\/p>\n<p>Preguntada por otros aspectos que preocupen sobre el cumplimiento de derechos de las personas trans reconocidos en la ley, Cambroll\u00e9 destaca dos aspectos. En primer lugar, muestra su preocupaci\u00f3n por incumplimientos en materia de salud. \u201cParece que la salud de las personas trans nunca han sido una prioridad o se han cre\u00eddo que nuestras necesidades eran una cuesti\u00f3n cosm\u00e9tica\u201d, ha explicado.<\/p>\n<blockquote><p><em>La presidenta de Plataforma Trans considera necesario recordar que existen nueve leyes auton\u00f3micas que garantizan el derecho a la salud de las personas trans, incluidas sus intervenciones, algo que no se plasma en la realidad<\/em><\/p><\/blockquote>\n<p>En ese sentido, considera necesario recordar que existen nueve leyes auton\u00f3micas que garantizan el derecho a la salud de las personas trans, incluidas sus intervenciones, algo que no se plasma en la realidad, donde la t\u00f3nica es la existencia de largas lista de espera que acaban favoreciendo a las cl\u00ednicas privadas e impactando en las maltrechas econom\u00edas de las personas trans, ha dicho Cambroll\u00e9. \u00a0\u201cEsta semana hemos visto una\u00a0<a href=\"https:\/\/www.elsaltodiario.com\/comunidad-madrid\/comunidad-madrid-se-niega-cumplir-ley-dice-no-hara-registro-objetores-al\" target=\"_blank\" rel=\"noopener\">llamada de atenci\u00f3n<\/a>\u00a0desde la autoridad de un Ministerio exigiendo el cumplimiento del derecho al aborto de las mujeres, que me parece muy bien\u2026 me hubiese gustado que\u00a0hiciera\u00a0tambi\u00e9n un llamamiento para que las atenciones sanitarias de las personas trans, incluida la cirug\u00eda, est\u00e9n topadas\u201d, ha pedido a la ministra de Sanidad, M\u00f3nica Garc\u00eda.<\/p>\n<p>Cambroll\u00e9 tambi\u00e9n muestra su preocupaci\u00f3n por las medidas de la ley trans que tienen que ver con la inserci\u00f3n laboral y, en ese sentido, invoca al Ministerio de Trabajo. \u201cLas medidas quedaban muy bonitas en la ley pero han sido un brindis al sol\u201d, explica. Incentivos fiscales a empresas, un cupo laboral o un protocolo de acompa\u00f1amiento a personas trans en el trabajo son algunas ideas que, recuerda, la federaci\u00f3n ha puesto encima de la mesa junto a UGT.<\/p>\n<p><a href=\"https:\/\/www.elsaltodiario.com\/ley-trans\/plataforma-trans-interior-defensor-incumplimiento-derechos-migrantes\">https:\/\/www.elsaltodiario.com\/ley-trans\/plataforma-trans-interior-defensor-incumplimiento-derechos-migrantes<\/a><\/p>\n<\/div>\n<\/div>\n<\/div>\n<\/div>\n<\/div>\n<\/div>\n<\/div>\n<\/div>\n<\/section>\n","protected":false},"excerpt":{"rendered":"<p>Plataforma Trans se\u00f1ala a Interior por obstaculizar los derechos de las personas trans migrantes El ministerio de Grande-Marlaska no ha dado instrucciones sobre c\u00f3mo adecuar la documentaci\u00f3n de personas trans extranjeras, lo que se traduce en la imposibilidad de hacerlo pese a que es un derecho que recoge la ley trans. Podemos ha registrado una [&hellip;]<\/p>\n","protected":false},"author":1,"featured_media":0,"comment_status":"open","ping_status":"open","sticky":false,"template":"","format":"standard","meta":{"footnotes":""},"categories":[30,15],"tags":[],"class_list":["post-2607","post","type-post","status-publish","format-standard","hentry","category-en_portada","category-noticias"],"brizy_media":[],"_links":{"self":[{"href":"https:\/\/plataformatrans.es\/index.php\/wp-json\/wp\/v2\/posts\/2607","targetHints":{"allow":["GET"]}}],"collection":[{"href":"https:\/\/plataformatrans.es\/index.php\/wp-json\/wp\/v2\/posts"}],"about":[{"href":"https:\/\/plataformatrans.es\/index.php\/wp-json\/wp\/v2\/types\/post"}],"author":[{"embeddable":true,"href":"https:\/\/plataformatrans.es\/index.php\/wp-json\/wp\/v2\/users\/1"}],"replies":[{"embeddable":true,"href":"https:\/\/plataformatrans.es\/index.php\/wp-json\/wp\/v2\/comments?post=2607"}],"version-history":[{"count":1,"href":"https:\/\/plataformatrans.es\/index.php\/wp-json\/wp\/v2\/posts\/2607\/revisions"}],"predecessor-version":[{"id":2609,"href":"https:\/\/plataformatrans.es\/index.php\/wp-json\/wp\/v2\/posts\/2607\/revisions\/2609"}],"wp:attachment":[{"href":"https:\/\/plataformatrans.es\/index.php\/wp-json\/wp\/v2\/media?parent=2607"}],"wp:term":[{"taxonomy":"category","embeddable":true,"href":"https:\/\/plataformatrans.es\/index.php\/wp-json\/wp\/v2\/categories?post=2607"},{"taxonomy":"post_tag","embeddable":true,"href":"https:\/\/plataformatrans.es\/index.php\/wp-json\/wp\/v2\/tags?post=2607"}],"curies":[{"name":"wp","href":"https:\/\/api.w.org\/{rel}","templated":true}]}}