{"id":2604,"date":"2025-10-13T20:15:06","date_gmt":"2025-10-13T18:15:06","guid":{"rendered":"http:\/\/plataformatrans.es\/?p=2604"},"modified":"2025-10-13T20:15:06","modified_gmt":"2025-10-13T18:15:06","slug":"rubi-rendira-homenaje-a-alan-montoliu-albert-en-el-decimo-aniversario-de-su-muerte","status":"publish","type":"post","link":"https:\/\/plataformatrans.es\/index.php\/2025\/10\/13\/rubi-rendira-homenaje-a-alan-montoliu-albert-en-el-decimo-aniversario-de-su-muerte\/","title":{"rendered":"Rub\u00ed rendir\u00e1 homenaje a Alan Montoliu Albert en el d\u00e9cimo aniversario de su muerte"},"content":{"rendered":"<header>\n<h5 class=\"documentFirstHeading\">Rub\u00ed rendir\u00e1 homenaje a Alan Montoliu Albert en el d\u00e9cimo aniversario de su muerte<\/h5>\n<\/header>\n<div id=\"viewlet-above-content-body\">La ciudad le dedicar\u00e1 una placa conmemorativa a la marquesina de la plaza Salvador Allende y programar\u00e1 espect\u00e1culos y actividades en su recuerdo en Octubre Trans*<\/div>\n<div id=\"content-core\">\n<div class=\"row\">\n<div class=\"col-xs-12 col-lg-7 col-md-8\">\n<figure class=\"mb-5\"><a class=\"swipebox bb-0 hover-effect hover-effect--view \" href=\"https:\/\/www.rubi.cat\/es\/actualidad\/noticias\/rubi-rendira-homenaje-a-alan-montoliu-en-el-decimo-aniversario-de-su-muerte\/@@images\/image\/slide\"><img decoding=\"async\" class=\"img-responsive width-100\" src=\"https:\/\/www.rubi.cat\/es\/actualidad\/noticias\/rubi-rendira-homenaje-a-alan-montoliu-en-el-decimo-aniversario-de-su-muerte\/@@images\/image\/preview\" sizes=\"(max-with: 991px) 100vw, (max-width: 1199px) 60vw, 66vw\" srcset=\"https:\/\/www.rubi.cat\/es\/actualidad\/noticias\/rubi-rendira-homenaje-a-alan-montoliu-en-el-decimo-aniversario-de-su-muerte\/@@images\/image\/preview 400w, https:\/\/www.rubi.cat\/es\/actualidad\/noticias\/rubi-rendira-homenaje-a-alan-montoliu-en-el-decimo-aniversario-de-su-muerte\/@@images\/image\/large 768w, https:\/\/www.rubi.cat\/es\/actualidad\/noticias\/rubi-rendira-homenaje-a-alan-montoliu-en-el-decimo-aniversario-de-su-muerte\/@@images\/image\/tablet 1024w\" alt=\"Rub\u00ed rendir\u00e1 homenaje a Alan Montoliu Albert en el d\u00e9cimo aniversario de su muerte.\" \/><\/a><\/figure>\n<div id=\"parent-fieldname-text\" class=\"\">\n<p>Rub\u00ed homenajear\u00e1 al rubinense Alan Montoliu Albert el domingo 19 de octubre, en el marco de Octubre Trans* y coincidiendo con el a\u00f1o del d\u00e9cimo aniversario de su muerte. La ciudad recordar\u00e1 al joven, fallecido el 24 de diciembre de 2015 a los 17 a\u00f1os, con la voluntad de mantener viva su memoria, s\u00edmbolo de la lucha contra la LGBTI-fobia y las violencias derivadas de la discriminaci\u00f3n por identidad de g\u00e9nero.<\/p>\n<p>Octubre Trans* es el ciclo divulgativo y de sensibilizaci\u00f3n con el que Rub\u00ed reivindica el derecho a la identidad y la expresi\u00f3n de g\u00e9nero de las personas trans*, con el objetivo de fortalecer la comunidad y construir una ciudad m\u00e1s equitativa e inclusiva. La programaci\u00f3n incluye actividades solidarias, de sensibilizaci\u00f3n y reconocimiento de los derechos humanos. Adem\u00e1s, el tercer s\u00e1bado de octubre (18 de octubre) se celebra el D\u00eda Internacional de Acci\u00f3n por la Despatologizaci\u00f3n Trans*, jornada que reivindica el derecho a vivir las identidades y expresiones de g\u00e9nero con libertad, dignidad y sin estigmas.<\/p>\n<p>El homenaje a Alan Montoliu Albert empezar\u00e1 con la instalaci\u00f3n de una placa conmemorativa junto a la marquesina de la plaza Salvador Allende, en el rinc\u00f3n donde Alan se encontraba con sus amigos y amigas. As\u00ed, la marquesina llevar\u00e1 su nombre, haciendo realidad una propuesta de la Asociaci\u00f3n de familias de infancias y adolescencias VeusTrans*. Quien lo desee podr\u00e1 traer flores y adornos para rendirle homenaje, y dedicarle unas palabras (17 h). Despu\u00e9s, el acto se trasladar\u00e1 al Celler. Gneis Magia representar\u00e1 (18 h) el espect\u00e1culo de magia y poes\u00eda visual\u00a0<em>Moixaines<\/em>\u00a0, que reivindica la ternura como medicina emocional, f\u00edsica y social; y Hugo Marlo, cantante y activista trans*, cerrar\u00e1 el acto (19.15 h) interpretando\u00a0<em>Tu Luz<\/em>\u00a0, una de sus canciones m\u00e1s personales escrita precisamente en memoria de Alan. El acto cuenta con el apoyo de VeusTrans* y otras entidades, como la Asociaci\u00f3n LGBTI+ Tiresias. Toda la jornada contar\u00e1 con servicio de interpretaci\u00f3n en lengua de signos catalana y castellana.<\/p>\n<p>La historia y el legado de Alan tambi\u00e9n ser\u00e1n protagonistas el viernes 7 de noviembre con la representaci\u00f3n de ALAN El Musical, basado en su vida, en el Teatro Municipal La Sala (10 h) para el alumnado de 1\u00ba de ESO.<\/p>\n<p><strong>Espacio para familias de infancias, adolescencias y juventud trans*<\/strong><\/p>\n<p>Este \u00faltimo trimestre del a\u00f1o, el Ayuntamiento ha programado nuevas sesiones de acogida y acompa\u00f1amiento para familias de infancias, adolescencias y juventud trans* los d\u00edas 8 y 22 de octubre, 5 y 19 de noviembre y 3 de diciembre (18 a 20 h). Las personas asistentes ser\u00e1n informadas de la ubicaci\u00f3n una vez se hayan inscrito. Estos encuentros son un espacio de apoyo y escucha activa en el que las familias pueden compartir experiencias, dudas, dificultades y recursos.<\/p>\n<p>El Servicio de Atenci\u00f3n Integral LGBTI+ del Ayuntamiento de Rub\u00ed ofrece acompa\u00f1amiento, soporte y orientaci\u00f3n personalizada a las personas trans* ya sus familias en diversos \u00e1mbitos, desde una mirada inclusiva, respetuosa y no patologizadora. Puede solicitar una cita con el SAI o formalizar la inscripci\u00f3n en los encuentros de acompa\u00f1amiento para familias enviando un correo a\u00a0<a href=\"mailto:lgbtisai@ajrubi.cat\" target=\"_blank\" rel=\"noopener\"><strong>lgbtisai@ajrubi.cat<\/strong><\/a>\u00a0o contactando v\u00eda WhatsApp al 674 609 122.<\/p>\n<p>https:\/\/www.rubi.cat\/es\/actualidad\/noticias\/rubi-rendira-homenaje-a-alan-montoliu-en-el-decimo-aniversario-de-su-muerte<\/p>\n<\/div>\n<\/div>\n<\/div>\n<\/div>\n","protected":false},"excerpt":{"rendered":"<p>La ciudad le dedicar\u00e1 una placa conmemorativa a la marquesina de la plaza Salvador Allende y programar\u00e1 espect\u00e1culos y actividades en su recuerdo en Octubre Trans*<\/p>\n","protected":false},"author":1,"featured_media":2605,"comment_status":"open","ping_status":"open","sticky":false,"template":"","format":"standard","meta":{"footnotes":""},"categories":[9,30,15],"tags":[],"class_list":["post-2604","post","type-post","status-publish","format-standard","has-post-thumbnail","hentry","category-agenda","category-en_portada","category-noticias"],"brizy_media":[],"_links":{"self":[{"href":"https:\/\/plataformatrans.es\/index.php\/wp-json\/wp\/v2\/posts\/2604","targetHints":{"allow":["GET"]}}],"collection":[{"href":"https:\/\/plataformatrans.es\/index.php\/wp-json\/wp\/v2\/posts"}],"about":[{"href":"https:\/\/plataformatrans.es\/index.php\/wp-json\/wp\/v2\/types\/post"}],"author":[{"embeddable":true,"href":"https:\/\/plataformatrans.es\/index.php\/wp-json\/wp\/v2\/users\/1"}],"replies":[{"embeddable":true,"href":"https:\/\/plataformatrans.es\/index.php\/wp-json\/wp\/v2\/comments?post=2604"}],"version-history":[{"count":1,"href":"https:\/\/plataformatrans.es\/index.php\/wp-json\/wp\/v2\/posts\/2604\/revisions"}],"predecessor-version":[{"id":2606,"href":"https:\/\/plataformatrans.es\/index.php\/wp-json\/wp\/v2\/posts\/2604\/revisions\/2606"}],"wp:featuredmedia":[{"embeddable":true,"href":"https:\/\/plataformatrans.es\/index.php\/wp-json\/wp\/v2\/media\/2605"}],"wp:attachment":[{"href":"https:\/\/plataformatrans.es\/index.php\/wp-json\/wp\/v2\/media?parent=2604"}],"wp:term":[{"taxonomy":"category","embeddable":true,"href":"https:\/\/plataformatrans.es\/index.php\/wp-json\/wp\/v2\/categories?post=2604"},{"taxonomy":"post_tag","embeddable":true,"href":"https:\/\/plataformatrans.es\/index.php\/wp-json\/wp\/v2\/tags?post=2604"}],"curies":[{"name":"wp","href":"https:\/\/api.w.org\/{rel}","templated":true}]}}