{"id":2566,"date":"2025-09-04T11:08:22","date_gmt":"2025-09-04T09:08:22","guid":{"rendered":"http:\/\/plataformatrans.es\/?p=2566"},"modified":"2025-12-22T14:26:19","modified_gmt":"2025-12-22T12:26:19","slug":"bianka-rodriguez-lider-trans-de-el-salvador-las-personas-lgtbi-deben-elegir-entre-el-exilio-o-la-miseria","status":"publish","type":"post","link":"https:\/\/plataformatrans.es\/index.php\/2025\/09\/04\/bianka-rodriguez-lider-trans-de-el-salvador-las-personas-lgtbi-deben-elegir-entre-el-exilio-o-la-miseria\/","title":{"rendered":"Bianka Rodr\u00edguez, l\u00edder trans de El Salvador: \u201cLas personas LGTBI+ deben elegir entre el exilio o la miseria\u201d"},"content":{"rendered":"<header class=\"a_e _g _g-xs\">\n<div class=\"a_e_txt _df\">\n<h5 class=\"a_t\">Bianka Rodr\u00edguez, l\u00edder trans de El Salvador: \u201cLas personas LGTBI+ deben elegir entre el exilio o la miseria\u201d<\/h5>\n<p class=\"a_st\"><strong>La primera mujer trans salvadore\u00f1a en recibir un DNI con su nombre y g\u00e9nero ha decidido no emigrar y pelear por los derechos del colectivo<\/strong><\/p>\n<\/div>\n<div class=\"a_e_m\">\n<figure class=\"a_m a_m-h \"><figcaption class=\"a_m_p\" aria-hidden=\"true\">Bianka Rodr\u00edguez, directora de Comcavis Trans El Salvador, ganadora del Premio Nansen y representante de la Asociaci\u00f3n Internacional de Lesbianas, Gays, Bisexuales, Trans e Intersex para Am\u00e9rica Latina y el Caribe, fotografiada en el centro de Madrid.<span class=\"a_m_m\">Claudio \u00c1lvarez<\/span><\/figcaption><\/figure>\n<\/div>\n<\/header>\n<div class=\"a_md _g _g-xs \">\n<figure class=\"a_md_i a_m-h c_m--nf\">Por <a class=\"a_md_a_n\" title=\"Ver todas las noticias de Luis Carlos Pinz\u00f3n\" href=\"https:\/\/elpais.com\/autor\/luis-carlos-pinzon-capote\/#?rel=author_top\" data-mrf-link=\"https:\/\/elpais.com\/autor\/luis-carlos-pinzon-capote\/#?rel=author_top\">Luis Carlos Pinz\u00f3n<\/a><\/figure>\n<div class=\"a_md_txt\">\n<div class=\"a_md_a\" data-dtm-region=\"articulo_firma\"><\/div>\n<\/div>\n<\/div>\n<div class=\"a_c clearfix\" data-dtm-region=\"articulo_cuerpo\">\n<p class=\"\"><a title=\"https:\/\/www.acnur.org\/acnur\/nuestros-socios\/celebridades-y-colaboradores\/colaboradores-de-alto-perfil\/bianka-rodriguez\" href=\"https:\/\/www.acnur.org\/acnur\/nuestros-socios\/celebridades-y-colaboradores\/colaboradores-de-alto-perfil\/bianka-rodriguez\" target=\"_self\" rel=\"\" data-link-track-dtm=\"\" data-mrf-link=\"https:\/\/www.acnur.org\/acnur\/nuestros-socios\/celebridades-y-colaboradores\/colaboradores-de-alto-perfil\/bianka-rodriguez\">La activista trans Bianka Rodr\u00edguez<\/a>\u00a0(San Salvador, 32 a\u00f1os) pronuncia la palabra que m\u00e1s estremece a la comunidad LGTBIQ+ de su pa\u00eds: \u201cEstad\u00edstica\u201d. Esa estad\u00edstica que fija en 33 a\u00f1os la esperanza de vida de las personas trans. La que tambi\u00e9n revela que apenas el 2,8% de las denuncias por violencia lgtbif\u00f3bica termina en una condena. O la que contabiliza los asesinatos de ocho mujeres trans y dos hombres gais en un a\u00f1o (entre 2019 y 2020). En \u00faltima instancia, una estad\u00edstica que sit\u00faa a las personas LGTBIQ+ ante una dolorosa disyuntiva: permanecer en El Salvador\u00a0<a title=\"https:\/\/La tortura y el asesinato de una mujer trans en Antioquia pone en evidencia la transfobia en Colombia\" href=\"https:\/\/la%20tortura%20y%20el%20asesinato%20de%20una%20mujer%20trans%20en%20antioquia%20pone%20en%20evidencia%20la%20transfobia%20en%20colombia\/\" target=\"_self\" rel=\"\" data-link-track-dtm=\"\" data-mrf-link=\"https:\/\/la%20tortura%20y%20el%20asesinato%20de%20una%20mujer%20trans%20en%20antioquia%20pone%20en%20evidencia%20la%20transfobia%20en%20colombia\/\">con el miedo de engrosar el n\u00famero de v\u00edctimas<\/a>\u00a0o marcharse al duro exilio.<\/p>\n<p class=\"\">Rodr\u00edguez ha decidido plantar cara a la estad\u00edstica y quedarse en su pa\u00eds. Directora de la asociaci\u00f3n Comcavis y representante de ILGA-LAC (Asociaci\u00f3n internacional de lesbianas, gais, bisexuales, trans e intersex para Am\u00e9rica Latina y el Caribe), encadena varios hitos: fue la primera mujer trans en recibir un DNI con su nombre y g\u00e9nero en El Salvador; tambi\u00e9n pionera en ser designada colaboradora de alto perfil por ACNUR; y en obtener el Premio Nansen para los refugiados.<\/p>\n<p class=\"\"><b>Pregunta.\u00a0<\/b>\u00bfLa radical pol\u00edtica de seguridad de Nayib Bukele ha tenido su reflejo para las personas LGTBIQ+?<\/p>\n<p class=\"\"><b>Respuesta.\u00a0<\/b>El Salvador viv\u00eda en un contexto tremendamente violento que tambi\u00e9n afectaba a la poblaci\u00f3n LGTBIQ+. La violencia era perpetrada por maras, pero tambi\u00e9n por agentes del Estado. Desde que se instaur\u00f3 el r\u00e9gimen de excepci\u00f3n, la violencia disminuy\u00f3 dr\u00e1sticamente. Lastimosamente, no es una pol\u00edtica con un enfoque de g\u00e9nero. No estamos en contra de que se aplique una pol\u00edtica de seguridad. Pero que no tenga un enfoque de g\u00e9nero, sobre todo de protecci\u00f3n a las sobrevivientes y a las v\u00edctimas que fueron parte de las pandillas, deja en entredicho su efectividad. Personas que fueron coaccionadas por las pandillas han sido detenidas de forma arbitraria por las autoridades.<\/p>\n<p class=\"\"><b>P.<\/b>\u00a0\u00bfEn qu\u00e9 afecta esa falta?<\/p>\n<p class=\"\"><b>R.\u00a0<\/b>Las personas LGTBIQ+ vivimos en c\u00edrculos de exclusi\u00f3n, de violencia y que muchas veces, sobre todo a las mujeres trans, nos obliga al trabajo sexual para subsistir. Adem\u00e1s, la violencia de las pandillas nos sumerg\u00eda en ese c\u00edrculo. Entonces, cuando la pandilla te obligaba a cometer un il\u00edcito era porque t\u00fa ten\u00edas la necesidad de estar en una zona de trabajo sexual [bajo su control]. En El Salvador viv\u00edamos un contexto donde o te volv\u00edas parte de la pandilla o te asesinaban. Esto suced\u00eda no solo para las personas LGTBIQ+, sino para las mujeres y los j\u00f3venes. En el caso de las personas trans, la pandilla te obligaba a ir a cobrar la renta o a servir como vigilante.<\/p>\n<figure class=\"a_m a_m-h \"><span class=\"_db a_m_w _pr lb_btn\"><img loading=\"lazy\" decoding=\"async\" class=\"_re lazyload a_m-h\" src=\"https:\/\/imagenes.elpais.com\/resizer\/v2\/ONVP7Z7CNBDRZDU2T7JCWVKS4E.jpg?auth=0025e5942c565c20b36787a3375eba37da5a356a0605a54a9a463b2ed8e25c57&amp;width=414\" sizes=\"auto, (min-width:1199px) 1155px,(min-width:1001px) calc(100vw - 44px),(min-width:768px) 767px, 100vw\" srcset=\"https:\/\/imagenes.elpais.com\/resizer\/v2\/ONVP7Z7CNBDRZDU2T7JCWVKS4E.jpg?auth=0025e5942c565c20b36787a3375eba37da5a356a0605a54a9a463b2ed8e25c57&amp;width=414 414w,https:\/\/imagenes.elpais.com\/resizer\/v2\/ONVP7Z7CNBDRZDU2T7JCWVKS4E.jpg?auth=0025e5942c565c20b36787a3375eba37da5a356a0605a54a9a463b2ed8e25c57&amp;width=828 640w,https:\/\/imagenes.elpais.com\/resizer\/v2\/ONVP7Z7CNBDRZDU2T7JCWVKS4E.jpg?auth=0025e5942c565c20b36787a3375eba37da5a356a0605a54a9a463b2ed8e25c57&amp;width=980 1000w,https:\/\/imagenes.elpais.com\/resizer\/v2\/ONVP7Z7CNBDRZDU2T7JCWVKS4E.jpg?auth=0025e5942c565c20b36787a3375eba37da5a356a0605a54a9a463b2ed8e25c57&amp;width=1960 1960w\" alt=\"Bianka Rodr\u00edguez, directora de Comcavis Trans El Salvador, ganadora del Premio Nansen y representante de la Asociaci\u00f3n Internacional de Lesbianas, Gays, Bisexuales, Trans e Intersex para Am\u00e9rica Latina y el Caribe, fotografiada en el centro de Madrid.\" width=\"414\" height=\"277\" \/><\/span><figcaption class=\"a_m_p\" aria-hidden=\"true\">Bianka Rodr\u00edguez, directora de Comcavis Trans El Salvador, ganadora del Premio Nansen y representante de la Asociaci\u00f3n Internacional de Lesbianas, Gays, Bisexuales, Trans e Intersex para Am\u00e9rica Latina y el Caribe, fotografiada en el centro de Madrid.<span class=\"a_m_m\">Claudio \u00c1lvarez<\/span><\/figcaption><\/figure>\n<p class=\"\"><b>P.<\/b>\u00a0\u00bfHay personas del colectivo\u00a0<a title=\"https:\/\/elpais.com\/america\/2024-02-07\/un-recorrido-fotografico-por-el-centro-de-confinamiento-del-terrorismo-el-alcatraz-de-bukele.html\" href=\"https:\/\/elpais.com\/america\/2024-02-07\/un-recorrido-fotografico-por-el-centro-de-confinamiento-del-terrorismo-el-alcatraz-de-bukele.html\" target=\"_self\" rel=\"\" data-link-track-dtm=\"\" data-mrf-link=\"https:\/\/elpais.com\/america\/2024-02-07\/un-recorrido-fotografico-por-el-centro-de-confinamiento-del-terrorismo-el-alcatraz-de-bukele.html\">en el Cecot, la megac\u00e1rcel de Bukele<\/a>?<\/p>\n<p class=\"\"><b>R.\u00a0<\/b>No tenemos conocimiento de que exista poblaci\u00f3n LGTBIQ+ en el Cecot. Desde antes de la llegada de Bukele,<i>\u00a0<\/i>en El Salvador existe un centro espec\u00edfico para poblaci\u00f3n LGTBIQ+, para prevenir la violencia que puedan sufrir por parte de otros reclusos. Esta pol\u00edtica, por lo menos, se ha mantenido.<\/p>\n<p class=\"\"><b>P<\/b>. Hay una cercan\u00eda entre Bukele y el presidente de EE UU, Donald Trump, en varias de sus pol\u00edticas,\u00a0<a title=\"https:\/\/elpais.com\/internacional\/2025-01-21\/las-41-ordenes-ejecutivas-de-trump-en-su-primer-dia-una-por-una.html\" href=\"https:\/\/elpais.com\/internacional\/2025-01-21\/las-41-ordenes-ejecutivas-de-trump-en-su-primer-dia-una-por-una.html\" target=\"_self\" rel=\"\" data-link-track-dtm=\"\" data-mrf-link=\"https:\/\/elpais.com\/internacional\/2025-01-21\/las-41-ordenes-ejecutivas-de-trump-en-su-primer-dia-una-por-una.html\">incluidas aquellas que cuestionan la perspectiva de g\u00e9nero<\/a>.<\/p>\n<p class=\"\"><b>R.\u00a0<\/b>El Gobierno de<b>\u00a0<\/b>Bukele ha limitado el ejercicio de derechos como la salud, la educaci\u00f3n, el empleo o la vivienda, porque\u00a0<a title=\"https:\/\/elpais.com\/internacional\/2025-02-05\/trump-aprueba-un-decreto-para-que-las-mujeres-trans-no-participen-en-el-deporte-femenino.html\" href=\"https:\/\/elpais.com\/internacional\/2025-02-05\/trump-aprueba-un-decreto-para-que-las-mujeres-trans-no-participen-en-el-deporte-femenino.html\" target=\"_self\" rel=\"\" data-link-track-dtm=\"\" data-mrf-link=\"https:\/\/elpais.com\/internacional\/2025-02-05\/trump-aprueba-un-decreto-para-que-las-mujeres-trans-no-participen-en-el-deporte-femenino.html\">la mayor\u00eda de pol\u00edticas afirmativas desaparecieron<\/a>. Desde 2019, el Gobierno traslad\u00f3 las funciones de la Direcci\u00f3n de diversidad sexual hacia la Unidad de g\u00e9nero del Ministerio de Cultura. Y la protecci\u00f3n de un grupo vulnerable no tiene nada que ver con la cultura. El \u00faltimo error fue el a\u00f1o pasado, cuando Bukele dijo que la educaci\u00f3n integral en sexualidad tiene que ver con lo que definen como \u201cideolog\u00eda de g\u00e9nero\u201d. As\u00ed, el acceso a tratamientos antirretrovirales para las personas con VIH se torna algo dif\u00edcil, y no se diga de otros temas en salud. Por ejemplo, hay mujeres trans con graves problemas tras haberse inyectado sustancias para reafirmar su g\u00e9nero, porque el sistema de salud no brinda terapias de tratamiento de reemplazo hormonal.<\/p>\n<p class=\"\"><b>P.\u00a0<\/b>\u00bfC\u00f3mo ha impactado todo esto en\u00a0<a title=\"https:\/\/elpais.com\/us\/migracion\/2025-05-30\/una-jueza-desestima-el-caso-de-asilo-de-andry-hernandez-deportado-a-el-salvador-y-su-defensa-acusa-al-gobierno-de-desaparecerlo.html\" href=\"https:\/\/elpais.com\/us\/migracion\/2025-05-30\/una-jueza-desestima-el-caso-de-asilo-de-andry-hernandez-deportado-a-el-salvador-y-su-defensa-acusa-al-gobierno-de-desaparecerlo.html\" target=\"_blank\" rel=\"noopener\" data-link-track-dtm=\"\" data-mrf-link=\"https:\/\/elpais.com\/us\/migracion\/2025-05-30\/una-jueza-desestima-el-caso-de-asilo-de-andry-hernandez-deportado-a-el-salvador-y-su-defensa-acusa-al-gobierno-de-desaparecerlo.html\">el exilio de los salvadore\u00f1os?<\/a><\/p>\n<p class=\"\"><b>R.\u00a0<\/b>Es un contexto donde la violencia verbal, psicol\u00f3gica e institucional te pone en desventaja. Las personas LGTBIQ+ est\u00e1n siendo atacadas, son perseguidas y no encuentran ninguna forma de protecci\u00f3n por parte de las instituciones. Esto les obliga a elegir entre irse al exilio o la miseria. Tienes que abandonar tu hogar, tienes que abandonar tu familia, tienes que abandonar casi todo. Y ah\u00ed es donde entra este dilema. Vivimos en un pa\u00eds seguro, pero las personas disidentes no entran dentro de esa pol\u00edtica de seguridad. \u00bfPor qu\u00e9 los cr\u00edmenes de odio quedan en la total impunidad? Una persona no va a seguir viviendo en un pa\u00eds que no le protege o que dificulta el acceso a educaci\u00f3n, salud, vivienda o empleo.<\/p>\n<p class=\"\"><b>P.<\/b>\u00a0\u00bfLa poblaci\u00f3n trans sufre con mayor intensidad estas dificultades?<\/p>\n<p class=\"\"><b>R.<\/b>\u00a0Las personas trans enfrentan mayor violencia f\u00edsica y tienen mayor mortalidad. Nuestra expectativa de vida en El Salvador es de 33 a\u00f1os, seg\u00fan la Procuradur\u00eda para la Defensa de los Derechos Humanos o la Comisi\u00f3n Interamericana de Derechos Humanos. Y por ello muchas personas LGTBIQ+ entran dentro de esta din\u00e1mica de la movilidad humana: no quieren ser parte de esas estad\u00edsticas. Las mujeres trans subsisten con menos de un salario m\u00ednimo mensual, que son 365 d\u00f3lares, y no existen pol\u00edticas p\u00fablicas de empleo. No queremos estar ofreciendo servicios sexuales, estamos en la calle porque de esa manera obtenemos recursos econ\u00f3micos. El acceso a la salud es muy dif\u00edcil; ahora las personas trans dejan de ir al sistema de salud por la violencia institucional que enfrentan.<\/p>\n<p class=\"\"><b>P.\u00a0<\/b>Cu\u00e9nteme m\u00e1s de eso.<\/p>\n<p class=\"\"><b>R.<\/b>\u00a0Sabemos que no tenemos leyes que reconozcan nuestra identidad de g\u00e9nero. Los poquitos avances que se han institucionalizado a veces los implementan, a veces no. \u00bfPara qu\u00e9 voy a ir a una consulta si al final el m\u00e9dico me va a tratar mal, o no va a respetar mi identidad? Hasta marzo de 2024 todav\u00eda funcionaba el Acuerdo ministerial de Salud 202 y los Lineamientos de Atenci\u00f3n en Salud para poblaci\u00f3n LGTBIQ+, pero cuando empiezan a hablar de ideolog\u00eda de g\u00e9nero, empiezan a eliminar, por ejemplo, los formularios que inclu\u00edan la orientaci\u00f3n sexual o la identidad. En el \u00faltimo a\u00f1o, tuvimos casos de mujeres trans que fueron llamadas con su\u00a0<i>deadname<\/i>\u00a0[el nombre previo a su transici\u00f3n], cuando anteriormente se obligaba al personal de salud a llamarles por sus apellidos. Todo esto desapareci\u00f3. Incluso para temas de VIH, las mujeres trans son catalogadas como hombres que tienen sexo con otros hombres.<\/p>\n<p class=\"\"><b>P.<\/b>\u00a0El Gobierno se ha derechizado, \u00bflos salvadore\u00f1os tambi\u00e9n?<\/p>\n<p class=\"\"><b>R.\u00a0<\/b>No. En general, la sociedad avanz\u00f3 en el entendimiento de que las personas LGTBIQ+ existimos. Sin embargo, movimientos antig\u00e9nero influyen en el avance de las pol\u00edticas p\u00fablicas. Los gobiernos se agarran a decir que son provida o critican lo que llaman ideolog\u00eda de g\u00e9nero, pero la mayor\u00eda de las constituciones de Am\u00e9rica Latina y el Caribe reconocen que nuestros pa\u00edses son laicos, y garantizan que todos somos iguales.<\/p>\n<figure class=\"a_m a_m-h \"><span class=\"_db a_m_w _pr lb_btn\"><img loading=\"lazy\" decoding=\"async\" class=\"_re lazyload a_m-h\" src=\"https:\/\/imagenes.elpais.com\/resizer\/v2\/2WECWT2ZBRGVVNIRWGVBQI2WAU.jpg?auth=34b8c50ed8cf032523eaf2d75edaad8f6ccbe5c94484a73a185194c2c0497c0a&amp;width=414\" sizes=\"auto, (min-width:1199px) 1155px,(min-width:1001px) calc(100vw - 44px),(min-width:768px) 767px, 100vw\" srcset=\"https:\/\/imagenes.elpais.com\/resizer\/v2\/2WECWT2ZBRGVVNIRWGVBQI2WAU.jpg?auth=34b8c50ed8cf032523eaf2d75edaad8f6ccbe5c94484a73a185194c2c0497c0a&amp;width=414 414w,https:\/\/imagenes.elpais.com\/resizer\/v2\/2WECWT2ZBRGVVNIRWGVBQI2WAU.jpg?auth=34b8c50ed8cf032523eaf2d75edaad8f6ccbe5c94484a73a185194c2c0497c0a&amp;width=828 640w,https:\/\/imagenes.elpais.com\/resizer\/v2\/2WECWT2ZBRGVVNIRWGVBQI2WAU.jpg?auth=34b8c50ed8cf032523eaf2d75edaad8f6ccbe5c94484a73a185194c2c0497c0a&amp;width=980 1000w,https:\/\/imagenes.elpais.com\/resizer\/v2\/2WECWT2ZBRGVVNIRWGVBQI2WAU.jpg?auth=34b8c50ed8cf032523eaf2d75edaad8f6ccbe5c94484a73a185194c2c0497c0a&amp;width=1960 1960w\" alt=\"Bianka Rodr\u00edguez, directora de Comcavis Trans El Salvador, ganadora del Premio Nansen y representante de la Asociaci\u00f3n Internacional de Lesbianas, Gays, Bisexuales, Trans e Intersex para Am\u00e9rica Latina y el Caribe, fotografiada en el centro de Madrid.\" width=\"414\" height=\"277\" \/><\/span><figcaption class=\"a_m_p\" aria-hidden=\"true\">Bianka Rodr\u00edguez, directora de Comcavis Trans El Salvador, ganadora del Premio Nansen y representante de la Asociaci\u00f3n Internacional de Lesbianas, Gays, Bisexuales, Trans e Intersex para Am\u00e9rica Latina y el Caribe, fotografiada en el centro de Madrid.<span class=\"a_m_m\">Claudio \u00c1lvarez<\/span><\/figcaption><\/figure>\n<p class=\"\"><b>P.\u00a0<\/b>Las trabajadoras sexuales trans\u00a0<a title=\"https:\/\/elpais.com\/internacional\/2025-04-25\/las-prostitutas-trans-con-las-que-francisco-compartio-mesa-me-dijo-que-no-perdiera-la-fe-porque-todos-somos-iguales-ante-los-ojos-de-dios.html\" href=\"https:\/\/elpais.com\/internacional\/2025-04-25\/las-prostitutas-trans-con-las-que-francisco-compartio-mesa-me-dijo-que-no-perdiera-la-fe-porque-todos-somos-iguales-ante-los-ojos-de-dios.html\" target=\"_self\" rel=\"\" data-link-track-dtm=\"\" data-mrf-link=\"https:\/\/elpais.com\/internacional\/2025-04-25\/las-prostitutas-trans-con-las-que-francisco-compartio-mesa-me-dijo-que-no-perdiera-la-fe-porque-todos-somos-iguales-ante-los-ojos-de-dios.html\">con quienes se reun\u00eda el papa Francisco<\/a>\u00a0eran migrantes latinoamericanas que resaltaban el aperturismo de su pontificado. En Latinoam\u00e9rica, donde la Iglesia Cat\u00f3lica tiene un papel tan importante, \u00bfse ha vivido ese aperturismo?<\/p>\n<p class=\"\"><b>R.\u00a0<\/b>Las iglesias se han ido transformando; de alguna manera han tenido que entender que somos parte de la sociedad. El mensaje de Francisco en cuanto a la inclusi\u00f3n de las personas LGTBIQ+, en el sentido de que la Iglesia no los deber\u00eda excluir de un aspecto fundamental como es la religi\u00f3n, no solo ha permeado a la Iglesia Cat\u00f3lica, sino tambi\u00e9n a la evang\u00e9lica. Las iglesias cat\u00f3licas se reunieron y dijeron: \u00bfpor qu\u00e9 vamos a excluir a las personas LGTBIQ+ de nuestros espacios, si ellos y ellas vienen para alabar a Dios? Y hacen esta reflexi\u00f3n que de alguna manera da una sensaci\u00f3n de aceptabilidad. Sin embargo, tambi\u00e9n hay una parte de las iglesias que tienen el mensaje contrario y excluyente. As\u00ed ha ocurrido en M\u00e9xico, donde est\u00e1 reconocido el matrimonio igualitario. Las iglesias evang\u00e9licas hicieron un comunicado afirmando que con ese derecho se estaban dejando de respetar sus leyes. Los pronunciamientos vienen de legisladores que son pastores o pastoras que se han unido a las c\u00fapulas pol\u00edticas para limitar derechos de las mujeres y de las personas LGTBIQ+.<\/p>\n<p><a href=\"https:\/\/elpais.com\/sociedad\/2025-09-03\/bianka-rodriguez-lider-trans-de-el-salvador-las-personas-lgtbi-deben-elegir-entre-el-exilio-o-la-miseria.html\">https:\/\/elpais.com\/sociedad\/2025-09-03\/bianka-rodriguez-lider-trans-de-el-salvador-las-personas-lgtbi-deben-elegir-entre-el-exilio-o-la-miseria.html<\/a><\/p>\n<\/div>\n","protected":false},"excerpt":{"rendered":"<p>La primera mujer trans salvadore\u00f1a en recibir un DNI con su nombre y g\u00e9nero ha decidido no emigrar y pelear por los derechos del colectivo<\/p>\n","protected":false},"author":1,"featured_media":2567,"comment_status":"open","ping_status":"open","sticky":false,"template":"","format":"standard","meta":{"footnotes":""},"categories":[30,43,15],"tags":[],"class_list":["post-2566","post","type-post","status-publish","format-standard","has-post-thumbnail","hentry","category-en_portada","category-internacional","category-noticias"],"brizy_media":[],"_links":{"self":[{"href":"https:\/\/plataformatrans.es\/index.php\/wp-json\/wp\/v2\/posts\/2566","targetHints":{"allow":["GET"]}}],"collection":[{"href":"https:\/\/plataformatrans.es\/index.php\/wp-json\/wp\/v2\/posts"}],"about":[{"href":"https:\/\/plataformatrans.es\/index.php\/wp-json\/wp\/v2\/types\/post"}],"author":[{"embeddable":true,"href":"https:\/\/plataformatrans.es\/index.php\/wp-json\/wp\/v2\/users\/1"}],"replies":[{"embeddable":true,"href":"https:\/\/plataformatrans.es\/index.php\/wp-json\/wp\/v2\/comments?post=2566"}],"version-history":[{"count":1,"href":"https:\/\/plataformatrans.es\/index.php\/wp-json\/wp\/v2\/posts\/2566\/revisions"}],"predecessor-version":[{"id":2568,"href":"https:\/\/plataformatrans.es\/index.php\/wp-json\/wp\/v2\/posts\/2566\/revisions\/2568"}],"wp:featuredmedia":[{"embeddable":true,"href":"https:\/\/plataformatrans.es\/index.php\/wp-json\/wp\/v2\/media\/2567"}],"wp:attachment":[{"href":"https:\/\/plataformatrans.es\/index.php\/wp-json\/wp\/v2\/media?parent=2566"}],"wp:term":[{"taxonomy":"category","embeddable":true,"href":"https:\/\/plataformatrans.es\/index.php\/wp-json\/wp\/v2\/categories?post=2566"},{"taxonomy":"post_tag","embeddable":true,"href":"https:\/\/plataformatrans.es\/index.php\/wp-json\/wp\/v2\/tags?post=2566"}],"curies":[{"name":"wp","href":"https:\/\/api.w.org\/{rel}","templated":true}]}}