{"id":2547,"date":"2025-08-27T08:45:48","date_gmt":"2025-08-27T06:45:48","guid":{"rendered":"http:\/\/plataformatrans.es\/?p=2547"},"modified":"2025-09-04T14:09:18","modified_gmt":"2025-09-04T12:09:18","slug":"daniela-vallejo-miss-trans-espana-2025-denunciara-a-la-presidenta-de-abogados-cristianos-por-su-discurso-de-odio-en-television","status":"publish","type":"post","link":"https:\/\/plataformatrans.es\/index.php\/2025\/08\/27\/daniela-vallejo-miss-trans-espana-2025-denunciara-a-la-presidenta-de-abogados-cristianos-por-su-discurso-de-odio-en-television\/","title":{"rendered":"Daniela Vallejo (Miss Trans Espa\u00f1a 2025) denunciar\u00e1 a la presidenta de Abogados Cristianos por su discurso de odio en televisi\u00f3n"},"content":{"rendered":"<h5 class=\"maintit\">Daniela Vallejo (Miss Trans Espa\u00f1a 2025) denunciar\u00e1 a la presidenta de Abogados Cristianos por su discurso de odio en televisi\u00f3n<\/h5>\n<p class=\"art-desc\">Hablamos con la Miss Trans Espa\u00f1a 2025 tras los ataques que sufri\u00f3 en televisi\u00f3n por parte de la presidenta de Abogados Cristianos.<\/p>\n<div class=\"mainpic\"><\/div>\n<div class=\"wrapper wmarg\">\n<div class=\"center\">\n<div class=\"art-topbox\">\n<div class=\"author\"><picture><\/picture>\n<div class=\"aut-cnt\">\n<p class=\"aut-tit\"><a href=\"https:\/\/shangay.com\/author\/juan-pablo-manzano-galvez\/\">Por Juan Pablo Manzano G\u00e1lvez<\/a><\/p>\n<\/div>\n<\/div>\n<\/div>\n<article>\n<div class=\"txt\">\n<p>\u201cHemos actuado en los tribunales por un delito de exhibicionismo contra este espect\u00e1culo familiar en Mallorca que ten\u00eda alto contenido sexual en presencia de menores y fue financiado con dinero p\u00fablico\u201d. Este es el mensaje que lanzaba hace unos d\u00edas la fundaci\u00f3n\u00a0<a href=\"https:\/\/shangay.com\/2024\/05\/23\/abogados-cristianos-denuncia-un-libro-contra-la-homofobia\/\" target=\"_blank\" rel=\"noopener\"><strong>Abogados Cristianos<\/strong><\/a>\u00a0en su cuenta de\u00a0<em>X<\/em>\u00a0para denunciar p\u00fablicamente una actuaci\u00f3n\u00a0<em>queer<\/em>\u00a0del artista\u00a0<a href=\"https:\/\/www.instagram.com\/domishameless\/\" target=\"_blank\" rel=\"noopener\"><strong>Domi Shameless<\/strong><\/a>\u00a0que tuvo lugar en una pedan\u00eda del municipio mallorqu\u00edn de Calvi\u00e0. El motivo del enfado y la denuncia fue por el supuesto uso de expresiones inapropiadas para un p\u00fablico infantil.<\/p>\n<div class=\"twitter-tweet twitter-tweet-rendered\"><iframe id=\"twitter-widget-0\" class=\"\" title=\"X Post\" src=\"https:\/\/platform.twitter.com\/embed\/Tweet.html?creatorScreenName=https%3A%2F%2Ftwitter.com%2FJuanPabloMG9&amp;dnt=false&amp;embedId=twitter-widget-0&amp;features=eyJ0ZndfdGltZWxpbmVfbGlzdCI6eyJidWNrZXQiOltdLCJ2ZXJzaW9uIjpudWxsfSwidGZ3X2ZvbGxvd2VyX2NvdW50X3N1bnNldCI6eyJidWNrZXQiOnRydWUsInZlcnNpb24iOm51bGx9LCJ0ZndfdHdlZXRfZWRpdF9iYWNrZW5kIjp7ImJ1Y2tldCI6Im9uIiwidmVyc2lvbiI6bnVsbH0sInRmd19yZWZzcmNfc2Vzc2lvbiI6eyJidWNrZXQiOiJvbiIsInZlcnNpb24iOm51bGx9LCJ0ZndfZm9zbnJfc29mdF9pbnRlcnZlbnRpb25zX2VuYWJsZWQiOnsiYnVja2V0Ijoib24iLCJ2ZXJzaW9uIjpudWxsfSwidGZ3X21peGVkX21lZGlhXzE1ODk3Ijp7ImJ1Y2tldCI6InRyZWF0bWVudCIsInZlcnNpb24iOm51bGx9LCJ0ZndfZXhwZXJpbWVudHNfY29va2llX2V4cGlyYXRpb24iOnsiYnVja2V0IjoxMjA5NjAwLCJ2ZXJzaW9uIjpudWxsfSwidGZ3X3Nob3dfYmlyZHdhdGNoX3Bpdm90c19lbmFibGVkIjp7ImJ1Y2tldCI6Im9uIiwidmVyc2lvbiI6bnVsbH0sInRmd19kdXBsaWNhdGVfc2NyaWJlc190b19zZXR0aW5ncyI6eyJidWNrZXQiOiJvbiIsInZlcnNpb24iOm51bGx9LCJ0ZndfdXNlX3Byb2ZpbGVfaW1hZ2Vfc2hhcGVfZW5hYmxlZCI6eyJidWNrZXQiOiJvbiIsInZlcnNpb24iOm51bGx9LCJ0ZndfdmlkZW9faGxzX2R5bmFtaWNfbWFuaWZlc3RzXzE1MDgyIjp7ImJ1Y2tldCI6InRydWVfYml0cmF0ZSIsInZlcnNpb24iOm51bGx9LCJ0ZndfbGVnYWN5X3RpbWVsaW5lX3N1bnNldCI6eyJidWNrZXQiOnRydWUsInZlcnNpb24iOm51bGx9LCJ0ZndfdHdlZXRfZWRpdF9mcm9udGVuZCI6eyJidWNrZXQiOiJvbiIsInZlcnNpb24iOm51bGx9fQ%3D%3D&amp;frame=false&amp;hideCard=false&amp;hideThread=false&amp;id=1957813805972615356&amp;lang=es&amp;origin=https%3A%2F%2Fshangay.com%2F2025%2F08%2F25%2Fdaniela-vallejo-miss-trans-transfobia-ataque-television%2F&amp;sessionId=8bb2e1e01f7dc3ed416a08df41c9bb57c1ccf209&amp;siteScreenName=Shangaycom&amp;theme=light&amp;widgetsVersion=2615f7e52b7e0%3A1702314776716&amp;width=550px\" frameborder=\"0\" scrolling=\"no\" allowfullscreen=\"allowfullscreen\" data-tweet-id=\"1957813805972615356\" data-mce-fragment=\"1\"><\/iframe><\/div>\n<p>&nbsp;<\/p>\n<p>La pol\u00e9mica no solo se ha quedado ah\u00ed, se ha trasladado tambi\u00e9n a la esfera nacional, y es que el programa de televisi\u00f3n\u00a0<strong><em>En boca de todos<\/em><\/strong>\u00a0ha mostrado a la audiencia una parte de la actuaci\u00f3n de Domi Shameless en la que se le escucha cantar \u201cque me come el co (co\u00f1o), que me come el co (co\u00f1o)\u201d. La intenci\u00f3n era abrir un debate en el plat\u00f3 torno a esto, pero sin contar con lo m\u00e1s importante, el artista y protagonista de esta situaci\u00f3n, que se mostraba indefenso en su cuenta de\u00a0<em>X<\/em>: \u201cA lo mejor alguien deber\u00eda darme la oportunidad como artista de\u00a0<strong>poder pronunciarme<\/strong>\u00a0ante este circo sin sentido\u201d.<\/p>\n<div class=\"twitter-tweet twitter-tweet-rendered\"><iframe id=\"twitter-widget-1\" class=\"\" title=\"X Post\" src=\"https:\/\/platform.twitter.com\/embed\/Tweet.html?creatorScreenName=https%3A%2F%2Ftwitter.com%2FJuanPabloMG9&amp;dnt=false&amp;embedId=twitter-widget-1&amp;features=eyJ0ZndfdGltZWxpbmVfbGlzdCI6eyJidWNrZXQiOltdLCJ2ZXJzaW9uIjpudWxsfSwidGZ3X2ZvbGxvd2VyX2NvdW50X3N1bnNldCI6eyJidWNrZXQiOnRydWUsInZlcnNpb24iOm51bGx9LCJ0ZndfdHdlZXRfZWRpdF9iYWNrZW5kIjp7ImJ1Y2tldCI6Im9uIiwidmVyc2lvbiI6bnVsbH0sInRmd19yZWZzcmNfc2Vzc2lvbiI6eyJidWNrZXQiOiJvbiIsInZlcnNpb24iOm51bGx9LCJ0ZndfZm9zbnJfc29mdF9pbnRlcnZlbnRpb25zX2VuYWJsZWQiOnsiYnVja2V0Ijoib24iLCJ2ZXJzaW9uIjpudWxsfSwidGZ3X21peGVkX21lZGlhXzE1ODk3Ijp7ImJ1Y2tldCI6InRyZWF0bWVudCIsInZlcnNpb24iOm51bGx9LCJ0ZndfZXhwZXJpbWVudHNfY29va2llX2V4cGlyYXRpb24iOnsiYnVja2V0IjoxMjA5NjAwLCJ2ZXJzaW9uIjpudWxsfSwidGZ3X3Nob3dfYmlyZHdhdGNoX3Bpdm90c19lbmFibGVkIjp7ImJ1Y2tldCI6Im9uIiwidmVyc2lvbiI6bnVsbH0sInRmd19kdXBsaWNhdGVfc2NyaWJlc190b19zZXR0aW5ncyI6eyJidWNrZXQiOiJvbiIsInZlcnNpb24iOm51bGx9LCJ0ZndfdXNlX3Byb2ZpbGVfaW1hZ2Vfc2hhcGVfZW5hYmxlZCI6eyJidWNrZXQiOiJvbiIsInZlcnNpb24iOm51bGx9LCJ0ZndfdmlkZW9faGxzX2R5bmFtaWNfbWFuaWZlc3RzXzE1MDgyIjp7ImJ1Y2tldCI6InRydWVfYml0cmF0ZSIsInZlcnNpb24iOm51bGx9LCJ0ZndfbGVnYWN5X3RpbWVsaW5lX3N1bnNldCI6eyJidWNrZXQiOnRydWUsInZlcnNpb24iOm51bGx9LCJ0ZndfdHdlZXRfZWRpdF9mcm9udGVuZCI6eyJidWNrZXQiOiJvbiIsInZlcnNpb24iOm51bGx9fQ%3D%3D&amp;frame=false&amp;hideCard=false&amp;hideThread=false&amp;id=1957771965059436741&amp;lang=es&amp;origin=https%3A%2F%2Fshangay.com%2F2025%2F08%2F25%2Fdaniela-vallejo-miss-trans-transfobia-ataque-television%2F&amp;sessionId=8bb2e1e01f7dc3ed416a08df41c9bb57c1ccf209&amp;siteScreenName=Shangaycom&amp;theme=light&amp;widgetsVersion=2615f7e52b7e0%3A1702314776716&amp;width=550px\" frameborder=\"0\" scrolling=\"no\" allowfullscreen=\"allowfullscreen\" data-tweet-id=\"1957771965059436741\" data-mce-fragment=\"1\"><\/iframe><\/div>\n<p>&nbsp;<\/p>\n<p>Ante la imposibilidad de poder hablar en el programa de televisi\u00f3n en el que s\u00ed se dio voz a Abogados Cristianos, Domi Shameless se ha pronunciado en su cuenta de\u00a0<em>X<\/em>: \u201cEstoy totalmente dolido con esta situaci\u00f3n totalmente innecesaria en nuevo intento de\u00a0<strong>generar odio<\/strong>\u00a0por parte de Abogados Cristianos. Me llamaron para dar un concierto y nadie me especific\u00f3 que fuera un evento familiar o destinado para ni\u00f1os especialmente, puesto que no era as\u00ed. Eran unas fiestas de pueblo como cualquier otra. Quiero hacer hincapi\u00e9 en que\u00a0<strong>nadie, ni padres ni ni\u00f1os, se sinti\u00f3 inc\u00f3modo<\/strong>\u00a0con mi propuesta; al contrario, me dieron mucho amor y lo pasamos todos muy bien. Siento mucho que haya pasado algo tan feo ensuciando algo tan bonito como es el arte\u201d.<\/p>\n<div class=\"twitter-tweet twitter-tweet-rendered\"><iframe id=\"twitter-widget-2\" class=\"\" title=\"X Post\" src=\"https:\/\/platform.twitter.com\/embed\/Tweet.html?creatorScreenName=https%3A%2F%2Ftwitter.com%2FJuanPabloMG9&amp;dnt=false&amp;embedId=twitter-widget-2&amp;features=eyJ0ZndfdGltZWxpbmVfbGlzdCI6eyJidWNrZXQiOltdLCJ2ZXJzaW9uIjpudWxsfSwidGZ3X2ZvbGxvd2VyX2NvdW50X3N1bnNldCI6eyJidWNrZXQiOnRydWUsInZlcnNpb24iOm51bGx9LCJ0ZndfdHdlZXRfZWRpdF9iYWNrZW5kIjp7ImJ1Y2tldCI6Im9uIiwidmVyc2lvbiI6bnVsbH0sInRmd19yZWZzcmNfc2Vzc2lvbiI6eyJidWNrZXQiOiJvbiIsInZlcnNpb24iOm51bGx9LCJ0ZndfZm9zbnJfc29mdF9pbnRlcnZlbnRpb25zX2VuYWJsZWQiOnsiYnVja2V0Ijoib24iLCJ2ZXJzaW9uIjpudWxsfSwidGZ3X21peGVkX21lZGlhXzE1ODk3Ijp7ImJ1Y2tldCI6InRyZWF0bWVudCIsInZlcnNpb24iOm51bGx9LCJ0ZndfZXhwZXJpbWVudHNfY29va2llX2V4cGlyYXRpb24iOnsiYnVja2V0IjoxMjA5NjAwLCJ2ZXJzaW9uIjpudWxsfSwidGZ3X3Nob3dfYmlyZHdhdGNoX3Bpdm90c19lbmFibGVkIjp7ImJ1Y2tldCI6Im9uIiwidmVyc2lvbiI6bnVsbH0sInRmd19kdXBsaWNhdGVfc2NyaWJlc190b19zZXR0aW5ncyI6eyJidWNrZXQiOiJvbiIsInZlcnNpb24iOm51bGx9LCJ0ZndfdXNlX3Byb2ZpbGVfaW1hZ2Vfc2hhcGVfZW5hYmxlZCI6eyJidWNrZXQiOiJvbiIsInZlcnNpb24iOm51bGx9LCJ0ZndfdmlkZW9faGxzX2R5bmFtaWNfbWFuaWZlc3RzXzE1MDgyIjp7ImJ1Y2tldCI6InRydWVfYml0cmF0ZSIsInZlcnNpb24iOm51bGx9LCJ0ZndfbGVnYWN5X3RpbWVsaW5lX3N1bnNldCI6eyJidWNrZXQiOnRydWUsInZlcnNpb24iOm51bGx9LCJ0ZndfdHdlZXRfZWRpdF9mcm9udGVuZCI6eyJidWNrZXQiOiJvbiIsInZlcnNpb24iOm51bGx9fQ%3D%3D&amp;frame=false&amp;hideCard=false&amp;hideThread=false&amp;id=1957915780139364620&amp;lang=es&amp;origin=https%3A%2F%2Fshangay.com%2F2025%2F08%2F25%2Fdaniela-vallejo-miss-trans-transfobia-ataque-television%2F&amp;sessionId=8bb2e1e01f7dc3ed416a08df41c9bb57c1ccf209&amp;siteScreenName=Shangaycom&amp;theme=light&amp;widgetsVersion=2615f7e52b7e0%3A1702314776716&amp;width=550px\" frameborder=\"0\" scrolling=\"no\" allowfullscreen=\"allowfullscreen\" data-tweet-id=\"1957915780139364620\" data-mce-fragment=\"1\"><\/iframe><\/div>\n<p>&nbsp;<\/p>\n<p>En el debate que se abri\u00f3 en el programa participaron\u00a0<strong><a href=\"https:\/\/shangay.com\/2025\/03\/12\/daniela-vallejo-capitan-miss-trans-terapia-conversion\/\" target=\"_blank\" rel=\"noopener\">Daniela Vallejo<\/a><\/strong>, Miss Espa\u00f1a Trans 2025, y\u00a0<strong>Polonia Castellanos<\/strong>, presidenta de Abogados Cristianos. La intervenci\u00f3n de Polonia gener\u00f3 m\u00e1s pol\u00e9mica a\u00fan al asunto, y es que se refiri\u00f3 a Daniela como \u201ceste se\u00f1or\u201d. Ante el ataque tr\u00e1nsfobo, Daniela, que se mantuvo respetuosa durante su intervenci\u00f3n, salt\u00f3 y le dijo que no le tratara de se\u00f1or y que la respetara, a lo que Polonia, lejos de rectificar, respondi\u00f3:\u00a0<strong>\u201cPara m\u00ed usted es un se\u00f1or\u201d<\/strong>.<\/p>\n<p><iframe id=\"instagram-embed-0\" class=\"instagram-media instagram-media-rendered\" src=\"https:\/\/www.instagram.com\/reel\/DNi1FBjM7U1\/embed\/captioned\/?cr=1&amp;v=14&amp;wp=312&amp;rd=https%3A%2F%2Fshangay.com&amp;rp=%2F2025%2F08%2F25%2Fdaniela-vallejo-miss-trans-transfobia-ataque-television%2F#%7B%22ci%22%3A0%2C%22os%22%3A3237.2999999523163%2C%22ls%22%3A824.6000000238419%2C%22le%22%3A2931.5%7D\" height=\"830\" frameborder=\"0\" scrolling=\"no\" allowfullscreen=\"allowfullscreen\" data-instgrm-payload-id=\"instagram-media-payload-0\" data-mce-fragment=\"1\"><\/iframe>&nbsp;<\/p>\n<h5>En boca de Daniela<\/h5>\n<p>Hemos hablado con Daniela Vallejo y nos ha contado c\u00f3mo vivi\u00f3 este horrible episodio en el que se le intent\u00f3 denigrar por su identidad de g\u00e9nero: \u201c<strong>Quiero interponer una denuncia contra esta se\u00f1ora por la humillaci\u00f3n que se me ha hecho p\u00fablicamente<\/strong>. \u00cdbamos a debatir sobre el tema de la actuaci\u00f3n, sobre las responsabilidades del Ayuntamiento de Calvi\u00e0 en esto, y cuando le desmont\u00e9 su argumento decidi\u00f3 lanzar ataques sobre mi persona\u201d. Asegura que desde el plat\u00f3 se intent\u00f3 parar a Polonia Castellanos: \u201cEl presentador le pidi\u00f3 que rectificase y ella no quiso. Dijo atrocidades sobre mi persona\u201d.<\/p>\n<p>Daniela cuenta con la ayuda de la asociaci\u00f3n Transexualia y asegura que\u00a0<strong>\u201cdesde el Ministerio de Igualdad est\u00e1n intentando unirse\u201d<\/strong>\u00a0a su denuncia. \u201cComo sociedad tenemos que unirnos para frenar esta transfobia; no entiendo c\u00f3mo esta mujer se puede quedar tranquila despu\u00e9s de soltar un discurso de odio\u201d, nos ha dicho Vallejo.<\/p>\n<p>Durante estos d\u00edas la miss se ha sentido muy arropada: \u201cMe ha llamado\u00a0<strong><a href=\"https:\/\/shangay.com\/2024\/02\/19\/victor-gutierrez-damian-lopez-briggite-castellon-deporte-lgtbifobia\/\" target=\"_blank\" rel=\"noopener\">V\u00edctor Guti\u00e9rrez<\/a><\/strong>\u00a0para ofrecerme su apoyo, y tambi\u00e9n\u00a0<strong><a href=\"https:\/\/shangay.com\/2024\/12\/23\/karla-sofia-gascon-trans-emilia-perez-entrevista\/\" target=\"_blank\" rel=\"noopener\">Karla Sof\u00eda Gasc\u00f3n<\/a><\/strong>\u00a0para animarme a denunciar. En redes sociales muchas personas y colectivos est\u00e1n conmigo; quiero agradecer todo el apoyo que estoy recibiendo\u201d.<\/p>\n<\/div>\n<\/article>\n<\/div>\n<\/div>\n<blockquote class=\"wp-embedded-content\" data-secret=\"5jxV6l5Hnj\"><p><a href=\"https:\/\/shangay.com\/2025\/08\/25\/daniela-vallejo-miss-trans-transfobia-ataque-television\/\">Daniela Vallejo (Miss Trans Espa\u00f1a 2025) denunciar\u00e1 a la presidenta de Abogados Cristianos por su discurso de odio en televisi\u00f3n<\/a><\/p><\/blockquote>\n<p><iframe loading=\"lazy\" class=\"wp-embedded-content\" sandbox=\"allow-scripts\" security=\"restricted\" style=\"position: absolute; visibility: hidden;\" title=\"\u00abDaniela Vallejo (Miss Trans Espa\u00f1a 2025) denunciar\u00e1 a la presidenta de Abogados Cristianos por su discurso de odio en televisi\u00f3n\u00bb \u2014 Shangay\" src=\"https:\/\/shangay.com\/2025\/08\/25\/daniela-vallejo-miss-trans-transfobia-ataque-television\/embed\/#?secret=BmTSilymdD#?secret=5jxV6l5Hnj\" data-secret=\"5jxV6l5Hnj\" width=\"600\" height=\"338\" frameborder=\"0\" marginwidth=\"0\" marginheight=\"0\" scrolling=\"no\"><\/iframe><\/p>\n","protected":false},"excerpt":{"rendered":"<p>Hablamos con la Miss Trans Espa\u00f1a 2025 tras los ataques que sufri\u00f3 en televisi\u00f3n por parte de la presidenta de Abogados Cristianos.\u00a0<\/p>\n","protected":false},"author":1,"featured_media":2548,"comment_status":"open","ping_status":"open","sticky":false,"template":"","format":"standard","meta":{"footnotes":""},"categories":[30,15],"tags":[],"class_list":["post-2547","post","type-post","status-publish","format-standard","has-post-thumbnail","hentry","category-en_portada","category-noticias"],"brizy_media":[],"_links":{"self":[{"href":"https:\/\/plataformatrans.es\/index.php\/wp-json\/wp\/v2\/posts\/2547","targetHints":{"allow":["GET"]}}],"collection":[{"href":"https:\/\/plataformatrans.es\/index.php\/wp-json\/wp\/v2\/posts"}],"about":[{"href":"https:\/\/plataformatrans.es\/index.php\/wp-json\/wp\/v2\/types\/post"}],"author":[{"embeddable":true,"href":"https:\/\/plataformatrans.es\/index.php\/wp-json\/wp\/v2\/users\/1"}],"replies":[{"embeddable":true,"href":"https:\/\/plataformatrans.es\/index.php\/wp-json\/wp\/v2\/comments?post=2547"}],"version-history":[{"count":1,"href":"https:\/\/plataformatrans.es\/index.php\/wp-json\/wp\/v2\/posts\/2547\/revisions"}],"predecessor-version":[{"id":2549,"href":"https:\/\/plataformatrans.es\/index.php\/wp-json\/wp\/v2\/posts\/2547\/revisions\/2549"}],"wp:featuredmedia":[{"embeddable":true,"href":"https:\/\/plataformatrans.es\/index.php\/wp-json\/wp\/v2\/media\/2548"}],"wp:attachment":[{"href":"https:\/\/plataformatrans.es\/index.php\/wp-json\/wp\/v2\/media?parent=2547"}],"wp:term":[{"taxonomy":"category","embeddable":true,"href":"https:\/\/plataformatrans.es\/index.php\/wp-json\/wp\/v2\/categories?post=2547"},{"taxonomy":"post_tag","embeddable":true,"href":"https:\/\/plataformatrans.es\/index.php\/wp-json\/wp\/v2\/tags?post=2547"}],"curies":[{"name":"wp","href":"https:\/\/api.w.org\/{rel}","templated":true}]}}