{"id":2535,"date":"2025-08-12T14:43:42","date_gmt":"2025-08-12T12:43:42","guid":{"rendered":"http:\/\/plataformatrans.es\/?p=2535"},"modified":"2025-08-12T14:43:42","modified_gmt":"2025-08-12T12:43:42","slug":"el-psoe-prohibe-a-sus-cargos-anadir-q-a-las-siglas-lgtbi-cuando-hablen-en-nombre-del-partido","status":"publish","type":"post","link":"https:\/\/plataformatrans.es\/index.php\/2025\/08\/12\/el-psoe-prohibe-a-sus-cargos-anadir-q-a-las-siglas-lgtbi-cuando-hablen-en-nombre-del-partido\/","title":{"rendered":"El PSOE proh\u00edbe a sus cargos a\u00f1adir Q+ a las siglas LGTBI cuando hablen en nombre del partido"},"content":{"rendered":"<div class=\"flex justify-end has-[.supratitle-container,.editorial-tags-container]:tablet:flex-col-reverse has-[.supratitle-container,.editorial-tags-container]:flex-start has-[.supratitle-container,.editorial-tags-container]:justify-start has-[.supratitle-container,.editorial-tags-container]:desktop:justify-between [&amp;:has(.editorial-tag-title]:mb-2 desktop:[&amp;:has(.editorial-tag-title]:mb-5\">\n<p class=\"reading-time flex items-center text-sm mb-5 text-warm-gray-700 dark:text-cold-gray-200\"><span style=\"font-size: 20px; font-weight: 900;\">El PSOE proh\u00edbe a sus cargos a\u00f1adir Q+ a las siglas LGTBI cuando hablen en nombre del partido<\/span><\/p>\n<\/div>\n<div class=\"text-base desktop:text-xl text-pretty text-neutral-gray-800 dark:text-cold-gray-200 mb-5 desktop:mb-7 [&amp;_ul]:list-disc desktop:[&amp;_ul]:ml-3 [&amp;_li]:marker:text-publico [&amp;_li]:mb-2 [&amp;_a]:text-link-normal dark:[&amp;_a]:text-link-dark [&amp;_a]:underline [&amp;_a:hover]:text-link-hover [&amp;_a:hover]:no-underline [&amp;_a:hover]:dark:text-link-dark-hover\" data-original-text-size=\"text-lg:text-xl\">\n<ul>\n<li class=\"pl-6 flow-root relative before:content-[' '] before:bg-publico dark:before:bg-publico-dark before:w-2 before:h-2 before:absolute before:left-0 before:top-2.5 before:rounded-full\">El comit\u00e9 de garant\u00edas de la direcci\u00f3n socialista advierte de que ser\u00e1n nulas las resoluciones que vinculen el concepto queer a la lucha contra la homofobia, la transfobia y los discursos de odio.<\/li>\n<li class=\"pl-6 flow-root relative before:content-[' '] before:bg-publico dark:before:bg-publico-dark before:w-2 before:h-2 before:absolute before:left-0 before:top-2.5 before:rounded-full\">Advierte a las federaciones territoriales y a los representantes p\u00fablicos y org\u00e1nicos del partido de que la decisi\u00f3n de prescindir de esa referencias es vinculante y de obligado cumplimiento.<\/li>\n<\/ul>\n<\/div>\n<div id=\"main-content\" class=\"desktop:flex desktop:justify-between\">\n<div class=\"desktop:max-w-[670px] desktop:w-full desktop:min-h-[1400px]\">\n<div class=\"main-image image mb-5 relative\">\n<div class=\"composite-image main-image media-container image-zoomin\" data-video-width=\"660\" data-video-height=\"371\">\n<figure class=\"image-container\">x <a title=\"Listado de noticias de Juan Oliver\" href=\"https:\/\/www.publico.es\/author\/juan-oliver\">Juan Oliver<\/a><\/figure>\n<\/div>\n<\/div>\n<div class=\"desktop:ml-[64px]\">\n<div class=\"published text-sm text-warm-gray-700 dark:text-cold-gray-200 mb-3 desktop:mb-5\">El PSOE ha advertido a sus cargos org\u00e1nicos y de representaci\u00f3n que <a title=\"Pol\u00e9mica por la decisi\u00f3n del PSOE de eliminar la 'Q+' de las siglas LGTBI\" href=\"https:\/\/www.publico.es\/sociedad\/video-polemica-decision-psoe-eliminar-q-siglas-lgtbi.html\" target=\"_blank\" rel=\"noopener\">deben prescindir de las\u00a0siglas Q+<\/a>\u00a0y limitarse a usar la expresi\u00f3n LGTBI cuando hablen en nombre del partido y se refieran al movimiento por los derechos de\u00a0homosexuales, lesbianas,\u00a0bisexuales,\u00a0personas\u00a0transg\u00e9nero, transexuales\u00a0e\u00a0intersexuales.\u00a0Las asociaciones\u00a0que organizan a esos\u00a0colectivos\u00a0creen que esa posici\u00f3n,\u00a0que\u00a0excluir\u00eda\u00a0de la\u00a0causa a\u00a0quienes se consideran\u00a0queer\u00a0y a quienes\u00a0se reconocen\u00a0en\u00a0otras identidades y orientaciones sexuales no normativas,\u00a0supone un paso atr\u00e1s en la lucha por\u00a0<b>el reconocimiento de la diversidad sexual\u00a0<\/b><b>y la libertad afectiva<\/b>.<\/div>\n<\/div>\n<div class=\"block--text desktop:flex desktop:mb-7\">\n<div id=\"body-modules\" class=\"body-modules w-full\">\n<p class=\"paragraph text-xl pb-7 w-full text-pretty [&amp;_a]:text-link-normal dark:[&amp;_a]:text-link-dark [&amp;_a]:decoration-1 [&amp;_a:hover]:underline [&amp;_a:hover]:text-link-hover [&amp;_a:hover]:decoration-2 [&amp;_b_a]:text-link-normal dark:[&amp;_b_a]:text-link-dark [&amp;_b_a]:decoration-1 [&amp;_b_a:hover]:underline [&amp;_b_a:hover]:text-link-hover desktop:leading-relaxed break-words font-serif\" data-original-text-size=\"text-xl\">El aviso sobre el veto al Q+ figura en una resoluci\u00f3n de la comisi\u00f3n federal de \u00e9tica y garant\u00edas del partido, fechada el pasado 7 de agosto y a la que ha tenido acceso\u00a0<i>P\u00fablico<\/i>. En ella se recuerda que\u00a0<b>esas siglas no pueden emplearse en las resoluciones pol\u00edticas<\/b>\u00a0de la formaci\u00f3n, y que aquellas que las recojan son nulas por contrariar la decisi\u00f3n firme\u00a0<a title=\"El PSOE excluye a las personas 'queer' y a identidades enmarcadas como 'plus' de sus documentos pol\u00edticos\" href=\"https:\/\/www.publico.es\/politica\/psoe-excluye-personas-queer-identidades-enmarcadas-plus-documentos-politicos.html\">que adopt\u00f3 al respecto en diciembre pasado el congreso federal<\/a>.<\/p>\n<p class=\"paragraph text-xl pb-7 w-full text-pretty [&amp;_a]:text-link-normal dark:[&amp;_a]:text-link-dark [&amp;_a]:decoration-1 [&amp;_a:hover]:underline [&amp;_a:hover]:text-link-hover [&amp;_a:hover]:decoration-2 [&amp;_b_a]:text-link-normal dark:[&amp;_b_a]:text-link-dark [&amp;_b_a]:decoration-1 [&amp;_b_a:hover]:underline [&amp;_b_a:hover]:text-link-hover desktop:leading-relaxed break-words font-serif\" data-original-text-size=\"text-xl\">Entonces, varias militantes presentaron una enmienda a la ponencia marco de los estatutos del PSOE que abogaba por\u00a0<b>suprimir las referencias al t\u00e9rmino queer<\/b>\u00a0\u2013<a title=\"RAE: queer\" href=\"https:\/\/dle.rae.es\/queer\" rel=\"nofollow noreferrer\">seg\u00fan el diccionario de la Real Academia de la Lengua<\/a>, se refiere a quien \u00abtiene una identidad de g\u00e9nero o una orientaci\u00f3n sexual que no se corresponde con las categor\u00edas tradicionales\u00bb\u2013, as\u00ed como el s\u00edmbolo + cuando identifica a quienes se definen\u00a0con\u00a0otras que no est\u00e1n expl\u00edcitamente incluidas en\u00a0el resto de siglas.\u00a0Las defensoras de la enmienda, varias mujeres de las delegaciones de A Coru\u00f1a, C\u00e1ceres, Mallorca y Pontevedra, entre otras, alegaban que el Q+ amparaban en realidad \u00ab<b>un significado mis\u00f3gino, ultraliberal y antifeminista<\/b>\u00ab.<\/p>\n<div class=\"related-intext bg-warm-gray-100 px-5 -mx-5 py-5 mb-10 desktop:bg-lightmode desktop:border-t-2 desktop:border-b-2 desktop:border-warm-gray-300 desktop:dark:border-cold-gray-500 desktop:mx-0 desktop:px-1 desktop:mt-6 desktop:mb-12 dark:bg-cold-gray-700 dark:desktop:bg-darkmode\">\n<div class=\"pb-2 text-xl4 font-serif\">\n<article class=\"flex result-page listing-item\">\n<div class=\"article-details mr-3 desktop:mr-4\">\n<h3 class=\"title mb-2 text-balance desktop:text-pretty leading-tight hover:underline decoration-1 text-lg desktop:text-xl2\"><span style=\"font-size: 16px; font-weight: 400;\">Su propuesta fue votada y aprobada, pero cuando sus impulsoras advirtieron que varias federaciones \u2013entre ellas las de Madrid, Pa\u00eds Valenci\u00e0, Castilla y Le\u00f3n y Cantabria\u2013 desafiaban aquella decisi\u00f3n y\u00a0<\/span><a style=\"font-size: 16px; font-weight: 400;\" title=\"Seis federaciones del PSOE a\u00f1aden el '+' o la letra 'Q' a las siglas LGTBI y enmiendan al Congreso Federal\" href=\"https:\/\/www.publico.es\/politica\/partidos\/seis-federaciones-psoe-anaden-letra-q-siglas-lgtbi-enmiendan-congreso-federal.html\" target=\"_blank\" rel=\"noopener\">segu\u00edan usando referencias Q+ en\u00a0sus\u00a0documentos\u00a0org\u00e1nicos<\/a><span style=\"font-size: 16px; font-weight: 400;\">,\u00a0y que las siglas pod\u00edan acabar negro sobre blanco en los estatutos auton\u00f3micos,\u00a0elevaron dos\u00a0protestas. Primero,\u00a0ante el comit\u00e9 ejecutivo federal, en febrero pasado, y, tras no obtener respuesta\u00a0en\u00a0tres meses,\u00a0ante el comit\u00e9 de garant\u00edas,\u00a0el 22 de mayo.\u00a0En sus escritos, ped\u00edan la anulaci\u00f3n de todas las resoluciones\u00a0auton\u00f3micas\u00a0y de cualquier estatuto regional\u00a0que incluyan\u00a0la Q o el +\u00a0en referencia al citado movimiento.\u00a0Tambi\u00e9n reclamaban\u00a0un pronunciamiento expreso en forma de\u00a0<\/span><b style=\"font-size: 16px;\">recordatorio a los cargos p\u00fablicos y org\u00e1nicos, para que no las empleen\u00a0<\/b><span style=\"font-size: 16px; font-weight: 400;\">cuando act\u00faen en nombre\u00a0del PSOE.<\/span><\/h3>\n<\/div>\n<\/article>\n<\/div>\n<\/div>\n<h5 class=\"highlighted pt-5 pb-3 font-sans font-bold text-xl2 text-balance desktop:text-pretty leading-tight break-words\" data-original-text-size=\"text-xl2\">Nulas y sin efecto<\/h5>\n<p class=\"paragraph text-xl pb-7 w-full text-pretty [&amp;_a]:text-link-normal dark:[&amp;_a]:text-link-dark [&amp;_a]:decoration-1 [&amp;_a:hover]:underline [&amp;_a:hover]:text-link-hover [&amp;_a:hover]:decoration-2 [&amp;_b_a]:text-link-normal dark:[&amp;_b_a]:text-link-dark [&amp;_b_a]:decoration-1 [&amp;_b_a:hover]:underline [&amp;_b_a:hover]:text-link-hover desktop:leading-relaxed break-words font-serif\" data-original-text-size=\"text-xl\">En su decisi\u00f3n del pasado jueves, el comit\u00e9\u00a0ha\u00a0resuelto\u00a0que\u00a0ser\u00e1n consideradas nulas\u00a0todas\u00a0las resoluciones\u00a0de las federaciones territoriales\u00a0que usen las siglas antes se\u00f1aladas\u00a0porque, \u00abcomo no puede ser otro modo, no tienen ni pueden producir efecto alguno\u00bb\u00a0dado que\u00a0<b>vulneran l<\/b><b>o acordado en diciembre<\/b>.\u00a0Y\u00a0porque, adem\u00e1s, los estatutos\u00a0regionales\u00a0deben ser aprobados por el comit\u00e9\u00a0federal,\u00a0que no\u00a0les\u00a0dar\u00e1 el visto bueno si eso sucede.<\/p>\n<div class=\"main-image image mb-10 relative\">\n<figure class=\"image-container image_horizontal\"><picture class=\"cursor-pointer\"><img loading=\"lazy\" decoding=\"async\" class=\"mx-auto\" title=\"Imagen de la marcha con motivo del D\u00eda del Orgullo el pasado 28 de junio en Valladolid.\" src=\"https:\/\/www.publico.es\/files\/image_horizontal_mobile\/uploads\/2025\/08\/08\/68962da5e7f01.jpeg\" alt=\"Imagen de la marcha con motivo del D\u00eda del Orgullo el pasado 28 de junio en Valladolid.\" width=\"480\" height=\"270\" data-full-src=\"https:\/\/www.publico.es\/uploads\/2025\/08\/08\/68962da5e7f01.jpeg\" \/><\/picture><figcaption class=\"image-caption pt-3 pb-3 font-sans text-sm border-b leading-6 border-warm-gray-300 dark:border-cold-gray-500 tablet:overflow-x-auto tablet:whitespace-nowrap\"><span class=\"image-description\" title=\"Imagen de la marcha con motivo del D\u00eda del Orgullo el pasado 28 de junio en Valladolid.\">Imagen de la marcha con motivo del D\u00eda del Orgullo el pasado 28 de junio en Valladolid.<\/span><strong class=\"author ml-1.5\" title=\"Claudia Alba \/ Europa Press\">Claudia Alba \/ Europa Press<\/strong><\/figcaption><\/figure>\n<\/div>\n<p class=\"paragraph text-xl pb-7 w-full text-pretty [&amp;_a]:text-link-normal dark:[&amp;_a]:text-link-dark [&amp;_a]:decoration-1 [&amp;_a:hover]:underline [&amp;_a:hover]:text-link-hover [&amp;_a:hover]:decoration-2 [&amp;_b_a]:text-link-normal dark:[&amp;_b_a]:text-link-dark [&amp;_b_a]:decoration-1 [&amp;_b_a:hover]:underline [&amp;_b_a:hover]:text-link-hover desktop:leading-relaxed break-words font-serif\" data-original-text-size=\"text-xl\">En cuanto a la\u00a0petici\u00f3n de que se le recuerde\u00a0esa circunstancia\u00a0<b>a todos los cargos p\u00fablicos<\/b>\u00a0para que se atengan a ella en su actividad pol\u00edtica en nombre del PSOE, el comit\u00e9 de garant\u00edas\u00a0advierte de que no tiene competencias para ello, pero\u00a0s\u00ed\u00a0recuerda literalmente que \u00abtodos los compa\u00f1eros tienen el deber de cumplir lo acordado por el m\u00e1ximo \u00f3rgano del partido,\u00a0<b>el\u00a0<\/b><b>congreso\u00a0federal,\u00a0<\/b><b>cuyo mandato es \u00abvinculante y obligatorio\u00bb<\/b>.<\/p>\n<div class=\"related-intext bg-warm-gray-100 px-5 -mx-5 py-5 mb-10 desktop:bg-lightmode desktop:border-t-2 desktop:border-b-2 desktop:border-warm-gray-300 desktop:dark:border-cold-gray-500 desktop:mx-0 desktop:px-1 desktop:mt-6 desktop:mb-12 dark:bg-cold-gray-700 dark:desktop:bg-darkmode\">\n<div class=\"pb-2 text-xl4 font-serif\">\n<article class=\"flex result-page listing-item\">\u00abNuestra organizaci\u00f3n, <b>sin perjuicio del debate, de la cr\u00edtica y de las discrepancias<\/b>, que deben ser expresadas en el seno de los \u00f3rganos establecidos para ello, funciona bajo las premisas fundamentales de la unidad como principio de acci\u00f3n pol\u00edtica\u201d, indica la resoluci\u00f3n, firmada por el presidente de la comisi\u00f3n de \u00e9tica \u2013el exsenador\u00a0<b>Rafael Rom\u00e1n<\/b>\u2013 y la secretaria del organismo \u2013la diputada en el Congreso\u00a0<b>Susana Ros<\/b>\u2013. El texto a\u00f1ade que esa es la interpretaci\u00f3n correcta de los estatutos del PSOE y la que debe orientar al comit\u00e9 federal a la hora de aprobar o no por ese motivo las normas regionales que surjan de cada congreso auton\u00f3mico.<\/article>\n<\/div>\n<\/div>\n<p class=\"paragraph text-xl pb-7 w-full text-pretty [&amp;_a]:text-link-normal dark:[&amp;_a]:text-link-dark [&amp;_a]:decoration-1 [&amp;_a:hover]:underline [&amp;_a:hover]:text-link-hover [&amp;_a:hover]:decoration-2 [&amp;_b_a]:text-link-normal dark:[&amp;_b_a]:text-link-dark [&amp;_b_a]:decoration-1 [&amp;_b_a:hover]:underline [&amp;_b_a:hover]:text-link-hover desktop:leading-relaxed break-words font-serif\" data-original-text-size=\"text-xl\">Seg\u00fan\u00a0<a title=\"Enlace a la encuesta Estado del Odio de la FELGTBI+\" href=\"https:\/\/felgtbi.org\/wp-content\/uploads\/2025\/05\/Estado-LGTBI-Estado-odio-2025.pdf\" rel=\"nofollow noreferrer\">la encuesta\u00a0<\/a><i>Estado del Odio\u00a0<\/i>de la Federaci\u00f3n Estatal de Lesbianas, Gais, Trans, Bisexuales Intersexuales y M\u00e1s (FELGTBI+), que agrupa 55 entidades de todo el Estado,\u00a0alrededor de cinco millones de personas, es decir en torno al 11,1% de la poblaci\u00f3n\u00a0espa\u00f1ola\u00a0\u2013hasta el 27,8% en el tramo de edad de 28 a 34 a\u00f1os y el 21,4% en el de 24 a 34\u2013,\u00a0<b>se autoincluyen en alguna de las categor\u00edas de g\u00e9nero u orientaci\u00f3n sexual a las que se refiere la expresi\u00f3n<\/b><b>\u00a0LGTBI+<\/b>.<\/p>\n<div class=\"related-intext bg-warm-gray-100 px-5 -mx-5 py-5 mb-10 desktop:bg-lightmode desktop:border-t-2 desktop:border-b-2 desktop:border-warm-gray-300 desktop:dark:border-cold-gray-500 desktop:mx-0 desktop:px-1 desktop:mt-6 desktop:mb-12 dark:bg-cold-gray-700 dark:desktop:bg-darkmode\">\n<p class=\"pb-2 text-xl4 font-serif\"><span style=\"font-size: 40px; font-weight: 900;\">Sin datos sobre cu\u00e1ntas personas se consideran queer<\/span><\/p>\n<\/div>\n<p class=\"paragraph text-xl pb-7 w-full text-pretty [&amp;_a]:text-link-normal dark:[&amp;_a]:text-link-dark [&amp;_a]:decoration-1 [&amp;_a:hover]:underline [&amp;_a:hover]:text-link-hover [&amp;_a:hover]:decoration-2 [&amp;_b_a]:text-link-normal dark:[&amp;_b_a]:text-link-dark [&amp;_b_a]:decoration-1 [&amp;_b_a:hover]:underline [&amp;_b_a:hover]:text-link-hover desktop:leading-relaxed break-words font-serif\" data-original-text-size=\"text-xl\">M\u00e1s de la mitad, el 50,5%, son bisexuales; un 17,5%, gays; un 11%, lesbianas; un 8,5%, no binarias; un 8,25%, asexuales; un\u00a06,75%, transexuales, y un 0,5%, intersexuales. No existen datos\u00a0estad\u00edsticos\u00a0sobre\u00a0<b>cu\u00e1ntas de ellas se definir\u00edan tambi\u00e9n como queer<\/b>,\u00a0una f\u00f3rmula que han adoptado muchas personas que se sienten inc\u00f3modas con las etiquetas tradicionales y que identifican esa palabra como\u00a0una\u00a0forma de\u00a0<b>resistencia dial\u00e9ctica contra las normas y conceptos sociales y culturales establecidos sobre el g\u00e9nero y la d<\/b><b>iversidad<\/b>.<\/p>\n<p class=\"paragraph text-xl pb-7 w-full text-pretty [&amp;_a]:text-link-normal dark:[&amp;_a]:text-link-dark [&amp;_a]:decoration-1 [&amp;_a:hover]:underline [&amp;_a:hover]:text-link-hover [&amp;_a:hover]:decoration-2 [&amp;_b_a]:text-link-normal dark:[&amp;_b_a]:text-link-dark [&amp;_b_a]:decoration-1 [&amp;_b_a:hover]:underline [&amp;_b_a:hover]:text-link-hover desktop:leading-relaxed break-words font-serif\" data-original-text-size=\"text-xl\"><i>P\u00fablico<\/i>\u00a0se ha dirigido al PSOE para obtener la valoraci\u00f3n de alguno de sus responsables, pero fuentes de la direcci\u00f3n de comunicaci\u00f3n del partido han indicado que la resoluci\u00f3n del comit\u00e9 de garant\u00edas\u00a0sobre\u00a0<b>la exclusi\u00f3n de la Q y el + en el argumentario interno y externo del partido<\/b>\u00a0es \u00abmuy b\u00e1sica\u00bb y \u00ab<b>absolutamente t\u00e9cnica y no pol\u00edtica<\/b>\u00ab. En el sentido, a\u00f1aden, \u00abde\u00a0que los estatutos o resoluciones del congreso\u00a0federal son de aplicaci\u00f3n en los estamentos inferiores\u00bb. \u00abNo haremos ninguna declaraci\u00f3n m\u00e1s, precisamente por eso, porque se explica perfectamente en la aplicaci\u00f3n de los estatutos\u00bb, concluyen.<\/p>\n<div>\n<div class=\"pb-intext-papel [&amp;_&gt;_*]:mb-7\">\u00abNo es que el concepto queer sea filos\u00f3ficamente inadmisible, pero jur\u00eddicamente s\u00ed es inviable\u00bb<\/div>\n<\/div>\n<p class=\"paragraph text-xl pb-7 w-full text-pretty [&amp;_a]:text-link-normal dark:[&amp;_a]:text-link-dark [&amp;_a]:decoration-1 [&amp;_a:hover]:underline [&amp;_a:hover]:text-link-hover [&amp;_a:hover]:decoration-2 [&amp;_b_a]:text-link-normal dark:[&amp;_b_a]:text-link-dark [&amp;_b_a]:decoration-1 [&amp;_b_a:hover]:underline [&amp;_b_a:hover]:text-link-hover desktop:leading-relaxed break-words font-serif\" data-original-text-size=\"text-xl\">Este diario tambi\u00e9n se ha dirigido al Partido dos Socialistas de Galicia (PSdeG),\u00a0la federaci\u00f3n gallega de la formaci\u00f3n, a la que est\u00e1n adscritas varias de las militantes que suscribieron la ponencia que reclamaba la exclusi\u00f3n del Q+. Seg\u00fan\u00a0<b>Aitor Bouza<\/b>, secretario auton\u00f3mico de Acci\u00f3n Territorial y Formaci\u00f3n y l\u00edder del partido en Santiago, a quien el PSdeG dirigi\u00f3 a\u00a0<i>P\u00fablico<\/i>\u00a0cuando se interes\u00f3 por el tema, en el congreso de diciembre \u00abno se quit\u00f3 nada porque esas siglas no estaban en los estatutos\u00bb. \u00abHubo un debate, que se magnific\u00f3, tras el que se vot\u00f3\u00a0<b>una propuesta que fue aprobada y que nos vincula a todos y a todas<\/b>\u00ab, afirma.<\/p>\n<p class=\"paragraph text-xl pb-7 w-full text-pretty [&amp;_a]:text-link-normal dark:[&amp;_a]:text-link-dark [&amp;_a]:decoration-1 [&amp;_a:hover]:underline [&amp;_a:hover]:text-link-hover [&amp;_a:hover]:decoration-2 [&amp;_b_a]:text-link-normal dark:[&amp;_b_a]:text-link-dark [&amp;_b_a]:decoration-1 [&amp;_b_a:hover]:underline [&amp;_b_a:hover]:text-link-hover desktop:leading-relaxed break-words font-serif\" data-original-text-size=\"text-xl\">Para Bouza, adem\u00e1s, el sentido de no incluir las siglas citadas est\u00e1 en que, a su juicio,\u00a0<b>la categor\u00eda queer \u00abinvisibiliza al resto de g\u00e9neros y orientaciones\u00bb<\/b>\u00a0y su asunci\u00f3n impedir\u00eda \u00abque se combatan efectivamente\u00a0<b>los discursos de odio,<\/b><b>\u00a0la homofobia y la transfobia<\/b>\u00ab. \u00abNo es que el concepto\u00a0queer\u00a0sea filos\u00f3ficamente inadmisible,\u00a0el partido no va en contra de lo queer,\u00a0pero jur\u00eddicamente\u00a0s\u00ed\u00a0es inviable. Ser queer no es un derecho, se trata de una\u00a0lucha distinta,\u00a0es cierto que\u00a0complementaria de la causa LGTBI, pero distinta\u00bb,\u00a0concluye.<\/p>\n<p><a href=\"https:\/\/www.publico.es\/politica\/psoe-prohibe-cargos-anadir-q-siglas-lgtbi-hablen-nombre-partido.html\">https:\/\/www.publico.es\/politica\/psoe-prohibe-cargos-anadir-q-siglas-lgtbi-hablen-nombre-partido.html<\/a><\/p>\n<\/div>\n<\/div>\n<p>&nbsp;<\/p>\n<div class=\"block--text desktop:flex desktop:mb-7\">\n<div id=\"body-modules\" class=\"body-modules w-full\">\n<p data-original-text-size=\"text-xl\">\n<\/div>\n<\/div>\n<\/div>\n<\/div>\n<blockquote class=\"twitter-tweet\" data-media-max-width=\"560\">\n<p dir=\"ltr\" lang=\"es\">Intervenci\u00f3n completa de .<a href=\"https:\/\/twitter.com\/CambrolleMar?ref_src=twsrc%5Etfw\">@CambrolleMar<\/a> en <a href=\"https:\/\/twitter.com\/hashtag\/ANHP?src=hash&amp;ref_src=twsrc%5Etfw\">#ANHP<\/a>, a ra\u00edz de la eliminaci\u00f3n -por parte del PsoE- de la letra \u00abQ\u00bb de la denominaci\u00f3n del colectivo LGTBIQA+: \u00abSe empieza quitando letras y se termina quitando derechos\u00bb.<br \/>\n\u00a1Enorme, Mar! Hay que escucharla \ud83d\udc47\ud83c\udffc<\/p>\n<p>En .<a href=\"https:\/\/twitter.com\/CanalRed_TV?ref_src=twsrc%5Etfw\">@CanalRed_TV<\/a> <a href=\"https:\/\/t.co\/rOZykdsaHh\">pic.twitter.com\/rOZykdsaHh<\/a><\/p>\n<p>\u2014 Santi\ud83d\udd3b (@unodeldiezE) <a href=\"https:\/\/twitter.com\/unodeldiezE\/status\/1954902147671408688?ref_src=twsrc%5Etfw\">August 11, 2025<\/a><\/p><\/blockquote>\n<p><script async src=\"https:\/\/platform.twitter.com\/widgets.js\" charset=\"utf-8\"><\/script><\/p>\n","protected":false},"excerpt":{"rendered":"<p>El comit\u00e9 de garant\u00edas de la direcci\u00f3n socialista advierte de que ser\u00e1n nulas las resoluciones que vinculen el concepto queer a la lucha contra la homofobia, la transfobia y los discursos de odio.<\/p>\n","protected":false},"author":1,"featured_media":2536,"comment_status":"open","ping_status":"open","sticky":false,"template":"","format":"standard","meta":{"footnotes":""},"categories":[30,15],"tags":[],"class_list":["post-2535","post","type-post","status-publish","format-standard","has-post-thumbnail","hentry","category-en_portada","category-noticias"],"brizy_media":[],"_links":{"self":[{"href":"https:\/\/plataformatrans.es\/index.php\/wp-json\/wp\/v2\/posts\/2535","targetHints":{"allow":["GET"]}}],"collection":[{"href":"https:\/\/plataformatrans.es\/index.php\/wp-json\/wp\/v2\/posts"}],"about":[{"href":"https:\/\/plataformatrans.es\/index.php\/wp-json\/wp\/v2\/types\/post"}],"author":[{"embeddable":true,"href":"https:\/\/plataformatrans.es\/index.php\/wp-json\/wp\/v2\/users\/1"}],"replies":[{"embeddable":true,"href":"https:\/\/plataformatrans.es\/index.php\/wp-json\/wp\/v2\/comments?post=2535"}],"version-history":[{"count":1,"href":"https:\/\/plataformatrans.es\/index.php\/wp-json\/wp\/v2\/posts\/2535\/revisions"}],"predecessor-version":[{"id":2537,"href":"https:\/\/plataformatrans.es\/index.php\/wp-json\/wp\/v2\/posts\/2535\/revisions\/2537"}],"wp:featuredmedia":[{"embeddable":true,"href":"https:\/\/plataformatrans.es\/index.php\/wp-json\/wp\/v2\/media\/2536"}],"wp:attachment":[{"href":"https:\/\/plataformatrans.es\/index.php\/wp-json\/wp\/v2\/media?parent=2535"}],"wp:term":[{"taxonomy":"category","embeddable":true,"href":"https:\/\/plataformatrans.es\/index.php\/wp-json\/wp\/v2\/categories?post=2535"},{"taxonomy":"post_tag","embeddable":true,"href":"https:\/\/plataformatrans.es\/index.php\/wp-json\/wp\/v2\/tags?post=2535"}],"curies":[{"name":"wp","href":"https:\/\/api.w.org\/{rel}","templated":true}]}}