{"id":2526,"date":"2025-08-06T20:34:43","date_gmt":"2025-08-06T18:34:43","guid":{"rendered":"https:\/\/plataformatrans.es\/?p=2526"},"modified":"2025-12-22T14:55:46","modified_gmt":"2025-12-22T12:55:46","slug":"desde-la-periferia-al-respeto","status":"publish","type":"post","link":"https:\/\/plataformatrans.es\/index.php\/2025\/08\/06\/desde-la-periferia-al-respeto\/","title":{"rendered":"\u00abDesde la periferia, al respeto\u00bb"},"content":{"rendered":"<p>La Federaci\u00f3n Plataforma Trans, presenta esta iniciativa cultural, compuesta por 16 infograf\u00edas, que nace con la voluntad de recorrer la memoria hist\u00f3rica del colectivo trans en el Estado espa\u00f1ol, poniendo especial \u00e9nfasis en los momentos clave de la segunda rep\u00fablica, la dictadura franquista y la democracia.<\/p>\n<p>Este repaso visual y documental es una herramienta para visibilizar las luchas, resistencias y silencios que han marcado las vidas de las personas trans, a menudo condenadas a vivir en los m\u00e1rgenes: desde la periferia social, institucional y pol\u00edtica. Una periferia donde, a pesar del estigma, hemos tejido formas de supervivencia, organizaci\u00f3n y dignidad que merecen ser reconocidas.<\/p>\n<p>Esta propuesta no es solo una muestra cultural, sino tambi\u00e9n una acci\u00f3n pol\u00edtica y pedag\u00f3gica: defender la memoria como un derecho y como instrumento de reparaci\u00f3n. Poner en valor los nombres, rostros y hechos que la historia oficial ha querido olvidar es un paso hacia el respeto, la reparaci\u00f3n y la justicia social para el colectivo trans.<\/p>\n<p>\u00abDesde la periferia, al respeto\u00bb es un acto de reconocimiento y reivindicaci\u00f3n, pero tambi\u00e9n un grito de alerta: no podemos construir un futuro digno sin mirar de frente al pasado. Esta exposici\u00f3n quiere contribuir a mantener viva la memoria silenciada de nuestro colectivo, abriendo caminos hacia una sociedad m\u00e1s inclusiva, diversa y transpositiva.<\/p>\n<p>Porque no hay democracia completa sin memoria!<br \/>\nPorque somos historia, somos presente y seremos futuro!<\/p>\n<div style=\"width: 480px;\" class=\"wp-video\"><video class=\"wp-video-shortcode\" id=\"video-2526-1\" width=\"480\" height=\"854\" preload=\"metadata\" controls=\"controls\"><source type=\"video\/mp4\" src=\"https:\/\/plataformatrans.es\/wp-content\/uploads\/2025\/08\/\ud835\uddd7\ud835\uddf2\ud835\ude00\ud835\uddf1\ud835\uddf2-\ud835\uddf9\ud835\uddee-\ud835\uddfd\ud835\uddf2\ud835\uddff\ud835\uddf6\ud835\uddf3\ud835\uddf2\ud835\uddff\ud835\uddf6\ud835\uddee-\ud835\uddee\ud835\uddf9-\ud835\uddff\ud835\uddf2\ud835\ude00\ud835\uddfd\ud835\uddf2\ud835\ude01\ud835\uddfcLa-Federacion-Plataforma-Trans-present.mp4?_=1\" \/><a href=\"https:\/\/plataformatrans.es\/wp-content\/uploads\/2025\/08\/\ud835\uddd7\ud835\uddf2\ud835\ude00\ud835\uddf1\ud835\uddf2-\ud835\uddf9\ud835\uddee-\ud835\uddfd\ud835\uddf2\ud835\uddff\ud835\uddf6\ud835\uddf3\ud835\uddf2\ud835\uddff\ud835\uddf6\ud835\uddee-\ud835\uddee\ud835\uddf9-\ud835\uddff\ud835\uddf2\ud835\ude00\ud835\uddfd\ud835\uddf2\ud835\ude01\ud835\uddfcLa-Federacion-Plataforma-Trans-present.mp4\">https:\/\/plataformatrans.es\/wp-content\/uploads\/2025\/08\/\ud835\uddd7\ud835\uddf2\ud835\ude00\ud835\uddf1\ud835\uddf2-\ud835\uddf9\ud835\uddee-\ud835\uddfd\ud835\uddf2\ud835\uddff\ud835\uddf6\ud835\uddf3\ud835\uddf2\ud835\uddff\ud835\uddf6\ud835\uddee-\ud835\uddee\ud835\uddf9-\ud835\uddff\ud835\uddf2\ud835\ude00\ud835\uddfd\ud835\uddf2\ud835\ude01\ud835\uddfcLa-Federacion-Plataforma-Trans-present.mp4<\/a><\/video><\/div>\n","protected":false},"excerpt":{"rendered":"<p>La Federaci\u00f3n Plataforma Trans, presenta esta iniciativa cultural, compuesta por 16 infograf\u00edas, que nace con la voluntad de recorrer la memoria hist\u00f3rica del colectivo trans en el Estado espa\u00f1ol, poniendo especial \u00e9nfasis en los momentos clave de la segunda rep\u00fablica, la dictadura franquista y la democracia.<\/p>\n","protected":false},"author":1,"featured_media":2527,"comment_status":"open","ping_status":"open","sticky":false,"template":"","format":"standard","meta":{"footnotes":""},"categories":[8,30,15],"tags":[],"class_list":["post-2526","post","type-post","status-publish","format-standard","has-post-thumbnail","hentry","category-comunicados-plataforma","category-en_portada","category-noticias"],"brizy_media":[],"_links":{"self":[{"href":"https:\/\/plataformatrans.es\/index.php\/wp-json\/wp\/v2\/posts\/2526","targetHints":{"allow":["GET"]}}],"collection":[{"href":"https:\/\/plataformatrans.es\/index.php\/wp-json\/wp\/v2\/posts"}],"about":[{"href":"https:\/\/plataformatrans.es\/index.php\/wp-json\/wp\/v2\/types\/post"}],"author":[{"embeddable":true,"href":"https:\/\/plataformatrans.es\/index.php\/wp-json\/wp\/v2\/users\/1"}],"replies":[{"embeddable":true,"href":"https:\/\/plataformatrans.es\/index.php\/wp-json\/wp\/v2\/comments?post=2526"}],"version-history":[{"count":1,"href":"https:\/\/plataformatrans.es\/index.php\/wp-json\/wp\/v2\/posts\/2526\/revisions"}],"predecessor-version":[{"id":2529,"href":"https:\/\/plataformatrans.es\/index.php\/wp-json\/wp\/v2\/posts\/2526\/revisions\/2529"}],"wp:featuredmedia":[{"embeddable":true,"href":"https:\/\/plataformatrans.es\/index.php\/wp-json\/wp\/v2\/media\/2527"}],"wp:attachment":[{"href":"https:\/\/plataformatrans.es\/index.php\/wp-json\/wp\/v2\/media?parent=2526"}],"wp:term":[{"taxonomy":"category","embeddable":true,"href":"https:\/\/plataformatrans.es\/index.php\/wp-json\/wp\/v2\/categories?post=2526"},{"taxonomy":"post_tag","embeddable":true,"href":"https:\/\/plataformatrans.es\/index.php\/wp-json\/wp\/v2\/tags?post=2526"}],"curies":[{"name":"wp","href":"https:\/\/api.w.org\/{rel}","templated":true}]}}