{"id":2378,"date":"2025-06-04T12:29:45","date_gmt":"2025-06-04T10:29:45","guid":{"rendered":"http:\/\/plataformatrans.es\/?p=2378"},"modified":"2025-07-01T13:55:31","modified_gmt":"2025-07-01T11:55:31","slug":"sevilla-27-de-junio-marcha-trans","status":"publish","type":"post","link":"https:\/\/plataformatrans.es\/index.php\/2025\/06\/04\/sevilla-27-de-junio-marcha-trans\/","title":{"rendered":"[Sevilla] 27 de junio: Marcha Trans"},"content":{"rendered":"<h5><span class=\"css-1jxf684 r-bcqeeo r-1ttztb7 r-qvutc0 r-poiln3\">[Sevilla] 27 de junio: Marcha Trans <\/span><\/h5>\n<p><span class=\"css-1jxf684 r-bcqeeo r-1ttztb7 r-qvutc0 r-poiln3\">27 de junio <\/span><span class=\"css-1jxf684 r-bcqeeo r-1ttztb7 r-qvutc0 r-poiln3\">\u00a0Plaza Nueva, Sevilla <\/span><span class=\"css-1jxf684 r-bcqeeo r-1ttztb7 r-qvutc0 r-poiln3\">\u00a019 horas <\/span><\/p>\n<p><span class=\"css-1jxf684 r-bcqeeo r-1ttztb7 r-qvutc0 r-poiln3\">\u00a0Las personas trans estamos viviendo un recrudecimiento de la campa\u00f1a de odio emprendida hace a\u00f1os como reacci\u00f3n a nuestro avance en derechos. El recurso de inconstitucionalidad presentado por el PP contra la Ley Trans Estatal, la mutilaci\u00f3n de la Ley Trans en la Comunidad Valenciana y Comunidad de Madrid, es un indicio claro de una intencionalidad de menoscabar derechos a la personas trans. As\u00ed, la internacional del odio nos ha situado en la diana de sus ataques a lo largo de todo el planeta. <\/span><\/p>\n<p><span class=\"css-1jxf684 r-bcqeeo r-1ttztb7 r-qvutc0 r-poiln3\">\u00a0Ahora las personas Trans necesitamos a toda la ciudadan\u00eda comprometida con la igualdad y a todas las personas LGTBIQA+, para plantar cara a un odio que no se detendr\u00e1 en nosoTrans, despu\u00e9s ir\u00e1n a por todas las dem\u00e1s. <\/span><\/p>\n<p><span class=\"css-1jxf684 r-bcqeeo r-1ttztb7 r-qvutc0 r-poiln3\">\u00a0Por eso salimos a las calles para decir que en los Derechos Trans, ni un paso atr\u00e1s. <\/span><\/p>\n<p><span class=\"css-1jxf684 r-bcqeeo r-1ttztb7 r-qvutc0 r-poiln3\">Acomp\u00e1\u00f1anos en la Marcha Trans que tendr\u00e1 lugar este 27 de junio, con salida a las 19h de Plaza Nueva, Sevilla <\/span><\/p>\n<p><span class=\"r-18u37iz\"><a class=\"css-1jxf684 r-bcqeeo r-1ttztb7 r-qvutc0 r-poiln3 r-1loqt21\" dir=\"ltr\" role=\"link\" href=\"https:\/\/x.com\/hashtag\/FrenteAlOdioLevantaT?src=hashtag_click\">#FrenteAlOdioLevantaT<\/a><\/span> <span class=\"r-18u37iz\"><a class=\"css-1jxf684 r-bcqeeo r-1ttztb7 r-qvutc0 r-poiln3 r-1loqt21\" dir=\"ltr\" role=\"link\" href=\"https:\/\/x.com\/hashtag\/LevantaTContraLaTransfobia?src=hashtag_click\">#LevantaTContraLaTransfobia\u00a0<\/a><\/span><\/p>\n<p><img loading=\"lazy\" decoding=\"async\" class=\"alignnone size-medium wp-image-2379\" src=\"http:\/\/plataformatrans.es\/wp-content\/uploads\/2025\/05\/Gr3WvBdWkAMOncA-300x240.jpeg\" alt=\"\" width=\"300\" height=\"240\" srcset=\"https:\/\/plataformatrans.es\/wp-content\/uploads\/2025\/05\/Gr3WvBdWkAMOncA-300x240.jpeg 300w, https:\/\/plataformatrans.es\/wp-content\/uploads\/2025\/05\/Gr3WvBdWkAMOncA-1024x819.jpeg 1024w, https:\/\/plataformatrans.es\/wp-content\/uploads\/2025\/05\/Gr3WvBdWkAMOncA-768x614.jpeg 768w, https:\/\/plataformatrans.es\/wp-content\/uploads\/2025\/05\/Gr3WvBdWkAMOncA.jpeg 1350w\" sizes=\"auto, (max-width: 300px) 100vw, 300px\" \/><\/p>\n","protected":false},"excerpt":{"rendered":"<p>[Sevilla] 27 de junio: Marcha Trans 27 de junio \u00a0Plaza Nueva, Sevilla \u00a019 horas \u00a0Las personas trans estamos viviendo un recrudecimiento de la campa\u00f1a de odio emprendida hace a\u00f1os como reacci\u00f3n a nuestro avance en derechos. El recurso de inconstitucionalidad presentado por el PP contra la Ley Trans Estatal, la mutilaci\u00f3n de la Ley Trans [&hellip;]<\/p>\n","protected":false},"author":1,"featured_media":2379,"comment_status":"open","ping_status":"open","sticky":false,"template":"","format":"standard","meta":{"footnotes":""},"categories":[9,30],"tags":[],"class_list":["post-2378","post","type-post","status-publish","format-standard","has-post-thumbnail","hentry","category-agenda","category-en_portada"],"brizy_media":[],"_links":{"self":[{"href":"https:\/\/plataformatrans.es\/index.php\/wp-json\/wp\/v2\/posts\/2378","targetHints":{"allow":["GET"]}}],"collection":[{"href":"https:\/\/plataformatrans.es\/index.php\/wp-json\/wp\/v2\/posts"}],"about":[{"href":"https:\/\/plataformatrans.es\/index.php\/wp-json\/wp\/v2\/types\/post"}],"author":[{"embeddable":true,"href":"https:\/\/plataformatrans.es\/index.php\/wp-json\/wp\/v2\/users\/1"}],"replies":[{"embeddable":true,"href":"https:\/\/plataformatrans.es\/index.php\/wp-json\/wp\/v2\/comments?post=2378"}],"version-history":[{"count":1,"href":"https:\/\/plataformatrans.es\/index.php\/wp-json\/wp\/v2\/posts\/2378\/revisions"}],"predecessor-version":[{"id":2380,"href":"https:\/\/plataformatrans.es\/index.php\/wp-json\/wp\/v2\/posts\/2378\/revisions\/2380"}],"wp:featuredmedia":[{"embeddable":true,"href":"https:\/\/plataformatrans.es\/index.php\/wp-json\/wp\/v2\/media\/2379"}],"wp:attachment":[{"href":"https:\/\/plataformatrans.es\/index.php\/wp-json\/wp\/v2\/media?parent=2378"}],"wp:term":[{"taxonomy":"category","embeddable":true,"href":"https:\/\/plataformatrans.es\/index.php\/wp-json\/wp\/v2\/categories?post=2378"},{"taxonomy":"post_tag","embeddable":true,"href":"https:\/\/plataformatrans.es\/index.php\/wp-json\/wp\/v2\/tags?post=2378"}],"curies":[{"name":"wp","href":"https:\/\/api.w.org\/{rel}","templated":true}]}}