{"id":2339,"date":"2025-05-14T14:05:04","date_gmt":"2025-05-14T12:05:04","guid":{"rendered":"https:\/\/plataformatrans.es\/?p=2339"},"modified":"2025-05-19T17:28:09","modified_gmt":"2025-05-19T15:28:09","slug":"las-mujeres-trans-son-mujeres","status":"publish","type":"post","link":"https:\/\/plataformatrans.es\/index.php\/2025\/05\/14\/las-mujeres-trans-son-mujeres\/","title":{"rendered":"Las mujeres trans son mujeres"},"content":{"rendered":"<div class=\"c-detail-top\">\n<h5 class=\"c-detail__title\">Las mujeres trans son mujeres<\/h5>\n<\/div>\n<div class=\"c-detail-content\">\n<div class=\"c-detail-content-top\">\n<div class=\"c-detail__info\">\n<address class=\"c-detail__info__signature\">\n<nav class=\"c-detail__info__author__txt\">Por:\u00a0 Felipe de la Mata Piza\u00f1a*\u00a0<\/nav>\n<\/address>\n<\/div>\n<\/div>\n<div class=\"c-detail-content-toolbar\">\n<nav class=\"c-detail__share\"><a class=\"\" title=\"Compartir por WhatsApp\" href=\"https:\/\/api.whatsapp.com\/send?text=Las%20mujeres%20trans%20son%20mujeres%20-%20https:\/\/www.eleconomista.com.mx\/opinion\/mujeres-trans-son-mujeres-20250514-758991.html\" target=\"_blank\" rel=\"nofollow noopener noreferrer\"><span class=\"sr-only\">Compartir por WhatsApp<\/span><\/a><a class=\"\" title=\"Compartir por Twitter\" href=\"https:\/\/twitter.com\/intent\/tweet?text=Las%20mujeres%20trans%20son%20mujeres&amp;url=https:\/\/www.eleconomista.com.mx\/opinion\/mujeres-trans-son-mujeres-20250514-758991.html\" target=\"_blank\" rel=\"nofollow noopener noreferrer\"><span class=\"sr-only\">Compartir por Twitter<\/span><\/a><a class=\"\" title=\"Compartir por Facebook\" href=\"https:\/\/www.facebook.com\/sharer\/sharer.php?u=https:\/\/www.eleconomista.com.mx\/opinion\/mujeres-trans-son-mujeres-20250514-758991.html\" target=\"_blank\" rel=\"nofollow noopener noreferrer\"><span class=\"sr-only\">Compartir por Facebook<\/span><\/a><a class=\"\" title=\"Compartir por Linkedin\" href=\"https:\/\/www.linkedin.com\/shareArticle?title=Las%20mujeres%20trans%20son%20mujeres&amp;url=https:\/\/www.eleconomista.com.mx\/opinion\/mujeres-trans-son-mujeres-20250514-758991.html\" target=\"_blank\" rel=\"nofollow noopener noreferrer\"><span class=\"sr-only\">Compartir por Linkedin<\/span><\/a><\/nav>\n<\/div>\n<div class=\"c-detail-content-body\">\n<div class=\"c-detail__body\">\n<p>En el reciente y controvertido caso \u201cWomen Scotland Ltd. v. The Scottish Ministers\u201d, la Suprema Corte del Reino Unido dictamin\u00f3 que, a efectos de la Ley de Igualdad, una persona poseedora de un Certificado de Reconocimiento de G\u00e9nero (CRG) no puede ser legalmente considerada mujer. Esta decisi\u00f3n se fundament\u00f3 en la interpretaci\u00f3n de que los t\u00e9rminos \u201csexo\u201d, \u201chombre\u201d y \u201cmujer\u201d aluden exclusivamente al sexo biol\u00f3gico..<\/p>\n<p>Aunque la sentencia declara no eliminar la protecci\u00f3n contra la discriminaci\u00f3n por cambio de sexo, su implicaci\u00f3n al negar la identidad de g\u00e9nero autopercibida resulta preocupante. Este debate se inscribe en una corriente de movimientos negacionistas que, adoptando una visi\u00f3n binaria y conservadora del g\u00e9nero, cuestionan la igualdad jur\u00eddica de las personas trans fundament\u00e1ndose \u00fanicamente en criterios biol\u00f3gicos.<\/p>\n<p>Este enfoque incurre en una falacia al confundir la identidad de g\u00e9nero con el sexo biol\u00f3gico o gen\u00e9tico, aspectos que no deber\u00edan ser determinantes en la esfera de los derechos humanos. Desde las instituciones del Derecho y del Estado, lo primordial es reconocer los derechos humanos de toda persona que asume una concepci\u00f3n de g\u00e9nero, independientemente de su biolog\u00eda, en pleno ejercicio de su \u00edntima decisi\u00f3n.<\/p>\n<p>La autoadscripci\u00f3n debe erigirse como la base para la identificaci\u00f3n legal, pues esta autoconcepci\u00f3n reside en la esfera del libre desarrollo de la personalidad de las personas trans, quienes deben ser identificadas con el g\u00e9nero con el que, libre y voluntariamente, deciden vivir su vida. Ciertamente, este aspecto difiere intr\u00ednsecamente de las circunstancias biol\u00f3gicas o gen\u00e9ticas, las cuales no constituyen el factor determinante para el Derecho. Equiparar ambas perspectivas conducir\u00eda inevitablemente, como se evidencia en el caso del Reino Unido, a la desigualdad y a la discriminaci\u00f3n por raz\u00f3n de g\u00e9nero.<\/p>\n<p>Todo juez constitucional debe priorizar el derecho de cada individuo a vivir conforme a su propia identidad, un derecho que emana del libre desarrollo de la personalidad y no de una prueba de ADN.<\/p>\n<p>En contraste con la restrictiva visi\u00f3n brit\u00e1nica, ejemplificada en el caso \u201cWomen Scotland Ltd. v. The Scottish Ministers\u201d, el Tribunal Electoral del Poder Judicial de la Federaci\u00f3n (TEPJF) en M\u00e9xico ha establecido precedentes significativos y progresistas en el \u00e1mbito pol\u00edtico-electoral.<\/p>\n<p>En 2018, el TEPJF determin\u00f3 que la manifestaci\u00f3n p\u00fablica de la identidad de g\u00e9nero autopercibida por una persona trans es criterio suficiente para su inclusi\u00f3n en los porcentajes de paridad de candidaturas muxes (SUP-JDC-304\/2018). Esta postura se consolid\u00f3 en 2022, cuando se ratific\u00f3 el pleno derecho de las mujeres trans a ocupar espacios reservados para mujeres, sin que ello afectara el principio de paridad (SUP-JDC-74\/2022). M\u00e1s recientemente, en 2024, el TEPJF garantiz\u00f3 que la identidad de g\u00e9nero de las mujeres trans no debe ser un obst\u00e1culo para su participaci\u00f3n pol\u00edtica y su acceso a cargos de elecci\u00f3n popular, asegurando as\u00ed el cumplimiento del principio de paridad (SUP-REC-1182\/2024).<\/p>\n<p>Estas resoluciones del Tribunal Electoral subrayan, sin duda, la trascendencia de la autoadscripci\u00f3n de g\u00e9nero en el \u00e1mbito electoral, reafirmando el compromiso con una democracia inclusiva y respetuosa de los derechos humanos de las personas trans.<\/p>\n<p><b><i>*Magistrado electoral del TEPJF. (M\u00e9xico)<\/i><\/b><\/p>\n<p><a href=\"https:\/\/www.eleconomista.com.mx\/opinion\/mujeres-trans-son-mujeres-20250514-758991.html\">https:\/\/www.eleconomista.com.mx\/opinion\/mujeres-trans-son-mujeres-20250514-758991.html<\/a><\/p>\n<\/div>\n<\/div>\n<\/div>\n","protected":false},"excerpt":{"rendered":"<p>Art\u00edculo de opini\u00f3n de Felipe de la Mata Piza\u00f1a, Magistrado electoral del TEPJF. (M\u00e9xico)<\/p>\n","protected":false},"author":1,"featured_media":2340,"comment_status":"open","ping_status":"open","sticky":false,"template":"","format":"standard","meta":{"footnotes":""},"categories":[30,15],"tags":[],"class_list":["post-2339","post","type-post","status-publish","format-standard","has-post-thumbnail","hentry","category-en_portada","category-noticias"],"brizy_media":[],"_links":{"self":[{"href":"https:\/\/plataformatrans.es\/index.php\/wp-json\/wp\/v2\/posts\/2339","targetHints":{"allow":["GET"]}}],"collection":[{"href":"https:\/\/plataformatrans.es\/index.php\/wp-json\/wp\/v2\/posts"}],"about":[{"href":"https:\/\/plataformatrans.es\/index.php\/wp-json\/wp\/v2\/types\/post"}],"author":[{"embeddable":true,"href":"https:\/\/plataformatrans.es\/index.php\/wp-json\/wp\/v2\/users\/1"}],"replies":[{"embeddable":true,"href":"https:\/\/plataformatrans.es\/index.php\/wp-json\/wp\/v2\/comments?post=2339"}],"version-history":[{"count":1,"href":"https:\/\/plataformatrans.es\/index.php\/wp-json\/wp\/v2\/posts\/2339\/revisions"}],"predecessor-version":[{"id":2341,"href":"https:\/\/plataformatrans.es\/index.php\/wp-json\/wp\/v2\/posts\/2339\/revisions\/2341"}],"wp:featuredmedia":[{"embeddable":true,"href":"https:\/\/plataformatrans.es\/index.php\/wp-json\/wp\/v2\/media\/2340"}],"wp:attachment":[{"href":"https:\/\/plataformatrans.es\/index.php\/wp-json\/wp\/v2\/media?parent=2339"}],"wp:term":[{"taxonomy":"category","embeddable":true,"href":"https:\/\/plataformatrans.es\/index.php\/wp-json\/wp\/v2\/categories?post=2339"},{"taxonomy":"post_tag","embeddable":true,"href":"https:\/\/plataformatrans.es\/index.php\/wp-json\/wp\/v2\/tags?post=2339"}],"curies":[{"name":"wp","href":"https:\/\/api.w.org\/{rel}","templated":true}]}}