{"id":2323,"date":"2025-05-08T09:43:08","date_gmt":"2025-05-08T07:43:08","guid":{"rendered":"http:\/\/plataformatrans.es\/?p=2323"},"modified":"2025-05-08T13:47:33","modified_gmt":"2025-05-08T11:47:33","slug":"gala-benefica-en-favor-del-trabajo-social-y-de-soporte-a-las-personas-trans-de-a-t-a-sylvia-rivera","status":"publish","type":"post","link":"https:\/\/plataformatrans.es\/index.php\/2025\/05\/08\/gala-benefica-en-favor-del-trabajo-social-y-de-soporte-a-las-personas-trans-de-a-t-a-sylvia-rivera\/","title":{"rendered":"Gala ben\u00e9fica en favor del trabajo social y de soporte a las personas trans de A.T.A.-Sylvia Rivera"},"content":{"rendered":"<p><span class=\"css-1jxf684 r-bcqeeo r-1ttztb7 r-qvutc0 r-poiln3\">\u00a0\ud835\uddda\ud835\uddee\ud835\uddf9\ud835\uddee \ud835\uddd5\ud835\uddf2\ud835\uddfb\ud835\uddf2\u0301\ud835\uddf3\ud835\uddf6\ud835\uddf0\ud835\uddee\u00a0<\/span><\/p>\n<div class=\"css-175oi2r r-xoduu5\">La Escuels Superior de Arte Dram\u00e1tico de M\u00e1ga <span class=\"css-1jxf684 r-bcqeeo r-1ttztb7 r-qvutc0 r-poiln3\">organiza una funci\u00f3n ben\u00e9fica en favor del trabajo social y de soporte a las personas trans de <\/span><\/div>\n<div class=\"css-175oi2r r-xoduu5\"><span class=\"r-18u37iz\"><a class=\"css-1jxf684 r-bcqeeo r-1ttztb7 r-qvutc0 r-poiln3 r-1loqt21\" dir=\"ltr\" role=\"link\" href=\"https:\/\/x.com\/ATA_Trans\">@ATA_Trans<\/a><\/span><\/div>\n<p><span class=\"css-1jxf684 r-bcqeeo r-1ttztb7 r-qvutc0 r-poiln3\">\u00a023 de mayo<\/span><span class=\"css-1jxf684 r-bcqeeo r-1ttztb7 r-qvutc0 r-poiln3\"> 20,00h <\/span><span class=\"css-1jxf684 r-bcqeeo r-1ttztb7 r-qvutc0 r-poiln3\">\u00a0Teatro Esad M\u00e1laga C. B\u00e9la Bart\u00f3k, 2, Puerto de la Torre, M\u00e1laga <\/span><\/p>\n<p><span class=\"css-1jxf684 r-bcqeeo r-1ttztb7 r-qvutc0 r-poiln3\"><span class=\"r-36ujnk\">Sinopsis<\/span> : <span class=\"r-36ujnk\">Un latido legal que resuena como eco de la libertad. Libre adaptaci\u00f3n de \u00abSue\u00f1o de una noche de verano\u00bb de W. Shakespeare, que fusiona teatro y danza para sumergirnos en un mundo donde nadie sabe si lo que ve es real o no. Aqu\u00ed, la verdad es un espejismo y cada paso es una aventura entre la realidad y el delirio. La visi\u00f3n de la carne infinita es la visi\u00f3n de los locos. \u00bfy si todo lo que crees saber&#8230; no fuera m\u00e1s que una mentira bien contada? <\/span><\/span><\/p>\n<p><span class=\"css-1jxf684 r-bcqeeo r-1ttztb7 r-qvutc0 r-poiln3\"> Compra tu entrada aqu\u00ed:\u00a0<\/span><a href=\"https:\/\/www.giglon.com\/todos?idEvent=psychonoia\">https:\/\/www.giglon.com\/todos?idEvent=psychonoia<\/a><\/p>\n<p><img loading=\"lazy\" decoding=\"async\" class=\"alignnone wp-image-2324 size-large\" src=\"http:\/\/plataformatrans.es\/wp-content\/uploads\/2025\/05\/Gqa2hnqXsAAEpmn-724x1024.jpeg\" alt=\"\" width=\"724\" height=\"1024\" srcset=\"https:\/\/plataformatrans.es\/wp-content\/uploads\/2025\/05\/Gqa2hnqXsAAEpmn-724x1024.jpeg 724w, https:\/\/plataformatrans.es\/wp-content\/uploads\/2025\/05\/Gqa2hnqXsAAEpmn-212x300.jpeg 212w, https:\/\/plataformatrans.es\/wp-content\/uploads\/2025\/05\/Gqa2hnqXsAAEpmn-768x1086.jpeg 768w, https:\/\/plataformatrans.es\/wp-content\/uploads\/2025\/05\/Gqa2hnqXsAAEpmn-1086x1536.jpeg 1086w, https:\/\/plataformatrans.es\/wp-content\/uploads\/2025\/05\/Gqa2hnqXsAAEpmn.jpeg 1414w\" sizes=\"auto, (max-width: 724px) 100vw, 724px\" \/><\/p>\n","protected":false},"excerpt":{"rendered":"<p>\u00a0\ud835\uddda\ud835\uddee\ud835\uddf9\ud835\uddee \ud835\uddd5\ud835\uddf2\ud835\uddfb\ud835\uddf2\u0301\ud835\uddf3\ud835\uddf6\ud835\uddf0\ud835\uddee\u00a0 La Escuels Superior de Arte Dram\u00e1tico de M\u00e1ga organiza una funci\u00f3n ben\u00e9fica en favor del trabajo social y de soporte a las personas trans de @ATA_Trans \u00a023 de mayo 20,00h \u00a0Teatro Esad M\u00e1laga C. B\u00e9la Bart\u00f3k, 2, Puerto de la Torre, M\u00e1laga Sinopsis : Un latido legal que resuena como eco de la [&hellip;]<\/p>\n","protected":false},"author":1,"featured_media":2324,"comment_status":"open","ping_status":"open","sticky":false,"template":"","format":"standard","meta":{"footnotes":""},"categories":[9,30],"tags":[],"class_list":["post-2323","post","type-post","status-publish","format-standard","has-post-thumbnail","hentry","category-agenda","category-en_portada"],"brizy_media":[],"_links":{"self":[{"href":"https:\/\/plataformatrans.es\/index.php\/wp-json\/wp\/v2\/posts\/2323","targetHints":{"allow":["GET"]}}],"collection":[{"href":"https:\/\/plataformatrans.es\/index.php\/wp-json\/wp\/v2\/posts"}],"about":[{"href":"https:\/\/plataformatrans.es\/index.php\/wp-json\/wp\/v2\/types\/post"}],"author":[{"embeddable":true,"href":"https:\/\/plataformatrans.es\/index.php\/wp-json\/wp\/v2\/users\/1"}],"replies":[{"embeddable":true,"href":"https:\/\/plataformatrans.es\/index.php\/wp-json\/wp\/v2\/comments?post=2323"}],"version-history":[{"count":1,"href":"https:\/\/plataformatrans.es\/index.php\/wp-json\/wp\/v2\/posts\/2323\/revisions"}],"predecessor-version":[{"id":2325,"href":"https:\/\/plataformatrans.es\/index.php\/wp-json\/wp\/v2\/posts\/2323\/revisions\/2325"}],"wp:featuredmedia":[{"embeddable":true,"href":"https:\/\/plataformatrans.es\/index.php\/wp-json\/wp\/v2\/media\/2324"}],"wp:attachment":[{"href":"https:\/\/plataformatrans.es\/index.php\/wp-json\/wp\/v2\/media?parent=2323"}],"wp:term":[{"taxonomy":"category","embeddable":true,"href":"https:\/\/plataformatrans.es\/index.php\/wp-json\/wp\/v2\/categories?post=2323"},{"taxonomy":"post_tag","embeddable":true,"href":"https:\/\/plataformatrans.es\/index.php\/wp-json\/wp\/v2\/tags?post=2323"}],"curies":[{"name":"wp","href":"https:\/\/api.w.org\/{rel}","templated":true}]}}