{"id":2265,"date":"2025-04-22T02:45:48","date_gmt":"2025-04-22T00:45:48","guid":{"rendered":"http:\/\/plataformatrans.es\/?p=2265"},"modified":"2025-04-28T18:42:05","modified_gmt":"2025-04-28T16:42:05","slug":"rivas-28-de-abril-taller-sobre-transfeminismo-con-la-pionera-mar-cambrolle","status":"publish","type":"post","link":"https:\/\/plataformatrans.es\/index.php\/2025\/04\/22\/rivas-28-de-abril-taller-sobre-transfeminismo-con-la-pionera-mar-cambrolle\/","title":{"rendered":"[Rivas] 28 de abril:  Taller sobre transfeminismo, con la pionera Mar Cambroll\u00e9"},"content":{"rendered":"<section class=\"m4p-col-12\">\n<div class=\"container\">\n<div class=\"m4p-grid-20\">\n<div class=\"m4p-header-detail\">\n<h5 class=\" m4p-size-1 m4p-size-t-2 m4p-size-m-3\">Taller sobre transfeminismo, con la pionera Mar Cambroll\u00e9<\/h5>\n<p class=\"m4p-standfirst\" role=\"region\" aria-label=\"Introduccion\">La fundadora del Movimiento Homosexual de Acci\u00f3n Revolucionaria en los a\u00f1os 70, viene a Rivas, a la Universidad Feminista (lunes 28 abril, 18.00).<\/p>\n<\/div>\n<\/div>\n<\/div>\n<\/section>\n<section class=\"m4p-col-8-4\">\n<div class=\"container\">\n<div class=\"m4p-grid-sidebar-right m4p-body-print\">\n<div class=\"m4p-col-8\" aria-label=\"Contenido principal\">\n<div class=\"m4p-col-12\">\n<div class=\"m4p-grid-20\">\n<div>\n<div class=\"m4p-post-img\">\n<figure class=\"m4p-image m4p-crop-full\"><img loading=\"lazy\" decoding=\"async\" src=\"https:\/\/www.rivasciudad.es\/wp-content\/uploads\/2025\/04\/Mar-Cambrolle-activista-pionera-trans.jpg\" alt=\"Taller sobre transfeminismo, con la pionera Mar Cambroll\u00e9\" width=\"1406\" height=\"1075\" \/><figcaption class=\"m4p-image-pie\"><span class=\"m4p-pie-texto\">Mar Cambroll\u00e9 aclarar\u00e1 conceptos desde una perspectiva transinclusiva.<\/span><span class=\"m4p-pie-firma\">CORTES\u00cdA<\/span><\/figcaption><\/figure>\n<\/div>\n<\/div>\n<\/div>\n<\/div>\n<div class=\"m4p-post-meta m4p-post-archived\"><strong>LUNES 28 ABRIL \/ 18.00-21.00<\/strong><\/div>\n<div class=\"m4p-post-content\" role=\"complementary\" aria-label=\"Contenido principal\">\n<p><strong>Casa Feminista (calle del Crisol, 3). Gratuito\u00a0<a role=\"link\" href=\"https:\/\/inscripciones.rivasciudad.es\/inscripcion-a-taller-sobre-transfeminismos-universidad-feminista\/\">con inscripci\u00f3n, aqu\u00ed<\/a>.\u00a0<\/strong><\/p>\n<p>La Universidad Feminista plantea para su cita del lunes 28 de abril un taller muy especial, un encuentro en el que se hablar\u00e1 de transfeminismo y que aclarar\u00e1 conceptos con una experta,\u00a0<strong>Mar Cambroll\u00e9,<\/strong>\u00a0fundadora del Movimiento Homosexual de Acci\u00f3n Revolucionaria (MHAR) en Sevilla, de la Asociaci\u00f3n de Transexuales de Andaluc\u00eda-Sylvia Rivera y presidenta de la Federaci\u00f3n Plataforma Trans.<\/p>\n<p>La historia de Cambroll\u00e9 se cuenta en la pel\u00edcula \u2018Te estoy amando locamente\u2019 (2023), que recoge los or\u00edgenes del movimiento LGTBI en Andaluc\u00eda.<\/p>\n<p>El taller del lunes 28,\u00a0<strong>de 18.00 a 21.00,<\/strong>\u00a0en la Casa Feminista, explicar\u00e1 c\u00f3mo \u201cel transfeminismo no es el feminismo de las personas trans, es el feminismo de todas desde una perspectiva transinclusiva\u201d, seg\u00fan Cambroll\u00e9.<\/p>\n<p>\u201cVamos a abordar c\u00f3mo el feminismo es una herramienta para la igualdad social y una estrategia que desde la transversalidad busca dar respuesta a todas las realidades de opresi\u00f3n como consecuencia del g\u00e9nero, la clase y la racialidad. Pondremos de manifiesto que las agresiones, asesinatos y otras discriminaciones hacia las mujeres tienen que ver m\u00e1s con la \u2018generizaci\u00f3n\u2019 que con la genitalidad\u201d, a\u00f1ade.<\/p>\n<p><a href=\"https:\/\/www.rivasciudad.es\/noticias\/feminismos-mujeres-lgtbi\/2025\/04\/18\/taller-sobre-transfeminismo-con-la-pionera-mar-cambrolle\/862600249492\/\">https:\/\/www.rivasciudad.es\/noticias\/feminismos-mujeres-lgtbi\/2025\/04\/18\/taller-sobre-transfeminismo-con-la-pionera-mar-cambrolle\/862600249492\/<\/a><\/p>\n<p>&nbsp;<\/p>\n<\/div>\n<\/div>\n<\/div>\n<\/div>\n<\/section>\n","protected":false},"excerpt":{"rendered":"<p>La fundadora del Movimiento Homosexual de Acci\u00f3n Revolucionaria en los a\u00f1os 70, viene a Rivas, a la Universidad Feminista (lunes 28 abril, 18.00).<\/p>\n","protected":false},"author":1,"featured_media":2266,"comment_status":"open","ping_status":"open","sticky":false,"template":"","format":"standard","meta":{"footnotes":""},"categories":[9,30],"tags":[],"class_list":["post-2265","post","type-post","status-publish","format-standard","has-post-thumbnail","hentry","category-agenda","category-en_portada"],"brizy_media":[],"_links":{"self":[{"href":"https:\/\/plataformatrans.es\/index.php\/wp-json\/wp\/v2\/posts\/2265","targetHints":{"allow":["GET"]}}],"collection":[{"href":"https:\/\/plataformatrans.es\/index.php\/wp-json\/wp\/v2\/posts"}],"about":[{"href":"https:\/\/plataformatrans.es\/index.php\/wp-json\/wp\/v2\/types\/post"}],"author":[{"embeddable":true,"href":"https:\/\/plataformatrans.es\/index.php\/wp-json\/wp\/v2\/users\/1"}],"replies":[{"embeddable":true,"href":"https:\/\/plataformatrans.es\/index.php\/wp-json\/wp\/v2\/comments?post=2265"}],"version-history":[{"count":1,"href":"https:\/\/plataformatrans.es\/index.php\/wp-json\/wp\/v2\/posts\/2265\/revisions"}],"predecessor-version":[{"id":2267,"href":"https:\/\/plataformatrans.es\/index.php\/wp-json\/wp\/v2\/posts\/2265\/revisions\/2267"}],"wp:featuredmedia":[{"embeddable":true,"href":"https:\/\/plataformatrans.es\/index.php\/wp-json\/wp\/v2\/media\/2266"}],"wp:attachment":[{"href":"https:\/\/plataformatrans.es\/index.php\/wp-json\/wp\/v2\/media?parent=2265"}],"wp:term":[{"taxonomy":"category","embeddable":true,"href":"https:\/\/plataformatrans.es\/index.php\/wp-json\/wp\/v2\/categories?post=2265"},{"taxonomy":"post_tag","embeddable":true,"href":"https:\/\/plataformatrans.es\/index.php\/wp-json\/wp\/v2\/tags?post=2265"}],"curies":[{"name":"wp","href":"https:\/\/api.w.org\/{rel}","templated":true}]}}