{"id":1830,"date":"2025-03-18T17:50:15","date_gmt":"2025-03-18T15:50:15","guid":{"rendered":"https:\/\/plataformatrans.es\/?p=1830"},"modified":"2025-12-22T14:32:19","modified_gmt":"2025-12-22T12:32:19","slug":"asi-fue-la-persecucion-a-las-personas-trans-en-la-alemania-nazi","status":"publish","type":"post","link":"https:\/\/plataformatrans.es\/index.php\/2025\/03\/18\/asi-fue-la-persecucion-a-las-personas-trans-en-la-alemania-nazi\/","title":{"rendered":"As\u00ed fue la persecuci\u00f3n a las personas trans en la Alemania\u00a0nazi"},"content":{"rendered":"<div class=\"container rnal_articulo_head\">\n<div class=\"field field--name-node-title field--type-ds field--label-hidden field__item\">\n<h5 class=\"content_type_title\">As\u00ed fue la persecuci\u00f3n a las personas trans en la Alemania\u00a0nazi<\/h5>\n<\/div>\n<div class=\"field field--name-dynamic-block-fieldnode-articulo-share-this field--type-ds field--label-hidden field__item\">\n<div class=\"block\">\n<div id=\"st-2\" class=\"sharethis-inline-share-buttons st-right st-lang-es st-has-labels  st-inline-share-buttons st-animated\">\n<div class=\"st-btn st-last st-hide-label\" data-network=\"whatsapp\"><\/div>\n<\/div>\n<\/div>\n<\/div>\n<\/div>\n<div class=\"container col-sm-9 rnal_widget_node\" data-once=\"rnal_widget_node\">\n<div class=\"rnal_articulo_portada container\">\n<div class=\"field field--name-dynamic-token-fieldnode-body-summary field--type-ds field--label-hidden field__item\">Los ataques contra las personas trans no son nada nuevo, y muchos de ellos est\u00e1n sacados directamente del manual nazi. | Este art\u00edculo fue publicado originalmente en The Conversation.<\/div>\n<div class=\"Image_container_node\">\n<div class=\"field field--name-field-image field--type-image field--label-hidden field__item\"><\/div>\n<div class=\"field field--name-field-caption field--type-string field--label-hidden field__item\">En oto\u00f1o de 2022, un tribunal alem\u00e1n atendi\u00f3 <a class=\"external-link\" href=\"https:\/\/www.tagesspiegel.de\/berlin\/prozess-um-tweet-zu-ns-verbrechen-umstrittene-biologin-der-humboldt-uni-unterliegt-vor-gericht-8863906.html\" rel=\"noreferrer\">un caso inusual<\/a>. Se trataba de una demanda civil que surgi\u00f3 de una disputa en Twitter sobre si las personas transg\u00e9nero hab\u00edan sido v\u00edctimas del Holocausto. Aunque ya no hay mucho debate sobre si\u00a0<a class=\"external-link\" href=\"https:\/\/encyclopedia.ushmm.org\/content\/en\/series\/gay-men-and-lesbians-under-the-nazi-regime\" rel=\"noreferrer\">los gays y las lesbianas fueron perseguidos<\/a>, ha habido muy pocos estudios sobre las personas trans durante este periodo.<\/div>\n<\/div>\n<\/div>\n<div class=\"rnal_articulo_contenido_adicional container\">\n<div class=\"field field--name-body field--type-text-with-summary field--label-hidden field__item\">\n<div class=\"theconversation-article-body\">\n<p>El tribunal tom\u00f3 declaraci\u00f3n a historiadores expertos, entre los que me incluyo, antes de concluir que las pruebas hist\u00f3ricas demuestran que las personas trans fueron, efectivamente,\u00a0<a class=\"external-link\" href=\"https:\/\/www.tagesspiegel.de\/berlin\/prozess-um-tweet-zu-ns-verbrechen-umstrittene-biologin-der-humboldt-uni-unterliegt-vor-gericht-8863906.html\" rel=\"noreferrer\">perseguidas por el r\u00e9gimen nazi<\/a>.<\/p>\n<p>Se trata de un caso importante porque fue la primera vez que un tribunal reconoci\u00f3 dicha persecuci\u00f3n. Unos meses despu\u00e9s, el Bundestag, el parlamento alem\u00e1n, emiti\u00f3 una declaraci\u00f3n oficial\u00a0<a class=\"external-link\" href=\"https:\/\/www.advocate.com\/news\/holocaust-lgbtq-victims-german-parliament#rebelltitem1\" rel=\"noreferrer\">reconociendo a las personas trans y cisg\u00e9nero\u00a0<em>queer<\/em>\u00a0como v\u00edctimas del fascismo<\/a>.<\/p>\n<p>Hasta hace pocos a\u00f1os, apenas se hab\u00eda investigado sobre las personas trans durante el nazismo. Algunos historiadores, entre los que me incluyo, estamos descubriendo ahora m\u00e1s casos, como el de Toni Simon.<\/p>\n<h5>Ser trans durante la Rep\u00fablica de Weimar<\/h5>\n<p>En 1933, el a\u00f1o en que Hitler tom\u00f3 el poder, la polic\u00eda de Essen (Alemania) revoc\u00f3 el permiso de Toni Simon para vestirse de mujer en p\u00fablico. Simon, que rondaba los 40 a\u00f1os, llevaba muchos a\u00f1os viviendo como mujer.<\/p>\n<p>La Rep\u00fablica de Weimar, el gobierno democr\u00e1tico que exist\u00eda antes de Hitler y que era m\u00e1s tolerante, reconoc\u00eda los derechos de las personas trans, aunque de forma limitada y a rega\u00f1adientes. As\u00ed,\u00a0<a class=\"external-link\" href=\"https:\/\/doi.org\/10.1093\/pastj\/gtac018\" rel=\"noreferrer\">la polic\u00eda conced\u00eda a las personas trans permisos<\/a>\u00a0como el que ten\u00eda Simon.<\/p>\n<p>En los a\u00f1os 30, a las personas trans se las llamaba \u201c<a class=\"external-link\" href=\"https:\/\/www.jstor.org\/stable\/23269669\" rel=\"noreferrer\">travestis<\/a>\u201d, un t\u00e9rmino que hoy resulta ofensivo pero que en aquella \u00e9poca se aproximaba a lo que hoy se entiende por \u201ctransg\u00e9nero\u201d.<\/p>\n<p>Los permisos policiales se llamaban \u201ccertificados de travesti\u201d, y exim\u00edan a una persona de las leyes contra el travestismo. Bajo la Rep\u00fablica,\u00a0<a class=\"external-link\" href=\"https:\/\/doi.org\/10.1093\/pastj\/gtac018\" rel=\"noreferrer\">las personas trans tambi\u00e9n pod\u00edan cambiar de nombre legalmente<\/a>, aunque ten\u00edan que elegir de una lista corta y preaprobada.<\/p>\n<p>En Berl\u00edn, las personas transg\u00e9nero publicaban varias revistas y ten\u00edan un club pol\u00edtico. Algunas glamurosas mujeres trans trabajaban en el internacionalmente famoso\u00a0<a class=\"external-link\" href=\"https:\/\/perspectives.ushmm.org\/item\/photo-of-the-eldorado-club\" rel=\"noreferrer\">cabaret Eldorado<\/a>. El sex\u00f3logo\u00a0<a class=\"external-link\" href=\"https:\/\/theconversation.com\/the-early-20th-century-german-trans-rights-activist-who-transformed-the-worlds-view-of-gender-and-sexuality-106278\" rel=\"noreferrer\">Magnus Hirschfeld<\/a>, que dirig\u00eda el\u00a0<a class=\"external-link\" href=\"https:\/\/magnus-hirschfeld.de\/ausstellungen\/institute\/\" rel=\"noreferrer\">Instituto de Ciencias Sexuales<\/a>\u00a0de Berl\u00edn, defend\u00eda los derechos de las personas transg\u00e9nero.<\/p>\n<p>Pero el ascenso de la Alemania nazi destruy\u00f3 este ambiente relativamente abierto. Los nazis cerraron las revistas, Eldorado y el instituto de Hirschfeld. La mayor\u00eda de los \u201ccertificados de travesti\u201d, como el de Toni Simon, fueron revocados. En el caso de mantenerlos, las personas a quienes se los hab\u00edan concedido vieron con impotencia c\u00f3mo la polic\u00eda se negaba a respetarlos.<\/p>\n<p>Aquello fue s\u00f3lo el principio de los problemas.<\/p>\n<figure class=\"align-center \"><img loading=\"lazy\" decoding=\"async\" class=\"img-fluid\" src=\"https:\/\/images.theconversation.com\/files\/529870\/original\/file-20230602-29-wkde0y.png?ixlib=rb-4.1.0&amp;q=45&amp;auto=format&amp;w=754&amp;fit=clip\" sizes=\"auto, (min-width: 1466px) 754px, (max-width: 599px) 100vw, (min-width: 600px) 600px, 237px\" srcset=\"https:\/\/images.theconversation.com\/files\/529870\/original\/file-20230602-29-wkde0y.png?ixlib=rb-4.1.0&amp;q=45&amp;auto=format&amp;w=600&amp;h=425&amp;fit=crop&amp;dpr=1 600w, https:\/\/images.theconversation.com\/files\/529870\/original\/file-20230602-29-wkde0y.png?ixlib=rb-4.1.0&amp;q=30&amp;auto=format&amp;w=600&amp;h=425&amp;fit=crop&amp;dpr=2 1200w, https:\/\/images.theconversation.com\/files\/529870\/original\/file-20230602-29-wkde0y.png?ixlib=rb-4.1.0&amp;q=15&amp;auto=format&amp;w=600&amp;h=425&amp;fit=crop&amp;dpr=3 1800w, https:\/\/images.theconversation.com\/files\/529870\/original\/file-20230602-29-wkde0y.png?ixlib=rb-4.1.0&amp;q=45&amp;auto=format&amp;w=754&amp;h=534&amp;fit=crop&amp;dpr=1 754w, https:\/\/images.theconversation.com\/files\/529870\/original\/file-20230602-29-wkde0y.png?ixlib=rb-4.1.0&amp;q=30&amp;auto=format&amp;w=754&amp;h=534&amp;fit=crop&amp;dpr=2 1508w, https:\/\/images.theconversation.com\/files\/529870\/original\/file-20230602-29-wkde0y.png?ixlib=rb-4.1.0&amp;q=15&amp;auto=format&amp;w=754&amp;h=534&amp;fit=crop&amp;dpr=3 2262w\" alt=\"Dos polic\u00edas frente a un club nocturno clausurado, del que cuelgan pancartas nazis en la ventana.\" width=\"754\" height=\"534\" data-once=\"img-fluid\" \/><figcaption><span class=\"caption\">Pancartas nazis cuelgan de las ventanas del antiguo club nocturno Eldorado.<\/span>\u00a0<a class=\"source external-link\" href=\"https:\/\/perspectives.ushmm.org\/item\/photo-of-the-eldorado-club\" rel=\"noreferrer\"><span class=\"attribution\">Landesarchiv Berlin\/U.S. Holocaust Memorial Museum<\/span><\/a><\/figcaption><\/figure>\n<h5>Medidas draconianas contra las personas trans<\/h5>\n<p>Durante el r\u00e9gimen de Hitler, las personas transg\u00e9nero no se utilizaban como cu\u00f1a pol\u00edtica como hoy en d\u00eda. Apenas se mencionaban p\u00fablicamente. Sin embargo, lo que los nazis dec\u00edan sobre ellas era escalofriante.<\/p>\n<p>El autor de\u00a0<a class=\"external-link\" href=\"https:\/\/worldcat.org\/en\/title\/459879607\" rel=\"noreferrer\">un libro de 1938<\/a>\u00a0sobre \u201cel problema del travestismo\u201d escribi\u00f3 que, antes de que Hitler estuviera en el poder, no hab\u00eda mucho que se pudiera hacer con las personas trans, pero que \u201cahora\u201d, en la Alemania nazi, se les pod\u00eda meter en campos de concentraci\u00f3n o someter a castraci\u00f3n forzosa. Eso era bueno, cre\u00eda, porque su \u201cmentalidad asocial\u201d y su supuestamente frecuente \u201cactividad delictiva\u201d justificaba \u201cmedidas draconianas por parte del Estado\u201d.<\/p>\n<p>Toni Simon era una persona valiente. Conoc\u00ed su expediente policial cuando investigaba este asunto en el\u00a0<a class=\"external-link\" href=\"https:\/\/collections.ushmm.org\/search\/\" rel=\"noreferrer\">Museo Conmemorativo del Holocausto de Estados Unidos<\/a>. La polic\u00eda de Essen conoc\u00eda a Simon como la atrevida propietaria de un club clandestino donde se reun\u00edan personas LGBTQ. A mediados de la d\u00e9cada de 1930, fue llevada a los tribunales por criticar al r\u00e9gimen nazi. Para entonces, la Gestapo ya estaba harta de ella. Simon era un peligro para la juventud, escribi\u00f3 un oficial. Un campo de concentraci\u00f3n era \u201cabsolutamente necesario\u201d.<\/p>\n<p>No estoy seguro de lo que le ocurri\u00f3 a Simon. Su expediente termina abruptamente, con la Gestapo planeando su arresto, pero no hay documentos que confirmen que se llevara a cabo. Con suerte, evadi\u00f3 a la polic\u00eda.<\/p>\n<p>Otras mujeres trans no escaparon. En el\u00a0<a class=\"external-link\" href=\"https:\/\/www.hamburg.de\/bkm\/hamburg-state-archive\/\" rel=\"noreferrer\">Archivo Estatal de Hamburgo<\/a>\u00a0le\u00ed sobre H. Bode, que a menudo aparec\u00eda en p\u00fablico vestida de mujer y sal\u00eda con hombres. Bajo la Rep\u00fablica de Weimar, ten\u00eda un certificado de travesti. La polic\u00eda nazi la persigui\u00f3 por \u201ctravestismo\u201d y por mantener relaciones sexuales con hombres. La consideraban de g\u00e9nero masculino, por lo que sus relaciones eran homosexuales e ilegales. La enviaron al campo de concentraci\u00f3n de Buchenwald, donde fue asesinada.<\/p>\n<p><a class=\"external-link\" href=\"https:\/\/www.youtube.com\/watch?v=G-7hHzmCAjg\" rel=\"noreferrer\">Liddy Bacroff<\/a>, de Hamburgo, tambi\u00e9n ten\u00eda un certificado de travesti durante la Rep\u00fablica. Se ganaba la vida vendiendo sexo a clientes masculinos. Despu\u00e9s de 1933, la polic\u00eda la persigui\u00f3. Escribieron que era \u201cfundamentalmente travesti\u201d y una \u201cdelincuente moral de la peor cala\u00f1a\u201d. Ella tambi\u00e9n fue enviada a un campo, Mauthausen, y asesinada.<\/p>\n<h5>Las personas trans alemanas estaban mal consideradas<\/h5>\n<p>Durante mucho tiempo, el p\u00fablico no conoci\u00f3 las historias de las personas trans en la Alemania nazi.<\/p>\n<p>Las historias anteriores tend\u00edan a clasificar err\u00f3neamente a las mujeres trans, lo que resultaba extra\u00f1o: cuando se leen las actas de sus interrogatorios policiales, a menudo son notablemente claras sobre su identidad de g\u00e9nero, a pesar de que no ayudaban en nada a sus casos al hacerlo.<\/p>\n<p>Bacroff, por ejemplo, dijo a la polic\u00eda: \u201cMi sentido de mi sexo es plena y completamente el de una mujer\u201d.<\/p>\n<p>Tambi\u00e9n hubo confusi\u00f3n por algunos casos que, por casualidad, salieron a la luz primero. En estos casos, la polic\u00eda actu\u00f3 con menos violencia. Por ejemplo, hay\u00a0<a class=\"external-link\" href=\"https:\/\/doi.org\/10.1093\/hwj\/dbr021\" rel=\"noreferrer\">un conocido caso de Berl\u00edn<\/a>\u00a0en el que la polic\u00eda renov\u00f3 el \u201ccertificado de travesti\u201d de un hombre trans despu\u00e9s de que pasara algunos meses en un campo de concentraci\u00f3n. Al principio, los historiadores tomaron este caso como representativo. Ahora que tenemos muchos m\u00e1s datos, podemos ver que se trata de un caso at\u00edpico. Normalmente, la polic\u00eda revocaba los certificados.<\/p>\n<h5>EE.\u00a0UU. prohibe la atenci\u00f3n sanitaria de afirmaci\u00f3n de g\u00e9nero<\/h5>\n<p>Hoy se intensifican los ataques de la derecha contra las personas trans en pa\u00edses como Estados Unidos. Aunque la\u00a0<a class=\"external-link\" href=\"https:\/\/www.aap.org\/en\/news-room\/news-releases\/aap\/2018\/aap-policy-statement-urges-support-and-care-of-transgender-and-gender-diverse-children-and-adolescents\/\" rel=\"noreferrer\">Academia Estadounidense de Pediatr\u00eda<\/a>\u00a0y todas las asociaciones m\u00e9dicas importantes aprueban la atenci\u00f3n sanitaria de afirmaci\u00f3n de g\u00e9nero para los ni\u00f1os trans, los pol\u00edticos republicanos la han\u00a0<a class=\"external-link\" href=\"https:\/\/www.hrc.org\/resources\/attacks-on-gender-affirming-care-by-state-map\" rel=\"noreferrer\">prohibido en 19 estados, y a\u00fan hay m\u00e1s que se disponen a prohibirla<\/a>.<\/p>\n<p>La medicina de afirmaci\u00f3n de g\u00e9nero tiene ya m\u00e1s de cien a\u00f1os, y sus ra\u00edces se remontan a la Alemania de Weimar. Nunca antes se hab\u00eda restringido legalmente en EE.\u00a0UU. Sin embargo,\u00a0<a class=\"external-link\" href=\"https:\/\/www.npr.org\/2023\/04\/24\/1171293057\/missouri-attorney-general-transgender-adults-gender-affirming-health-care\" rel=\"noreferrer\">Missouri la ha prohibido b\u00e1sicamente para los adultos<\/a>, y otros estados est\u00e1n tratando de restringir la atenci\u00f3n a los adultos. Una gran cantidad de\u00a0<a class=\"external-link\" href=\"https:\/\/www.aclu.org\/podcast\/why-and-how-trans-hate-is-spreading\" rel=\"noreferrer\">otros proyectos de ley antitrans<\/a>\u00a0se est\u00e1n tramitando en las legislaturas estatales.<\/p>\n<p>Los ataques contra las personas trans no son nada nuevo, y muchos de ellos est\u00e1n sacados directamente del manual nazi.<img loading=\"lazy\" decoding=\"async\" class=\"img-fluid\" src=\"https:\/\/counter.theconversation.com\/content\/207177\/count.gif?distributor=republish-lightbox-basic\" alt=\"The Conversation\" width=\"1\" height=\"1\" data-once=\"img-fluid\" \/><\/p>\n<p><a class=\"external-link\" href=\"https:\/\/theconversation.com\/profiles\/laurie-marhoefer-342373\" rel=\"noreferrer\">Laurie Marhoefer<\/a>, Jon Bridgman Endowed Professor of History,\u00a0<a class=\"external-link\" href=\"https:\/\/theconversation.com\/institutions\/university-of-washington-699\" rel=\"noreferrer\"><em>University of Washington<\/em><\/a><\/p>\n<p>Este art\u00edculo fue publicado originalmente en\u00a0<a class=\"external-link\" href=\"https:\/\/theconversation.com\/\" rel=\"noreferrer\">The Conversation<\/a>. Lea el\u00a0<a class=\"external-link\" href=\"https:\/\/theconversation.com\/asi-fue-la-persecucion-a-las-personas-trans-en-la-alemania-nazi-207177\" rel=\"noreferrer\">original<\/a>.<\/p>\n<\/div>\n<\/div>\n<\/div>\n<\/div>\n","protected":false},"excerpt":{"rendered":"<p>Los ataques contra las personas trans no son nada nuevo, y muchos de ellos est\u00e1n sacados directamente del manual nazi.<\/p>\n","protected":false},"author":1,"featured_media":1831,"comment_status":"open","ping_status":"open","sticky":false,"template":"","format":"standard","meta":{"footnotes":""},"categories":[30,43,15],"tags":[],"class_list":["post-1830","post","type-post","status-publish","format-standard","has-post-thumbnail","hentry","category-en_portada","category-internacional","category-noticias"],"brizy_media":[],"_links":{"self":[{"href":"https:\/\/plataformatrans.es\/index.php\/wp-json\/wp\/v2\/posts\/1830","targetHints":{"allow":["GET"]}}],"collection":[{"href":"https:\/\/plataformatrans.es\/index.php\/wp-json\/wp\/v2\/posts"}],"about":[{"href":"https:\/\/plataformatrans.es\/index.php\/wp-json\/wp\/v2\/types\/post"}],"author":[{"embeddable":true,"href":"https:\/\/plataformatrans.es\/index.php\/wp-json\/wp\/v2\/users\/1"}],"replies":[{"embeddable":true,"href":"https:\/\/plataformatrans.es\/index.php\/wp-json\/wp\/v2\/comments?post=1830"}],"version-history":[{"count":1,"href":"https:\/\/plataformatrans.es\/index.php\/wp-json\/wp\/v2\/posts\/1830\/revisions"}],"predecessor-version":[{"id":1832,"href":"https:\/\/plataformatrans.es\/index.php\/wp-json\/wp\/v2\/posts\/1830\/revisions\/1832"}],"wp:featuredmedia":[{"embeddable":true,"href":"https:\/\/plataformatrans.es\/index.php\/wp-json\/wp\/v2\/media\/1831"}],"wp:attachment":[{"href":"https:\/\/plataformatrans.es\/index.php\/wp-json\/wp\/v2\/media?parent=1830"}],"wp:term":[{"taxonomy":"category","embeddable":true,"href":"https:\/\/plataformatrans.es\/index.php\/wp-json\/wp\/v2\/categories?post=1830"},{"taxonomy":"post_tag","embeddable":true,"href":"https:\/\/plataformatrans.es\/index.php\/wp-json\/wp\/v2\/tags?post=1830"}],"curies":[{"name":"wp","href":"https:\/\/api.w.org\/{rel}","templated":true}]}}