{"id":1824,"date":"2025-03-13T19:52:04","date_gmt":"2025-03-13T17:52:04","guid":{"rendered":"https:\/\/plataformatrans.es\/?p=1824"},"modified":"2025-04-01T01:20:47","modified_gmt":"2025-03-31T23:20:47","slug":"la-plataforma-trans-convoca-una-manifestacion-para-frenar-la-alarmante-escalada-de-discursos-de-odio","status":"publish","type":"post","link":"https:\/\/plataformatrans.es\/index.php\/2025\/03\/13\/la-plataforma-trans-convoca-una-manifestacion-para-frenar-la-alarmante-escalada-de-discursos-de-odio\/","title":{"rendered":"La Plataforma Trans convoca una manifestaci\u00f3n para frenar la \u00abalarmante escalada de discursos de odio\u00bb"},"content":{"rendered":"<h5 id=\"article-title\" class=\"article-title text-balance desktop:text-pretty leading-tight mb-7 desktop:mb-5 font-serif text-xl8 desktop:text-xxxl\" data-original-text-size=\"text-xl8:text-xxxl\">La Plataforma Trans convoca una manifestaci\u00f3n para frenar la \u00abalarmante escalada de discursos de odio\u00bb<\/h5>\n<div class=\"text-base desktop:text-xl text-pretty text-neutral-gray-800 dark:text-cold-gray-200 mb-5 desktop:mb-7 [&amp;_ul]:list-disc desktop:[&amp;_ul]:ml-3 [&amp;_li]:marker:text-publico [&amp;_li]:mb-2 [&amp;_a]:text-link-normal dark:[&amp;_a]:text-link-dark [&amp;_a]:underline [&amp;_a:hover]:text-link-hover [&amp;_a:hover]:no-underline [&amp;_a:hover]:dark:text-link-dark-hover\" data-original-text-size=\"text-lg:text-xl\">\n<p>La marcha saldr\u00e1 a las 18.00 horas desde la plaza de Pedro Zerolo de Madrid y tendr\u00e1 lugar el 29 de marzo.<\/p>\n<p>&nbsp;<\/p>\n<\/div>\n<div id=\"main-content\" class=\"desktop:flex desktop:justify-between\">\n<div class=\"desktop:max-w-[670px] desktop:w-full desktop:min-h-[1400px]\">\n<div class=\"block--text desktop:flex desktop:mb-7\">\n<div id=\"body-modules\" class=\"body-modules w-full\">\n<p class=\"paragraph text-xl pb-7 w-full text-pretty [&amp;_&gt;a]:text-link-normal dark:[&amp;_&gt;a]:text-link-dark [&amp;_&gt;a]:decoration-1 [&amp;_&gt;a:hover]:underline [&amp;_&gt;a:hover]:text-link-hover [&amp;_&gt;a:hover]:decoration-2 [&amp;_b_a]:text-link-normal dark:[&amp;_b_a]:text-link-dark [&amp;_b_a]:decoration-1 [&amp;_b_a:hover]:underline [&amp;_b_a:hover]:text-link-hover desktop:leading-relaxed break-words font-serif\" style=\"border: 0px solid; box-sizing: border-box; --tw-border-spacing-x: 0; --tw-border-spacing-y: 0; --tw-translate-x: 0; --tw-translate-y: 0; --tw-rotate: 0; --tw-skew-x: 0; --tw-skew-y: 0; --tw-scale-x: 1; --tw-scale-y: 1; --tw-scroll-snap-strictness: proximity; --tw-ring-offset-width: 0px; --tw-ring-offset-color: #fff; --tw-ring-color: rgba(59,130,246,.5); --tw-ring-offset-shadow: 0 0 #0000; --tw-ring-shadow: 0 0 #0000; --tw-shadow: 0 0 #0000; --tw-shadow-colored: 0 0 #0000; margin: 0px; width: 606px; text-wrap: pretty; overflow-wrap: break-word; padding-bottom: 1.75rem; font-family: L; font-size: 1.25rem; line-height: 1.625; word-break: break-word;\" data-original-text-size=\"text-xl\">La\u00a0<b>Plataforma Trans ha convocado una marcha que tendr\u00e1 lugar el s\u00e1bado 29 de marzo en Madrid<\/b>, en el marco del D\u00eda de la Visibilidad Trans, a fin de frenar la\u00a0<b>\u00abalarmante escalada de discursos de odio\u00bb.<\/b>\u00a0La manifestaci\u00f3n saldr\u00e1 a las 18.00 horas desde la plaza de Pedro Zerolo, recorriendo Gran V\u00eda para finalizar en plaza de Callao, con la lectura de un manifiesto.<\/p>\n<p class=\"paragraph text-xl pb-7 w-full text-pretty [&amp;_&gt;a]:text-link-normal dark:[&amp;_&gt;a]:text-link-dark [&amp;_&gt;a]:decoration-1 [&amp;_&gt;a:hover]:underline [&amp;_&gt;a:hover]:text-link-hover [&amp;_&gt;a:hover]:decoration-2 [&amp;_b_a]:text-link-normal dark:[&amp;_b_a]:text-link-dark [&amp;_b_a]:decoration-1 [&amp;_b_a:hover]:underline [&amp;_b_a:hover]:text-link-hover desktop:leading-relaxed break-words font-serif\" style=\"border: 0px solid; box-sizing: border-box; --tw-border-spacing-x: 0; --tw-border-spacing-y: 0; --tw-translate-x: 0; --tw-translate-y: 0; --tw-rotate: 0; --tw-skew-x: 0; --tw-skew-y: 0; --tw-scale-x: 1; --tw-scale-y: 1; --tw-scroll-snap-strictness: proximity; --tw-ring-offset-width: 0px; --tw-ring-offset-color: #fff; --tw-ring-color: rgba(59,130,246,.5); --tw-ring-offset-shadow: 0 0 #0000; --tw-ring-shadow: 0 0 #0000; --tw-shadow: 0 0 #0000; --tw-shadow-colored: 0 0 #0000; margin: 0px; width: 606px; text-wrap: pretty; overflow-wrap: break-word; padding-bottom: 1.75rem; font-family: L; font-size: 1.25rem; line-height: 1.625; word-break: break-word;\" data-original-text-size=\"text-xl\">El objetivo de esta caminata, que tendr\u00e1 lugar bajo el lema\u00a0<i>LevantaT contra la transfobia<\/i>\u00a0es \u00abdenunciar\u00a0<a title=\"La red estatal contra la LGTBIfobia pide frenar el &quot;avance fascista&quot;: &quot;Si no, lamentaremos las palizas&quot;\" href=\"https:\/\/www.publico.es\/sociedad\/red-estatal-lgtbifobia-pide-frenar-avance-fascista-lamentaremos-palizas.html\">las pol\u00edticas de recorte de derechos impulsadas por los gobiernos de Donald Trump y Javier Milei<\/a>\u00ab, buscando \u00abvisibilizar las dificultades que enfrenta la comunidad trans y hacer un llamado a la sociedad y a las instituciones\u00bb frente a las\u00a0<b>pol\u00edticas que ponen en peligro los avances \u00aben materia de igualdad y derechos humanos\u00bb.<\/b><\/p>\n<p class=\"paragraph text-xl pb-7 w-full text-pretty [&amp;_&gt;a]:text-link-normal dark:[&amp;_&gt;a]:text-link-dark [&amp;_&gt;a]:decoration-1 [&amp;_&gt;a:hover]:underline [&amp;_&gt;a:hover]:text-link-hover [&amp;_&gt;a:hover]:decoration-2 [&amp;_b_a]:text-link-normal dark:[&amp;_b_a]:text-link-dark [&amp;_b_a]:decoration-1 [&amp;_b_a:hover]:underline [&amp;_b_a:hover]:text-link-hover desktop:leading-relaxed break-words font-serif\" style=\"border: 0px solid; box-sizing: border-box; --tw-border-spacing-x: 0; --tw-border-spacing-y: 0; --tw-translate-x: 0; --tw-translate-y: 0; --tw-rotate: 0; --tw-skew-x: 0; --tw-skew-y: 0; --tw-scale-x: 1; --tw-scale-y: 1; --tw-scroll-snap-strictness: proximity; --tw-ring-offset-width: 0px; --tw-ring-offset-color: #fff; --tw-ring-color: rgba(59,130,246,.5); --tw-ring-offset-shadow: 0 0 #0000; --tw-ring-shadow: 0 0 #0000; --tw-shadow: 0 0 #0000; --tw-shadow-colored: 0 0 #0000; margin: 0px; width: 606px; text-wrap: pretty; overflow-wrap: break-word; padding-bottom: 1.75rem; font-family: L; font-size: 1.25rem; line-height: 1.625; word-break: break-word;\" data-original-text-size=\"text-xl\">\u00abEl ascenso al poder de gobiernos\u00a0<b>ultrarreaccionarios<\/b>\u00a0ha sido el pistoletazo de salida para perpetrar desde el Estado una\u00a0<b>campa\u00f1a criminal contra las vidas y los derechos de las personas trans<\/b>, materializ\u00e1ndose graves retrocesos en derechos fundamentales, como el acceso a la salud, al trabajo o la protecci\u00f3n en los centros educativos\u00bb,\u00a0ha expresado\u00a0<b>Mar Cambroll\u00e9<\/b>, presidenta de la organizaci\u00f3n.<\/p>\n<div class=\"related-intext bg-warm-gray-100 px-5 -mx-5 py-5 mb-10 desktop:bg-lightmode desktop:border-t-2 desktop:border-b-2 desktop:border-warm-gray-300 desktop:dark:border-cold-gray-500 desktop:mx-0 desktop:px-1 desktop:mt-6 desktop:mb-12 dark:bg-cold-gray-700 dark:desktop:bg-darkmode\">\n<div class=\"pb-2 text-xl4 font-serif\">\n<article class=\"flex result-page listing-item\">\n<div class=\"article-details mr-3 desktop:mr-4\"><span style=\"font-family: L; font-size: 1.25rem; text-wrap-mode: initial;\">\u00abEstamos en un momento cr\u00edtico donde nuestras vidas y derechos est\u00e1n en juego. <\/span><b style=\"font-family: L; font-size: 1.25rem; text-wrap-mode: initial;\">No podemos permitir que el odio y la intolerancia avancen<\/b><span style=\"font-family: L; font-size: 1.25rem; text-wrap-mode: initial;\">. Por eso hacemos un llamamiento a las organizaciones de la sociedad civil y a la sociedad en su conjunto a que acudan a esta movilizaci\u00f3n para mostrar un rechazo contundente ante esta oleada que hoy nos pone en el foco a las personas trans pero ma\u00f1ana ir\u00e1 a por otros colectivos\u00bb, concluye Cambroll\u00e9.<\/span><\/div>\n<div><\/div>\n<div><a href=\"https:\/\/www.publico.es\/sociedad\/plataforma-trans-convoca-manifestacion-frenar-alarmante-escalada-discursos-odio.html\">https:\/\/www.publico.es\/sociedad\/plataforma-trans-convoca-manifestacion-frenar-alarmante-escalada-discursos-odio.html<\/a><\/div>\n<\/article>\n<\/div>\n<\/div>\n<\/div>\n<\/div>\n<\/div>\n<\/div>\n","protected":false},"excerpt":{"rendered":"<p>La marcha saldr\u00e1 a las 18.00 horas desde la plaza de Pedro Zerolo de Madrid y tendr\u00e1 lugar el 29 de marzo.<\/p>\n","protected":false},"author":1,"featured_media":1825,"comment_status":"open","ping_status":"open","sticky":false,"template":"","format":"standard","meta":{"footnotes":""},"categories":[30,15],"tags":[],"class_list":["post-1824","post","type-post","status-publish","format-standard","has-post-thumbnail","hentry","category-en_portada","category-noticias"],"brizy_media":[],"_links":{"self":[{"href":"https:\/\/plataformatrans.es\/index.php\/wp-json\/wp\/v2\/posts\/1824","targetHints":{"allow":["GET"]}}],"collection":[{"href":"https:\/\/plataformatrans.es\/index.php\/wp-json\/wp\/v2\/posts"}],"about":[{"href":"https:\/\/plataformatrans.es\/index.php\/wp-json\/wp\/v2\/types\/post"}],"author":[{"embeddable":true,"href":"https:\/\/plataformatrans.es\/index.php\/wp-json\/wp\/v2\/users\/1"}],"replies":[{"embeddable":true,"href":"https:\/\/plataformatrans.es\/index.php\/wp-json\/wp\/v2\/comments?post=1824"}],"version-history":[{"count":1,"href":"https:\/\/plataformatrans.es\/index.php\/wp-json\/wp\/v2\/posts\/1824\/revisions"}],"predecessor-version":[{"id":1826,"href":"https:\/\/plataformatrans.es\/index.php\/wp-json\/wp\/v2\/posts\/1824\/revisions\/1826"}],"wp:featuredmedia":[{"embeddable":true,"href":"https:\/\/plataformatrans.es\/index.php\/wp-json\/wp\/v2\/media\/1825"}],"wp:attachment":[{"href":"https:\/\/plataformatrans.es\/index.php\/wp-json\/wp\/v2\/media?parent=1824"}],"wp:term":[{"taxonomy":"category","embeddable":true,"href":"https:\/\/plataformatrans.es\/index.php\/wp-json\/wp\/v2\/categories?post=1824"},{"taxonomy":"post_tag","embeddable":true,"href":"https:\/\/plataformatrans.es\/index.php\/wp-json\/wp\/v2\/tags?post=1824"}],"curies":[{"name":"wp","href":"https:\/\/api.w.org\/{rel}","templated":true}]}}