{"id":1778,"date":"2025-03-05T18:53:04","date_gmt":"2025-03-05T16:53:04","guid":{"rendered":"https:\/\/plataformatrans.es\/?p=1778"},"modified":"2025-03-10T15:53:59","modified_gmt":"2025-03-10T13:53:59","slug":"denuncian-en-cordoba-una-campana-de-una-asociacion-catolica-que-senala-a-las-personas-trans","status":"publish","type":"post","link":"https:\/\/plataformatrans.es\/index.php\/2025\/03\/05\/denuncian-en-cordoba-una-campana-de-una-asociacion-catolica-que-senala-a-las-personas-trans\/","title":{"rendered":"Denuncian en C\u00f3rdoba una campa\u00f1a de una asociaci\u00f3n cat\u00f3lica que se\u00f1ala a las personas trans"},"content":{"rendered":"<div class=\"c-header\">\n<div class=\"news-header\">\n<h5 class=\"title\">Denuncian en C\u00f3rdoba una campa\u00f1a de una asociaci\u00f3n cat\u00f3lica que se\u00f1ala a las personas trans<\/h5>\n<p><strong>La Asociaci\u00f3n Cat\u00f3lica de Propagandistas (ACdP) ha colocado carteles en marquesinas de C\u00f3rdoba que han sido denunciados por un presunto delito de odio<\/strong><\/p>\n<p>x <a href=\"https:\/\/cordopolis.eldiario.es\/autores\/juan-velasco\/\" data-mrf-link=\"https:\/\/cordopolis.eldiario.es\/autores\/juan-velasco\/\">Juan Velasco<\/a><\/p>\n<\/div>\n<\/div>\n<div class=\"content-container col-12 col-lg-8\">\n<div class=\"c-content\">\n<div class=\"partner-wrapper article-page__body-row\">\n<div class=\"second-col\">\n<p class=\"article-text\">La Polic\u00eda Local de C\u00f3rdoba ha recibido este martes una denuncia de una mujer contra la \u00a0Asociaci\u00f3n Cat\u00f3lica de Propagandistas (ACdP) por una campa\u00f1a que han lanzado en marquesinas de la ciudad y que, seg\u00fan entiende la denunciante, constituye un presunto delito de odio contra las personas trans.<\/p>\n<aside class=\"know-more know-more--with-image\">\n<p class=\"know-more__title\">En la denuncia, facilitada a este peri\u00f3dico, se advierte, adem\u00e1s, que la campa\u00f1a se enmarca deliberadamente en el contexto de la celebraci\u00f3n del D\u00eda Internacional de la Mujer, el 8 de marzo. La denunciante ha llevado a la Polic\u00eda Local una imagen de un cartel colocado en una marquesina publicitaria en la confluencia de la avenida de Barcelona con la calle Mar\u00eda Auxiliadora, que exhibe la frase \u201cLa mujer nace o se hace?\u201d, seguida de un mensaje que dice: \u201cla mayor\u00eda lo tiene claro, aunque en los tiempos que corren algunos tienen miedo a hablar\u201d, junto al hastag #LaMujerNace.<\/p>\n<\/aside>\n<p class=\"article-text\">Seg\u00fan la denunciante, este mensaje constituye \u201cuna clara provocaci\u00f3n\u201d y que, a pesar de que el cartel podr\u00eda parecer una cr\u00edtica hacia la definici\u00f3n de mujer, el doble sentido y el uso del color morado -s\u00edmbolo feminista- no solo confunde al observador, sino que est\u00e1 dirigido a \u201catacar y generar desinformaci\u00f3n sobre las personas transg\u00e9nero\u201d, un colectivo ya vulnerabilizado.<\/p>\n<p class=\"article-text\">Adem\u00e1s, se destaca en la denuncia que la campa\u00f1a ha sido dise\u00f1ada para generar atenci\u00f3n durante las semanas y d\u00edas previos al 8 de marzo. Por este motivo, la denunciante exhorta al Ayuntamiento a que el cartel sea retirado antes de que llegue la fecha simb\u00f3lica del 8 de marzo, a fin de evitar posibles \u201caltercados p\u00fablicos o posibles actos de vandalismo relacionados con la campa\u00f1a\u201d.<\/p>\n<p class=\"article-text\">En el momento de publicar estas l\u00edneas, desde el Ayuntamiento de C\u00f3rdoba no se han pronunciado sobre la campa\u00f1a. Este peri\u00f3dico ha contactado tanto con la Delegaci\u00f3n de Seguridad como con la Delegaci\u00f3n de Igualdad, sin que haya habido reacciones sobre esta nueva acci\u00f3n de ACdP..<\/p>\n<picture class=\"news-image\"><img decoding=\"async\" src=\"https:\/\/static.eldiario.es\/clip\/d9e08cbd-fb27-4502-9be2-4a8b71e15512_16-9-discover-aspect-ratio_default_0.jpg\" alt=\"Carteles propagandi\u0301sticos previos al 8M denunciados por transfobia\" \/><\/picture><span class=\"title\">Carteles propagandi\u0301sticos previos al 8M denunciados por transfobia\u00a0<span class=\"author\">\u00c1LEX GALLEGOS<\/span><\/span><\/p>\n<p><a href=\"https:\/\/cordopolis.eldiario.es\/cordoba-hoy\/sociedad\/denuncian-cordoba-campana-asociacion-catolica-senala-personas-trans_1_12103244.html\">https:\/\/cordopolis.eldiario.es\/cordoba-hoy\/sociedad\/denuncian-cordoba-campana-asociacion-catolica-senala-personas-trans_1_12103244.html<\/a><\/p>\n<\/div>\n<\/div>\n<\/div>\n<\/div>\n","protected":false},"excerpt":{"rendered":"<p>Denuncian en C\u00f3rdoba una campa\u00f1a de una asociaci\u00f3n cat\u00f3lica que se\u00f1ala a las personas trans La Asociaci\u00f3n Cat\u00f3lica de Propagandistas (ACdP) ha colocado carteles en marquesinas de C\u00f3rdoba que han sido denunciados por un presunto delito de odio x Juan Velasco La Polic\u00eda Local de C\u00f3rdoba ha recibido este martes una denuncia de una mujer [&hellip;]<\/p>\n","protected":false},"author":1,"featured_media":1779,"comment_status":"open","ping_status":"open","sticky":false,"template":"","format":"standard","meta":{"footnotes":""},"categories":[30,15],"tags":[],"class_list":["post-1778","post","type-post","status-publish","format-standard","has-post-thumbnail","hentry","category-en_portada","category-noticias"],"brizy_media":[],"_links":{"self":[{"href":"https:\/\/plataformatrans.es\/index.php\/wp-json\/wp\/v2\/posts\/1778","targetHints":{"allow":["GET"]}}],"collection":[{"href":"https:\/\/plataformatrans.es\/index.php\/wp-json\/wp\/v2\/posts"}],"about":[{"href":"https:\/\/plataformatrans.es\/index.php\/wp-json\/wp\/v2\/types\/post"}],"author":[{"embeddable":true,"href":"https:\/\/plataformatrans.es\/index.php\/wp-json\/wp\/v2\/users\/1"}],"replies":[{"embeddable":true,"href":"https:\/\/plataformatrans.es\/index.php\/wp-json\/wp\/v2\/comments?post=1778"}],"version-history":[{"count":1,"href":"https:\/\/plataformatrans.es\/index.php\/wp-json\/wp\/v2\/posts\/1778\/revisions"}],"predecessor-version":[{"id":1780,"href":"https:\/\/plataformatrans.es\/index.php\/wp-json\/wp\/v2\/posts\/1778\/revisions\/1780"}],"wp:featuredmedia":[{"embeddable":true,"href":"https:\/\/plataformatrans.es\/index.php\/wp-json\/wp\/v2\/media\/1779"}],"wp:attachment":[{"href":"https:\/\/plataformatrans.es\/index.php\/wp-json\/wp\/v2\/media?parent=1778"}],"wp:term":[{"taxonomy":"category","embeddable":true,"href":"https:\/\/plataformatrans.es\/index.php\/wp-json\/wp\/v2\/categories?post=1778"},{"taxonomy":"post_tag","embeddable":true,"href":"https:\/\/plataformatrans.es\/index.php\/wp-json\/wp\/v2\/tags?post=1778"}],"curies":[{"name":"wp","href":"https:\/\/api.w.org\/{rel}","templated":true}]}}