{"id":1721,"date":"2025-02-27T14:43:34","date_gmt":"2025-02-27T12:43:34","guid":{"rendered":"http:\/\/plataformatrans.es\/?p=1721"},"modified":"2025-02-27T14:43:34","modified_gmt":"2025-02-27T12:43:34","slug":"muere-kim-perez-la-granadina-pionera-en-la-lucha-por-los-derechos-del-colectivo-transexual","status":"publish","type":"post","link":"https:\/\/plataformatrans.es\/index.php\/2025\/02\/27\/muere-kim-perez-la-granadina-pionera-en-la-lucha-por-los-derechos-del-colectivo-transexual\/","title":{"rendered":"Muere Kim P\u00e9rez, la granadina pionera en la lucha por los derechos del colectivo transexual"},"content":{"rendered":"<div class=\"voc-article-container\">\n<div class=\"voc-article voc-article--detail voc-article--detail-base \">\n<div class=\"voc-info-container\">\n<h5 class=\"voc-title\">Muere Kim P\u00e9rez, la granadina pionera en la lucha por los derechos del colectivo transexual<\/h5>\n<p class=\"voc-subtitle\"><em>Ten\u00eda 83 a\u00f1os y su fallecimiento ha sido lamentado no s\u00f3lo por el colectivo Lgtbi sino desde todos los \u00e1mbitos sociales de la capital, donde era muy apreciada<\/em><\/p>\n<\/div>\n<\/div>\n<\/div>\n<div class=\"voc-d \" data-voc-component=\"voc-d\">\n<section class=\"voc-author\" data-mrf-recirculation=\"Autor\">\n<figure class=\"voc-author__image\"><a href=\"https:\/\/www.abc.es\/autor\/guillermo-ortega-6920\/\" data-mrf-link=\"https:\/\/www.abc.es\/autor\/guillermo-ortega-6920\/\">x Guillermo Ortega<\/a><\/figure>\n<div class=\"voc-author__item voc-author__item--2\">\n<div class=\"voc-author__container\">\n<div class=\"voc-author__subitem voc-author__subitem--2\">\n<div class=\"voc-author__social\">\n<div><\/div>\n<div class=\"voc-author__social-container voc-author__social-container--2\">Muere una luchadora. <strong>Joaquina P\u00e9rez Fern\u00e1ndez-Figares<\/strong>, m\u00e1s conocida como\u00a0<strong>Kim P\u00e9rez<\/strong>, ha fallecido este jueves 27 de febrero en Granada, la ciudad que la vio nacer hace 83 a\u00f1os. No s\u00f3lo la comunidad Lgtbi sino todos los colectivos sociales y pol\u00edticos de diverso signo han mostrado su tristeza por la marcha de alguien que, coinciden, fue una pionera en la consecuci\u00f3n de derechos para el colectivo transexual.<\/div>\n<\/div>\n<\/div>\n<\/div>\n<\/div>\n<\/section>\n<p class=\"voc-p\">Creci\u00f3 en un ambiente en el que declararse abiertamente de otra tendencia diferente a la heterosexual ya estaba castigado. Aun as\u00ed, naveg\u00f3 a contra corriente y se licenci\u00f3 en Historia. Posteriormente fue<strong>\u00a0profesora de \u00c9tica y Filosof\u00eda<\/strong>\u00a0en la Universidad de Granada entre 1968 y 1970 y siempre tuvo muy presente la necesidad de luchar por los derechos humanos .<\/p>\n<div class=\"voc-advertising\">\n<div class=\"voc-advertising__item\">\n<div id=\"layer_inpage-id\" data-voc-vam=\"\" data-voc-vam-position=\"layer_inpage\" data-google-query-id=\"CNPAn7vv44sDFaeHfAYdGVsEwQ\" data-voc-vam-displayed=\"true\">\n<div id=\"google_ads_iframe_\/4900\/vocento.abcdesevilla\/andalucia\/granada_7__container__\"><iframe id=\"google_ads_iframe_\/4900\/vocento.abcdesevilla\/andalucia\/granada_7\" tabindex=\"0\" title=\"3rd party ad content\" name=\"google_ads_iframe_\/4900\/vocento.abcdesevilla\/andalucia\/granada_7\" width=\"1\" height=\"1\" frameborder=\"0\" marginwidth=\"0\" marginheight=\"0\" scrolling=\"no\" aria-label=\"Advertisement\" data-load-complete=\"true\" data-google-container-id=\"8\" data-mce-fragment=\"1\"><\/iframe><\/div>\n<div id=\"wms-intext\" class=\"wms-intext\">\n<div id=\"jw-s25752575\"><\/div>\n<div id=\"sm-it-main-container-1740659926060\" class=\"sm-it-main-container\" data-it=\"962c3693-1b17-4d2c-95b9-e7c63411d21a\" data-device=\"desktop\" data-index=\"0\">\n<div id=\"sm-reference-1740659926060\" class=\"sm-reference\"><\/div>\n<\/div>\n<\/div>\n<\/div>\n<\/div>\n<\/div>\n<p class=\"voc-p\">En 1991, cuando el panorama ya hab\u00eda cambiado en Espa\u00f1a, anunci\u00f3 su condici\u00f3n de transexual y continu\u00f3 trabajando por el colectivo al que perteneci\u00f3 desde diversos \u00e1mbitos. Por ejemplo, cre\u00f3 una\u00a0<strong>biblioteca de libros de tem\u00e1tica homosexual y transexual<\/strong>, pero tambi\u00e9n demand\u00f3 la inclusi\u00f3n de tratamientos y cirug\u00edas de reasignaci\u00f3n de sexo en la cartera de prestaciones p\u00fablicas del Servicio Andaluz de Salud.<\/p>\n<p class=\"voc-p\">Fue presidenta de la Asociaci\u00f3n y de la Academia de G\u00e9nero en Andaluc\u00eda y tambi\u00e9n fue pionera en el plano pol\u00edtico, porque en el a\u00f1o 2007 se convirti\u00f3 en la\u00a0<strong>primera mujer trans que se present\u00f3 a unas elecciones<\/strong>. Fue en las municipales de Granada, con Izquierda Unida, y no result\u00f3 elegida. Iba en un puesto testimonial.<\/p>\n<p class=\"voc-p\">Pese a que con los a\u00f1os su salud fue agrav\u00e1ndose, nunca perdi\u00f3 las ganas de batallar. En el a\u00f1o 2019 se puso en\u00a0<strong>huelga de hambre<\/strong>\u00a0contra la inclusi\u00f3n, en el programa electoral del partido Vox, de una medida contraria a la cirug\u00eda transexual. La abandon\u00f3 varios d\u00edas despu\u00e9s por recomendaci\u00f3n m\u00e9dida y tras ser ingresada en un hospital.<\/p>\n<p class=\"voc-p\">En 2022 recibi\u00f3 la medalla a la promoci\u00f3n de los Valores de Igualdad por parte del\u00a0<strong>Ministerio de Igualdad<\/strong>. Un a\u00f1o despu\u00e9s<strong>\u00a0don\u00f3 a la Universidad de Granada<\/strong>\u00a0el fondo bibliogr\u00e1fico que hab\u00eda recopilado a lo largo de su vida y apenas se supo m\u00e1s de ella. El progresivo deterioro de salud ha terminado con su fallecimiento, muy sentido en Granada. Esta tarde ser\u00e1 velada en el tanatorio municipal.<\/p>\n<figure class=\"voc-img-figure\">\n<div class=\"voc-img-link\"><img loading=\"lazy\" decoding=\"async\" class=\"voc-img\" src=\"https:\/\/s3.abcstatics.com\/abc\/www\/multimedia\/espana\/2025\/02\/27\/kim-knoB-U1807915855pbF-1968x1216Ideal-RYtvvpWfph4O3ymgSgmZULN-1200x840@diario_abc.jpg\" alt=\"Kim P\u00e9rez, en un acto en el Ayuntamiento de Granada en el a\u00f1o 2022\" width=\"1200\" height=\"840\" \/><\/div>\n<\/figure>\n<p><span class=\"voc-figcaption voc-figcaption--text\">Kim P\u00e9rez, en un acto en el Ayuntamiento de Granada en el a\u00f1o 2022<\/span>\u00a0<span class=\"voc-figcaption voc-figcaption--author\">ideal<\/span><\/p>\n<\/div>\n","protected":false},"excerpt":{"rendered":"<p>Ten\u00eda 83 a\u00f1os y su fallecimiento ha sido lamentado no s\u00f3lo por el colectivo Lgtbi sino desde todos los \u00e1mbitos sociales de la capital, donde era muy apreciada<\/p>\n","protected":false},"author":1,"featured_media":1718,"comment_status":"open","ping_status":"open","sticky":false,"template":"","format":"standard","meta":{"footnotes":""},"categories":[30,15],"tags":[],"class_list":["post-1721","post","type-post","status-publish","format-standard","has-post-thumbnail","hentry","category-en_portada","category-noticias"],"brizy_media":[],"_links":{"self":[{"href":"https:\/\/plataformatrans.es\/index.php\/wp-json\/wp\/v2\/posts\/1721","targetHints":{"allow":["GET"]}}],"collection":[{"href":"https:\/\/plataformatrans.es\/index.php\/wp-json\/wp\/v2\/posts"}],"about":[{"href":"https:\/\/plataformatrans.es\/index.php\/wp-json\/wp\/v2\/types\/post"}],"author":[{"embeddable":true,"href":"https:\/\/plataformatrans.es\/index.php\/wp-json\/wp\/v2\/users\/1"}],"replies":[{"embeddable":true,"href":"https:\/\/plataformatrans.es\/index.php\/wp-json\/wp\/v2\/comments?post=1721"}],"version-history":[{"count":1,"href":"https:\/\/plataformatrans.es\/index.php\/wp-json\/wp\/v2\/posts\/1721\/revisions"}],"predecessor-version":[{"id":1722,"href":"https:\/\/plataformatrans.es\/index.php\/wp-json\/wp\/v2\/posts\/1721\/revisions\/1722"}],"wp:featuredmedia":[{"embeddable":true,"href":"https:\/\/plataformatrans.es\/index.php\/wp-json\/wp\/v2\/media\/1718"}],"wp:attachment":[{"href":"https:\/\/plataformatrans.es\/index.php\/wp-json\/wp\/v2\/media?parent=1721"}],"wp:term":[{"taxonomy":"category","embeddable":true,"href":"https:\/\/plataformatrans.es\/index.php\/wp-json\/wp\/v2\/categories?post=1721"},{"taxonomy":"post_tag","embeddable":true,"href":"https:\/\/plataformatrans.es\/index.php\/wp-json\/wp\/v2\/tags?post=1721"}],"curies":[{"name":"wp","href":"https:\/\/api.w.org\/{rel}","templated":true}]}}