{"id":1713,"date":"2025-02-25T00:21:30","date_gmt":"2025-02-24T22:21:30","guid":{"rendered":"http:\/\/plataformatrans.es\/?p=1713"},"modified":"2025-02-25T00:21:30","modified_gmt":"2025-02-24T22:21:30","slug":"una-ong-discrimina-a-un-trabajador-trans-mientras-copa-ayudas-publicas-para-atender-al-colectivo-lgtbiq","status":"publish","type":"post","link":"https:\/\/plataformatrans.es\/index.php\/2025\/02\/25\/una-ong-discrimina-a-un-trabajador-trans-mientras-copa-ayudas-publicas-para-atender-al-colectivo-lgtbiq\/","title":{"rendered":"Una ONG discrimina a un trabajador trans mientras copa ayudas p\u00fablicas para atender al colectivo LGTBIQ+"},"content":{"rendered":"<h5 id=\"article-title\" class=\"article-title text-balance desktop:text-pretty leading-tight mb-7 desktop:mb-5 font-serif text-xl8 desktop:text-xxxl\" data-original-text-size=\"text-xl8:text-xxxl\">Una ONG discrimina a un trabajador trans mientras copa ayudas p\u00fablicas para atender al colectivo LGTBIQ+<\/h5>\n<div class=\"text-base desktop:text-xl text-pretty text-neutral-gray-800 dark:text-cold-gray-200 mb-5 desktop:mb-7 [&amp;_ul]:list-disc desktop:[&amp;_ul]:ml-3 [&amp;_li]:marker:text-publico [&amp;_li]:mb-2 [&amp;_a]:text-link-normal dark:[&amp;_a]:text-link-dark [&amp;_a]:underline [&amp;_a:hover]:text-link-hover [&amp;_a:hover]:no-underline [&amp;_a:hover]:dark:text-link-dark-hover\" data-original-text-size=\"text-lg:text-xl\">\n<p>Inserta Andaluc\u00eda, denunciada por irregularidades en las adjudicaciones de pisos tutelados, evita un juicio por transfobia al reconocer los hechos y pagar a un hombre trans 17.000 euros, la mayor indemnizaci\u00f3n hasta ahora en Espa\u00f1a por estos hechos.<\/p>\n<\/div>\n<div id=\"main-content\" class=\"desktop:flex desktop:justify-between\">\n<div class=\"desktop:max-w-[670px] desktop:w-full min-h-[1400px]\">\n<div class=\"main-image image mb-5 relative\">\n<div class=\"composite-image main-image media-container image-zoomin\" data-video-width=\"660\" data-video-height=\"371\"><\/div>\n<\/div>\n<div class=\"desktop:ml-[64px]\">\n<ul class=\"inline text-xl font-bold mb-2 desktop:mb-0\" data-original-text-size=\"text-xl\">\n<li class=\"inline text-xl font-bold\"><a title=\"Listado de noticias de Ana Mar\u00eda Pascual\" href=\"https:\/\/www.publico.es\/author\/ana-maria-pascual\">x Ana Mar\u00eda Pascual<\/a><\/li>\n<\/ul>\n<div class=\"published text-sm text-warm-gray-700 dark:text-cold-gray-200 mb-3 desktop:mb-5\"><\/div>\n<\/div>\n<div class=\"block--text desktop:flex desktop:mb-7\">\n<div class=\"tablet:hidden\"><\/div>\n<div id=\"body-modules\" class=\"body-modules w-full\">\n<p class=\"paragraph text-xl pb-7 w-full text-pretty [&amp;_&gt;a]:text-link-normal dark:[&amp;_&gt;a]:text-link-dark [&amp;_&gt;a]:decoration-1 [&amp;_&gt;a:hover]:underline [&amp;_&gt;a:hover]:text-link-hover [&amp;_&gt;a:hover]:decoration-2 [&amp;_b_a]:text-link-normal dark:[&amp;_b_a]:text-link-dark [&amp;_b_a]:decoration-1 [&amp;_b_a:hover]:underline [&amp;_b_a:hover]:text-link-hover desktop:leading-relaxed break-words font-serif\" style=\"border: 0px solid; box-sizing: border-box; --tw-border-spacing-x: 0; --tw-border-spacing-y: 0; --tw-translate-x: 0; --tw-translate-y: 0; --tw-rotate: 0; --tw-skew-x: 0; --tw-skew-y: 0; --tw-scale-x: 1; --tw-scale-y: 1; --tw-scroll-snap-strictness: proximity; --tw-ring-offset-width: 0px; --tw-ring-offset-color: #fff; --tw-ring-color: rgba(59,130,246,.5); --tw-ring-offset-shadow: 0 0 #0000; --tw-ring-shadow: 0 0 #0000; --tw-shadow: 0 0 #0000; --tw-shadow-colored: 0 0 #0000; margin: 0px; width: 606px; text-wrap: pretty; overflow-wrap: break-word; padding-bottom: 1.75rem; font-family: L; font-size: 1.25rem; line-height: 1.625; word-break: break-word;\" data-original-text-size=\"text-xl\"><b>Ren\u00e9 Jer\u00f3nimo Clares<\/b>, almeriense de 29 a\u00f1os, ya conoce lo que es sentirse discriminado por ser un<b>\u00a0hombre trans\u00a0<\/b>y sabe de sobra que le espera una dura lucha por delante pese a que existen leyes que le amparan. Pero, de momento, ya ha logrado que se reconozca, en parte, el sufrimiento que ha soportado desde que el 31 de mayo de 2019\u00a0<a href=\"https:\/\/www.publico.es\/politica\/andalucia-denuncia-junta-jose-manuel-soto-contratos-ayudas-medio-millon-euros.html\">comenz\u00f3 a trabajar como becario en la Asociaci\u00f3n Inserta Andaluc\u00eda<\/a>, una ONG que ha sido denunciada por presuntas irregularidades en los contratos de pisos para j\u00f3venes extutelados.<\/p>\n<div><\/div>\n<p class=\"paragraph text-xl pb-7 w-full text-pretty [&amp;_&gt;a]:text-link-normal dark:[&amp;_&gt;a]:text-link-dark [&amp;_&gt;a]:decoration-1 [&amp;_&gt;a:hover]:underline [&amp;_&gt;a:hover]:text-link-hover [&amp;_&gt;a:hover]:decoration-2 [&amp;_b_a]:text-link-normal dark:[&amp;_b_a]:text-link-dark [&amp;_b_a]:decoration-1 [&amp;_b_a:hover]:underline [&amp;_b_a:hover]:text-link-hover desktop:leading-relaxed break-words font-serif\" style=\"border: 0px solid; box-sizing: border-box; --tw-border-spacing-x: 0; --tw-border-spacing-y: 0; --tw-translate-x: 0; --tw-translate-y: 0; --tw-rotate: 0; --tw-skew-x: 0; --tw-skew-y: 0; --tw-scale-x: 1; --tw-scale-y: 1; --tw-scroll-snap-strictness: proximity; --tw-ring-offset-width: 0px; --tw-ring-offset-color: #fff; --tw-ring-color: rgba(59,130,246,.5); --tw-ring-offset-shadow: 0 0 #0000; --tw-ring-shadow: 0 0 #0000; --tw-shadow: 0 0 #0000; --tw-shadow-colored: 0 0 #0000; margin: 0px; width: 606px; text-wrap: pretty; overflow-wrap: break-word; padding-bottom: 1.75rem; font-family: L; font-size: 1.25rem; line-height: 1.625; word-break: break-word;\" data-original-text-size=\"text-xl\">Ren\u00e9 dej\u00f3 de trabajar en la citada ONG el pasado mes de octubre, tras m\u00e1s de cinco a\u00f1os soportando \u00abdiscriminaci\u00f3n\u00bb por el hecho de ser una persona trans,\u00a0<a href=\"https:\/\/www.publico.es\/sociedad\/consejera-andaluza-igualdad-sobre-landaluce-investigue-llegue-final.html\">dato que ya conoc\u00eda la asociaci\u00f3n desde el primer momento<\/a>, pues en el curr\u00edculo que envi\u00f3 figuraba su identidad sexual y su nombre actual y correcto.<\/p>\n<div><\/div>\n<p class=\"paragraph text-xl pb-7 w-full text-pretty [&amp;_&gt;a]:text-link-normal dark:[&amp;_&gt;a]:text-link-dark [&amp;_&gt;a]:decoration-1 [&amp;_&gt;a:hover]:underline [&amp;_&gt;a:hover]:text-link-hover [&amp;_&gt;a:hover]:decoration-2 [&amp;_b_a]:text-link-normal dark:[&amp;_b_a]:text-link-dark [&amp;_b_a]:decoration-1 [&amp;_b_a:hover]:underline [&amp;_b_a:hover]:text-link-hover desktop:leading-relaxed break-words font-serif\" style=\"border: 0px solid; box-sizing: border-box; --tw-border-spacing-x: 0; --tw-border-spacing-y: 0; --tw-translate-x: 0; --tw-translate-y: 0; --tw-rotate: 0; --tw-skew-x: 0; --tw-skew-y: 0; --tw-scale-x: 1; --tw-scale-y: 1; --tw-scroll-snap-strictness: proximity; --tw-ring-offset-width: 0px; --tw-ring-offset-color: #fff; --tw-ring-color: rgba(59,130,246,.5); --tw-ring-offset-shadow: 0 0 #0000; --tw-ring-shadow: 0 0 #0000; --tw-shadow: 0 0 #0000; --tw-shadow-colored: 0 0 #0000; margin: 0px; width: 606px; text-wrap: pretty; overflow-wrap: break-word; padding-bottom: 1.75rem; font-family: L; font-size: 1.25rem; line-height: 1.625; word-break: break-word;\" data-original-text-size=\"text-xl\">Sin embargo, \u00aben demasiadas ocasiones la asociaci\u00f3n ha decidido no respetar el g\u00e9nero\u00bb de Ren\u00e9 \u00abvulnerando su derecho a la dignidad y al\u00a0<a href=\"https:\/\/www.publico.es\/politica\/congreso\/iniciativas-lgtbiq-han-llevado-congreso-legislatura-rango-ley.html\">libre desarrollo de la personalidad<\/a>, as\u00ed como a su integridad moral y a la salud (mental), de forma continua; generando todo ello unos perjuicios morales l\u00f3gicos\u00bb, consta en la demanda que present\u00f3 el abogado\u00a0<b>Isaac Guijarro, del bufete Olympe Abogados<\/b>, en representaci\u00f3n de este joven.<\/p>\n<div class=\"related-intext bg-warm-gray-100 px-5 -mx-5 py-5 mb-10 desktop:bg-lightmode desktop:border-t-2 desktop:border-b-2 desktop:border-warm-gray-300 desktop:dark:border-cold-gray-500 desktop:mx-0 desktop:px-1 desktop:mt-6 desktop:mb-12 dark:bg-cold-gray-700 dark:desktop:bg-darkmode\">\n<div class=\"pb-2 text-xl4 font-serif\">\n<article class=\"flex result-page listing-item\">\n<div class=\"article-details mr-3 desktop:mr-4\">\n<h3 class=\"title mb-2 text-balance desktop:text-pretty leading-tight hover:underline decoration-1 text-lg desktop:text-xl2\"><span style=\"font-family: L; font-size: 1.25rem; text-wrap-mode: initial; font-weight: 400;\">La demanda, a la que ha tenido acceso <\/span><i style=\"font-family: L; font-size: 1.25rem; text-wrap-mode: initial; font-weight: 400;\">P\u00fablico<\/i><span style=\"font-family: L; font-size: 1.25rem; text-wrap-mode: initial; font-weight: 400;\">, indica que la ONG habr\u00eda <\/span><span style=\"font-family: L; font-size: 1.25rem; text-wrap-mode: initial; font-weight: 400;\">incumplido la <\/span><b style=\"font-family: L; font-size: 1.25rem; text-wrap-mode: initial;\">ley andaluza<\/b><span style=\"font-family: L; font-size: 1.25rem; text-wrap-mode: initial; font-weight: 400;\">\u00a0que garantiza los derechos de las personas trans y la ley estatal que regula la\u00a0<\/span><b style=\"font-family: L; font-size: 1.25rem; text-wrap-mode: initial;\">igualdad de derechos de las personas LGTBIQ+<\/b><span style=\"font-family: L; font-size: 1.25rem; text-wrap-mode: initial; font-weight: 400;\">, y tambi\u00e9n la ley de\u00a0<\/span><b style=\"font-family: L; font-size: 1.25rem; text-wrap-mode: initial;\">prevenci\u00f3n de riesgos laborales<\/b><span style=\"font-family: L; font-size: 1.25rem; text-wrap-mode: initial; font-weight: 400;\">.\u00a0<\/span><\/h3>\n<\/div>\n<\/article>\n<\/div>\n<\/div>\n<div><\/div>\n<p class=\"paragraph text-xl pb-7 w-full text-pretty [&amp;_&gt;a]:text-link-normal dark:[&amp;_&gt;a]:text-link-dark [&amp;_&gt;a]:decoration-1 [&amp;_&gt;a:hover]:underline [&amp;_&gt;a:hover]:text-link-hover [&amp;_&gt;a:hover]:decoration-2 [&amp;_b_a]:text-link-normal dark:[&amp;_b_a]:text-link-dark [&amp;_b_a]:decoration-1 [&amp;_b_a:hover]:underline [&amp;_b_a:hover]:text-link-hover desktop:leading-relaxed break-words font-serif\" style=\"border: 0px solid; box-sizing: border-box; --tw-border-spacing-x: 0; --tw-border-spacing-y: 0; --tw-translate-x: 0; --tw-translate-y: 0; --tw-rotate: 0; --tw-skew-x: 0; --tw-skew-y: 0; --tw-scale-x: 1; --tw-scale-y: 1; --tw-scroll-snap-strictness: proximity; --tw-ring-offset-width: 0px; --tw-ring-offset-color: #fff; --tw-ring-color: rgba(59,130,246,.5); --tw-ring-offset-shadow: 0 0 #0000; --tw-ring-shadow: 0 0 #0000; --tw-shadow: 0 0 #0000; --tw-shadow-colored: 0 0 #0000; margin: 0px; width: 606px; text-wrap: pretty; overflow-wrap: break-word; padding-bottom: 1.75rem; font-family: L; font-size: 1.25rem; line-height: 1.625; word-break: break-word;\" data-original-text-size=\"text-xl\">El Juzgado de lo Social 3 de Granada hab\u00eda fijado para el pr\u00f3ximo 25 de febrero el juicio contra la<b>\u00a0ONG Inserta Andaluc\u00eda<\/b>, pero esta entidad ha decidido admitir en parte los hechos denunciados e indemnizar a Ren\u00e9 Jer\u00f3nimo con 17.000 euros, seg\u00fan ha podido constatar este diario. Esta es la indemnizaci\u00f3n m\u00e1s elevada que ha recibido una persona trans en el Estado espa\u00f1ol por discriminaci\u00f3n, seg\u00fan indica el\u00a0<b>abogado Isaac Guijarro,\u00a0<\/b>cuyo bufete est\u00e1 especializado en violencia de g\u00e9nero y vulneraciones del colectivo LGTBIQ+.<\/p>\n<div class=\"related-intext bg-warm-gray-100 px-5 -mx-5 py-5 mb-10 desktop:bg-lightmode desktop:border-t-2 desktop:border-b-2 desktop:border-warm-gray-300 desktop:dark:border-cold-gray-500 desktop:mx-0 desktop:px-1 desktop:mt-6 desktop:mb-12 dark:bg-cold-gray-700 dark:desktop:bg-darkmode\">\n<div class=\"pb-2 text-xl4 font-serif\">\n<article class=\"flex result-page listing-item\"><span style=\"font-family: L; font-size: 1.25rem; text-wrap-mode: initial;\">El pasado 19 de febrero el juzgado convalid\u00f3 el acuerdo entre Ren\u00e9 y la ONG, con el que se evita el juicio. La demanda solicitaba 30.000 euros en concepto de indemnizaci\u00f3n por da\u00f1os morales sufridos por la vulneraci\u00f3n de sus derechos fundamentales. Aunque finalmente han sido 17.000 euros, el abogado de Ren\u00e9 considera que es una suma importante.<\/span><\/article>\n<\/div>\n<\/div>\n<div><\/div>\n<p class=\"highlighted pt-5 pb-3 font-sans font-bold text-xl2 text-balance desktop:text-pretty leading-tight break-words\" data-original-text-size=\"text-xl2\"><strong>Una paradoja en primera persona<\/strong><\/p>\n<p class=\"paragraph text-xl pb-7 w-full text-pretty [&amp;_&gt;a]:text-link-normal dark:[&amp;_&gt;a]:text-link-dark [&amp;_&gt;a]:decoration-1 [&amp;_&gt;a:hover]:underline [&amp;_&gt;a:hover]:text-link-hover [&amp;_&gt;a:hover]:decoration-2 [&amp;_b_a]:text-link-normal dark:[&amp;_b_a]:text-link-dark [&amp;_b_a]:decoration-1 [&amp;_b_a:hover]:underline [&amp;_b_a:hover]:text-link-hover desktop:leading-relaxed break-words font-serif\" style=\"border: 0px solid; box-sizing: border-box; --tw-border-spacing-x: 0; --tw-border-spacing-y: 0; --tw-translate-x: 0; --tw-translate-y: 0; --tw-rotate: 0; --tw-skew-x: 0; --tw-skew-y: 0; --tw-scale-x: 1; --tw-scale-y: 1; --tw-scroll-snap-strictness: proximity; --tw-ring-offset-width: 0px; --tw-ring-offset-color: #fff; --tw-ring-color: rgba(59,130,246,.5); --tw-ring-offset-shadow: 0 0 #0000; --tw-ring-shadow: 0 0 #0000; --tw-shadow: 0 0 #0000; --tw-shadow-colored: 0 0 #0000; margin: 0px; width: 606px; text-wrap: pretty; overflow-wrap: break-word; padding-bottom: 1.75rem; font-family: L; font-size: 1.25rem; line-height: 1.625; word-break: break-word;\" data-original-text-size=\"text-xl\">Se da la paradoja en este caso de que la ONG demandada se dedica a atender a personas del colectivo LGTBIQ+ en situaciones de vulnerabilidad y a las v\u00edctimas de violencia y discriminaci\u00f3n por pertenecer al colectivo. De hecho, la actividad laboral de Ren\u00e9 en la asociaci\u00f3n era impartir talleres de prevenci\u00f3n de acoso contra las personas LGTBIQ+, as\u00ed como en la orientaci\u00f3n psicol\u00f3gica, jur\u00eddica y social a las v\u00edctimas de discriminaci\u00f3n por LGTBIfobia.<\/p>\n<div class=\"related-intext bg-warm-gray-100 px-5 -mx-5 py-5 mb-10 desktop:bg-lightmode desktop:border-t-2 desktop:border-b-2 desktop:border-warm-gray-300 desktop:dark:border-cold-gray-500 desktop:mx-0 desktop:px-1 desktop:mt-6 desktop:mb-12 dark:bg-cold-gray-700 dark:desktop:bg-darkmode\">\n<div class=\"pb-2 text-xl4 font-serif\">\n<article class=\"flex result-page listing-item\"><span style=\"font-family: L; font-size: 1.25rem; text-wrap-mode: initial;\">Sin embargo, \u00e9l mismo ha sido discriminado por su condici\u00f3n de persona trans en un centro de trabajo donde adem\u00e1s est\u00e1n vigentes unos estatutos que rechazan especialmente la <\/span><b style=\"font-family: L; font-size: 1.25rem; text-wrap-mode: initial;\">discriminaci\u00f3n hacia las personas trans<\/b><span style=\"font-family: L; font-size: 1.25rem; text-wrap-mode: initial;\">.\u00a0<\/span><\/article>\n<\/div>\n<\/div>\n<p class=\"highlighted pt-5 pb-3 font-sans font-bold text-xl2 text-balance desktop:text-pretty leading-tight break-words\" data-original-text-size=\"text-xl2\"><strong>Le llamaban por su nombre anterior<\/strong><\/p>\n<p class=\"paragraph text-xl pb-7 w-full text-pretty [&amp;_&gt;a]:text-link-normal dark:[&amp;_&gt;a]:text-link-dark [&amp;_&gt;a]:decoration-1 [&amp;_&gt;a:hover]:underline [&amp;_&gt;a:hover]:text-link-hover [&amp;_&gt;a:hover]:decoration-2 [&amp;_b_a]:text-link-normal dark:[&amp;_b_a]:text-link-dark [&amp;_b_a]:decoration-1 [&amp;_b_a:hover]:underline [&amp;_b_a:hover]:text-link-hover desktop:leading-relaxed break-words font-serif\" style=\"border: 0px solid; box-sizing: border-box; --tw-border-spacing-x: 0; --tw-border-spacing-y: 0; --tw-translate-x: 0; --tw-translate-y: 0; --tw-rotate: 0; --tw-skew-x: 0; --tw-skew-y: 0; --tw-scale-x: 1; --tw-scale-y: 1; --tw-scroll-snap-strictness: proximity; --tw-ring-offset-width: 0px; --tw-ring-offset-color: #fff; --tw-ring-color: rgba(59,130,246,.5); --tw-ring-offset-shadow: 0 0 #0000; --tw-ring-shadow: 0 0 #0000; --tw-shadow: 0 0 #0000; --tw-shadow-colored: 0 0 #0000; margin: 0px; width: 606px; text-wrap: pretty; overflow-wrap: break-word; padding-bottom: 1.75rem; font-family: L; font-size: 1.25rem; line-height: 1.625; word-break: break-word;\" data-original-text-size=\"text-xl\">Ren\u00e9 fue la primera persona trans que tramit\u00f3 una solicitud de\u00a0 cambio de nombre en la\u00a0<b>Universidad de Granada<\/b>, donde estudi\u00f3 Psicolog\u00eda. Fue en septiembre de 2017, nada m\u00e1s aprobarse el protocolo de la universidad para el cambio de nombre de las personas transexuales, transg\u00e9nero e intersexuales.<\/p>\n<div>\n<div class=\"pb-intext-papel [&amp;_&gt;_*]:mb-7\" style=\"border: 0px solid; box-sizing: border-box; --tw-border-spacing-x: 0; --tw-border-spacing-y: 0; --tw-translate-x: 0; --tw-translate-y: 0; --tw-rotate: 0; --tw-skew-x: 0; --tw-skew-y: 0; --tw-scale-x: 1; --tw-scale-y: 1; --tw-scroll-snap-strictness: proximity; --tw-ring-offset-width: 0px; --tw-ring-offset-color: #fff; --tw-ring-color: rgba(59,130,246,.5); --tw-ring-offset-shadow: 0 0 #0000; --tw-ring-shadow: 0 0 #0000; --tw-shadow: 0 0 #0000; --tw-shadow-colored: 0 0 #0000;\"><\/div>\n<\/div>\n<div class=\"related-intext bg-warm-gray-100 px-5 -mx-5 py-5 mb-10 desktop:bg-lightmode desktop:border-t-2 desktop:border-b-2 desktop:border-warm-gray-300 desktop:dark:border-cold-gray-500 desktop:mx-0 desktop:px-1 desktop:mt-6 desktop:mb-12 dark:bg-cold-gray-700 dark:desktop:bg-darkmode\">\n<div class=\"pb-2 text-xl4 font-serif\">\n<article class=\"flex result-page listing-item\"><span style=\"font-family: L; font-size: 1.25rem; text-wrap-mode: initial;\">Sin embargo, en la ONG, que presenta en su web mensajes de solidaridad hacia todo tipo de colectivos marginados y que recibe subvenciones precisamente para atenderlos, se dirigieron a Ren\u00e9 como mujer desde el primer momento, describi\u00e9ndole en femenino, como \u00abt\u00e9cnica\u00bb, en las plataformas internas de personal, donde figuraba con su nombre anterior, el femenino. Esto lo pod\u00edan ver las 200 personas de la plantilla.\u00a0<\/span><\/article>\n<\/div>\n<\/div>\n<p class=\"highlighted pt-5 pb-3 font-sans font-bold text-xl2 text-balance desktop:text-pretty leading-tight break-words\" data-original-text-size=\"text-xl2\"><strong>Dinero p\u00fablico para atender al colectivo trans<\/strong><\/p>\n<p class=\"paragraph text-xl pb-7 w-full text-pretty [&amp;_&gt;a]:text-link-normal dark:[&amp;_&gt;a]:text-link-dark [&amp;_&gt;a]:decoration-1 [&amp;_&gt;a:hover]:underline [&amp;_&gt;a:hover]:text-link-hover [&amp;_&gt;a:hover]:decoration-2 [&amp;_b_a]:text-link-normal dark:[&amp;_b_a]:text-link-dark [&amp;_b_a]:decoration-1 [&amp;_b_a:hover]:underline [&amp;_b_a:hover]:text-link-hover desktop:leading-relaxed break-words font-serif\" style=\"border: 0px solid; box-sizing: border-box; --tw-border-spacing-x: 0; --tw-border-spacing-y: 0; --tw-translate-x: 0; --tw-translate-y: 0; --tw-rotate: 0; --tw-skew-x: 0; --tw-skew-y: 0; --tw-scale-x: 1; --tw-scale-y: 1; --tw-scroll-snap-strictness: proximity; --tw-ring-offset-width: 0px; --tw-ring-offset-color: #fff; --tw-ring-color: rgba(59,130,246,.5); --tw-ring-offset-shadow: 0 0 #0000; --tw-ring-shadow: 0 0 #0000; --tw-shadow: 0 0 #0000; --tw-shadow-colored: 0 0 #0000; margin: 0px; width: 606px; text-wrap: pretty; overflow-wrap: break-word; padding-bottom: 1.75rem; font-family: L; font-size: 1.25rem; line-height: 1.625; word-break: break-word;\" data-original-text-size=\"text-xl\">La<b>\u00a0ONG Inserta Andaluc\u00eda<\/b>\u00a0tiene en estos momentos tres programas subvencionados por la Junta de Andaluc\u00eda para atender al<b>\u00a0colectivo LGTBIQ+<\/b>: uno es &#8216;Prevenci\u00f3n del\u00a0<i>Bullying<\/i>\u00a0contra la Diversidad Afectivo-Sexual&#8217;, con un presupuesto de 84.367,93 euros; otro es &#8216;Pisos Rita Hester. Sistema de Pisos de Acogida Integral para Personas LGTBI&#8217; (118.197,72 euros); y el tercero es &#8216;Programa de Atenci\u00f3n a V\u00edctimas de Violencia y Discriminaci\u00f3n Pertenecientes al Colectivo LGTBI&#8217; (54.366,22 euros).<\/p>\n<div><\/div>\n<p class=\"paragraph text-xl pb-7 w-full text-pretty [&amp;_&gt;a]:text-link-normal dark:[&amp;_&gt;a]:text-link-dark [&amp;_&gt;a]:decoration-1 [&amp;_&gt;a:hover]:underline [&amp;_&gt;a:hover]:text-link-hover [&amp;_&gt;a:hover]:decoration-2 [&amp;_b_a]:text-link-normal dark:[&amp;_b_a]:text-link-dark [&amp;_b_a]:decoration-1 [&amp;_b_a:hover]:underline [&amp;_b_a:hover]:text-link-hover desktop:leading-relaxed break-words font-serif\" style=\"border: 0px solid; box-sizing: border-box; --tw-border-spacing-x: 0; --tw-border-spacing-y: 0; --tw-translate-x: 0; --tw-translate-y: 0; --tw-rotate: 0; --tw-skew-x: 0; --tw-skew-y: 0; --tw-scale-x: 1; --tw-scale-y: 1; --tw-scroll-snap-strictness: proximity; --tw-ring-offset-width: 0px; --tw-ring-offset-color: #fff; --tw-ring-color: rgba(59,130,246,.5); --tw-ring-offset-shadow: 0 0 #0000; --tw-ring-shadow: 0 0 #0000; --tw-shadow: 0 0 #0000; --tw-shadow-colored: 0 0 #0000; margin: 0px; width: 606px; text-wrap: pretty; overflow-wrap: break-word; padding-bottom: 1.75rem; font-family: L; font-size: 1.25rem; line-height: 1.625; word-break: break-word;\" data-original-text-size=\"text-xl\">\u00abLa negaci\u00f3n de su identidad ha sido una constante por parte de la demandada, vulnerando de forma continuada y consciente su derecho a la dignidad y al libre desarrollo de su personalidad\u00bb, consta en la demanda, que adem\u00e1s indica que \u00abhan hecho esa informaci\u00f3n, tan personal y especialmente protegida, accesible al resto de trabajadores, vulnerando as\u00ed tambi\u00e9n su\u00a0<b>derecho a la intimidad y a la protecci\u00f3n de sus datos\u00bb.<\/b><\/p>\n<div class=\"related-intext bg-warm-gray-100 px-5 -mx-5 py-5 mb-10 desktop:bg-lightmode desktop:border-t-2 desktop:border-b-2 desktop:border-warm-gray-300 desktop:dark:border-cold-gray-500 desktop:mx-0 desktop:px-1 desktop:mt-6 desktop:mb-12 dark:bg-cold-gray-700 dark:desktop:bg-darkmode\">\n<div class=\"pb-2 text-xl4 font-serif\"><\/div>\n<\/div>\n<p class=\"paragraph text-xl pb-7 w-full text-pretty [&amp;_&gt;a]:text-link-normal dark:[&amp;_&gt;a]:text-link-dark [&amp;_&gt;a]:decoration-1 [&amp;_&gt;a:hover]:underline [&amp;_&gt;a:hover]:text-link-hover [&amp;_&gt;a:hover]:decoration-2 [&amp;_b_a]:text-link-normal dark:[&amp;_b_a]:text-link-dark [&amp;_b_a]:decoration-1 [&amp;_b_a:hover]:underline [&amp;_b_a:hover]:text-link-hover desktop:leading-relaxed break-words font-serif\" style=\"border: 0px solid; box-sizing: border-box; --tw-border-spacing-x: 0; --tw-border-spacing-y: 0; --tw-translate-x: 0; --tw-translate-y: 0; --tw-rotate: 0; --tw-skew-x: 0; --tw-skew-y: 0; --tw-scale-x: 1; --tw-scale-y: 1; --tw-scroll-snap-strictness: proximity; --tw-ring-offset-width: 0px; --tw-ring-offset-color: #fff; --tw-ring-color: rgba(59,130,246,.5); --tw-ring-offset-shadow: 0 0 #0000; --tw-ring-shadow: 0 0 #0000; --tw-shadow: 0 0 #0000; --tw-shadow-colored: 0 0 #0000; margin: 0px; width: 606px; text-wrap: pretty; overflow-wrap: break-word; padding-bottom: 1.75rem; font-family: L; font-size: 1.25rem; line-height: 1.625; word-break: break-word;\" data-original-text-size=\"text-xl\">La primera vez que fue vejado en su nuevo empleo fue al poco de llegar, al ser nombrado como mujer en el certificado de un curso interno que hab\u00eda seguido; all\u00ed aparec\u00eda con su nombre pasado, \u00abcon el que Ren\u00e9 Jer\u00f3nimo no se identifica y que le causa tremendo dolor\u00bb, dice la demanda.<\/p>\n<div><\/div>\n<p class=\"highlighted pt-5 pb-3 font-sans font-bold text-xl2 text-balance desktop:text-pretty leading-tight break-words\" data-original-text-size=\"text-xl2\"><strong>Certificado para la covid-19<\/strong><\/p>\n<p class=\"paragraph text-xl pb-7 w-full text-pretty [&amp;_&gt;a]:text-link-normal dark:[&amp;_&gt;a]:text-link-dark [&amp;_&gt;a]:decoration-1 [&amp;_&gt;a:hover]:underline [&amp;_&gt;a:hover]:text-link-hover [&amp;_&gt;a:hover]:decoration-2 [&amp;_b_a]:text-link-normal dark:[&amp;_b_a]:text-link-dark [&amp;_b_a]:decoration-1 [&amp;_b_a:hover]:underline [&amp;_b_a:hover]:text-link-hover desktop:leading-relaxed break-words font-serif\" style=\"border: 0px solid; box-sizing: border-box; --tw-border-spacing-x: 0; --tw-border-spacing-y: 0; --tw-translate-x: 0; --tw-translate-y: 0; --tw-rotate: 0; --tw-skew-x: 0; --tw-skew-y: 0; --tw-scale-x: 1; --tw-scale-y: 1; --tw-scroll-snap-strictness: proximity; --tw-ring-offset-width: 0px; --tw-ring-offset-color: #fff; --tw-ring-color: rgba(59,130,246,.5); --tw-ring-offset-shadow: 0 0 #0000; --tw-ring-shadow: 0 0 #0000; --tw-shadow: 0 0 #0000; --tw-shadow-colored: 0 0 #0000; margin: 0px; width: 606px; text-wrap: pretty; overflow-wrap: break-word; padding-bottom: 1.75rem; font-family: L; font-size: 1.25rem; line-height: 1.625; word-break: break-word;\" data-original-text-size=\"text-xl\">En octubre de 2020, debido a las restricciones por la covid, Ren\u00e9\u00a0 necesit\u00f3 un certificado de movilidad para poder acudir a la oficina a trabajar. La\u00a0<a href=\"https:\/\/www.publico.es\/politica\/deje-mentir-consejera-izquierda-reprocha-gobierno-andaluz-ceses-interventores.html\">Asociaci\u00f3n Inserta Andaluc\u00eda<\/a>\u00a0lo redact\u00f3\u00a0 trat\u00e1ndole en femenino y utilizando un nombre femenino, vulnerando as\u00ed la legislaci\u00f3n que ya por entonces estaba vigente en<b>\u00a0Andaluc\u00eda<\/b>. Debido a esa ley de 2017, Ren\u00e9 ten\u00eda ya modificada su tarjeta sanitaria, por lo que no parece que la ONG tuviera justificaci\u00f3n alguna como para haber redactado el permiso en femenino si no era por un motivo de\u00a0<b>transfobia<\/b>, seg\u00fan se explica en el demanda.<\/p>\n<p class=\"highlighted pt-5 pb-3 font-sans font-bold text-xl2 text-balance desktop:text-pretty leading-tight break-words\" data-original-text-size=\"text-xl2\"><strong>La mutua no le ten\u00eda registrado como hombre<\/strong><\/p>\n<p class=\"paragraph text-xl pb-7 w-full text-pretty [&amp;_&gt;a]:text-link-normal dark:[&amp;_&gt;a]:text-link-dark [&amp;_&gt;a]:decoration-1 [&amp;_&gt;a:hover]:underline [&amp;_&gt;a:hover]:text-link-hover [&amp;_&gt;a:hover]:decoration-2 [&amp;_b_a]:text-link-normal dark:[&amp;_b_a]:text-link-dark [&amp;_b_a]:decoration-1 [&amp;_b_a:hover]:underline [&amp;_b_a:hover]:text-link-hover desktop:leading-relaxed break-words font-serif\" style=\"border: 0px solid; box-sizing: border-box; --tw-border-spacing-x: 0; --tw-border-spacing-y: 0; --tw-translate-x: 0; --tw-translate-y: 0; --tw-rotate: 0; --tw-skew-x: 0; --tw-skew-y: 0; --tw-scale-x: 1; --tw-scale-y: 1; --tw-scroll-snap-strictness: proximity; --tw-ring-offset-width: 0px; --tw-ring-offset-color: #fff; --tw-ring-color: rgba(59,130,246,.5); --tw-ring-offset-shadow: 0 0 #0000; --tw-ring-shadow: 0 0 #0000; --tw-shadow: 0 0 #0000; --tw-shadow-colored: 0 0 #0000; margin: 0px; width: 606px; text-wrap: pretty; overflow-wrap: break-word; padding-bottom: 1.75rem; font-family: L; font-size: 1.25rem; line-height: 1.625; word-break: break-word;\" data-original-text-size=\"text-xl\">El 27 de junio de 2024 Ren\u00e9 acudi\u00f3 a Adeslas por un problema de salud y en la mutua le explicaron que constaba como si fuera una mujer. La ONG no hab\u00eda rectificado sus datos. Al joven le dio un ataque de ansiedad y tuvo que ser derivado a urgencias.<\/p>\n<div class=\"related-intext bg-warm-gray-100 px-5 -mx-5 py-5 mb-10 desktop:bg-lightmode desktop:border-t-2 desktop:border-b-2 desktop:border-warm-gray-300 desktop:dark:border-cold-gray-500 desktop:mx-0 desktop:px-1 desktop:mt-6 desktop:mb-12 dark:bg-cold-gray-700 dark:desktop:bg-darkmode\">\n<div class=\"pb-2 text-xl4 font-serif\">\n<article class=\"flex result-page listing-item\"><span style=\"font-family: L; font-size: 1.25rem; text-wrap-mode: initial;\">La demanda describe una serie de patolog\u00edas que sufre Ren\u00e9 como consecuencia de las vulneraciones denunciadas. La ansiedad, por ejemplo, le ha provocado episodios de bruxismo muy graves. Precisamente uno de los focos de la demanda era la vulneraci\u00f3n del derecho fundamental a la integridad moral y a la salud (mental y f\u00edsica) del demandante debido al incumplimiento de la ley de prevenci\u00f3n de riesgos laborales.\u00a0<\/span><\/article>\n<\/div>\n<\/div>\n<p class=\"paragraph text-xl pb-7 w-full text-pretty [&amp;_&gt;a]:text-link-normal dark:[&amp;_&gt;a]:text-link-dark [&amp;_&gt;a]:decoration-1 [&amp;_&gt;a:hover]:underline [&amp;_&gt;a:hover]:text-link-hover [&amp;_&gt;a:hover]:decoration-2 [&amp;_b_a]:text-link-normal dark:[&amp;_b_a]:text-link-dark [&amp;_b_a]:decoration-1 [&amp;_b_a:hover]:underline [&amp;_b_a:hover]:text-link-hover desktop:leading-relaxed break-words font-serif\" style=\"border: 0px solid; box-sizing: border-box; --tw-border-spacing-x: 0; --tw-border-spacing-y: 0; --tw-translate-x: 0; --tw-translate-y: 0; --tw-rotate: 0; --tw-skew-x: 0; --tw-skew-y: 0; --tw-scale-x: 1; --tw-scale-y: 1; --tw-scroll-snap-strictness: proximity; --tw-ring-offset-width: 0px; --tw-ring-offset-color: #fff; --tw-ring-color: rgba(59,130,246,.5); --tw-ring-offset-shadow: 0 0 #0000; --tw-ring-shadow: 0 0 #0000; --tw-shadow: 0 0 #0000; --tw-shadow-colored: 0 0 #0000; margin: 0px; width: 606px; text-wrap: pretty; overflow-wrap: break-word; padding-bottom: 1.75rem; font-family: L; font-size: 1.25rem; line-height: 1.625; word-break: break-word;\" data-original-text-size=\"text-xl\"><strong>&#8216;Pinkwashing&#8217;<\/strong><\/p>\n<p class=\"paragraph text-xl pb-7 w-full text-pretty [&amp;_&gt;a]:text-link-normal dark:[&amp;_&gt;a]:text-link-dark [&amp;_&gt;a]:decoration-1 [&amp;_&gt;a:hover]:underline [&amp;_&gt;a:hover]:text-link-hover [&amp;_&gt;a:hover]:decoration-2 [&amp;_b_a]:text-link-normal dark:[&amp;_b_a]:text-link-dark [&amp;_b_a]:decoration-1 [&amp;_b_a:hover]:underline [&amp;_b_a:hover]:text-link-hover desktop:leading-relaxed break-words font-serif\" style=\"border: 0px solid; box-sizing: border-box; --tw-border-spacing-x: 0; --tw-border-spacing-y: 0; --tw-translate-x: 0; --tw-translate-y: 0; --tw-rotate: 0; --tw-skew-x: 0; --tw-skew-y: 0; --tw-scale-x: 1; --tw-scale-y: 1; --tw-scroll-snap-strictness: proximity; --tw-ring-offset-width: 0px; --tw-ring-offset-color: #fff; --tw-ring-color: rgba(59,130,246,.5); --tw-ring-offset-shadow: 0 0 #0000; --tw-ring-shadow: 0 0 #0000; --tw-shadow: 0 0 #0000; --tw-shadow-colored: 0 0 #0000; margin: 0px; width: 606px; text-wrap: pretty; overflow-wrap: break-word; padding-bottom: 1.75rem; font-family: L; font-size: 1.25rem; line-height: 1.625; word-break: break-word;\" data-original-text-size=\"text-xl\">La asociaci\u00f3n demandada \u00abtiene una serie de pol\u00edticas internas en las que fomenta algo que posteriormente no cumple, sino todo lo contrario. Pareciere que solo lo fomenta de cara a obtener fondos p\u00fablicos, pero luego no lo reflejase en la realidad cuando es necesario\u00bb, figura en la demanda de Ren\u00e9. Esta actitud se conoce como\u00a0<i>pinkwashing.<\/i><\/p>\n<p class=\"paragraph text-xl pb-7 w-full text-pretty [&amp;_&gt;a]:text-link-normal dark:[&amp;_&gt;a]:text-link-dark [&amp;_&gt;a]:decoration-1 [&amp;_&gt;a:hover]:underline [&amp;_&gt;a:hover]:text-link-hover [&amp;_&gt;a:hover]:decoration-2 [&amp;_b_a]:text-link-normal dark:[&amp;_b_a]:text-link-dark [&amp;_b_a]:decoration-1 [&amp;_b_a:hover]:underline [&amp;_b_a:hover]:text-link-hover desktop:leading-relaxed break-words font-serif\" style=\"border: 0px solid; box-sizing: border-box; --tw-border-spacing-x: 0; --tw-border-spacing-y: 0; --tw-translate-x: 0; --tw-translate-y: 0; --tw-rotate: 0; --tw-skew-x: 0; --tw-skew-y: 0; --tw-scale-x: 1; --tw-scale-y: 1; --tw-scroll-snap-strictness: proximity; --tw-ring-offset-width: 0px; --tw-ring-offset-color: #fff; --tw-ring-color: rgba(59,130,246,.5); --tw-ring-offset-shadow: 0 0 #0000; --tw-ring-shadow: 0 0 #0000; --tw-shadow: 0 0 #0000; --tw-shadow-colored: 0 0 #0000; margin: 0px; width: 606px; text-wrap: pretty; overflow-wrap: break-word; padding-bottom: 1.75rem; font-family: L; font-size: 1.25rem; line-height: 1.625; word-break: break-word;\" data-original-text-size=\"text-xl\">Precisamente la<b>\u00a0ONG Inserta Andaluc\u00eda<\/b>\u00a0est\u00e1 en el foco medi\u00e1tico por otro motivo. El\u00a0<b>Grupo Parlamentario Por Andaluc\u00eda\u00a0<\/b>ha llevado a los tribunales la adjudicaci\u00f3n del contrato para la gesti\u00f3n de pisos en los que se tutela a menores de edad, por considerar que existe \u00abcorrupci\u00f3n de libro\u00bb.<\/p>\n<p class=\"paragraph text-xl pb-7 w-full text-pretty [&amp;_&gt;a]:text-link-normal dark:[&amp;_&gt;a]:text-link-dark [&amp;_&gt;a]:decoration-1 [&amp;_&gt;a:hover]:underline [&amp;_&gt;a:hover]:text-link-hover [&amp;_&gt;a:hover]:decoration-2 [&amp;_b_a]:text-link-normal dark:[&amp;_b_a]:text-link-dark [&amp;_b_a]:decoration-1 [&amp;_b_a:hover]:underline [&amp;_b_a:hover]:text-link-hover desktop:leading-relaxed break-words font-serif\" style=\"border: 0px solid; box-sizing: border-box; --tw-border-spacing-x: 0; --tw-border-spacing-y: 0; --tw-translate-x: 0; --tw-translate-y: 0; --tw-rotate: 0; --tw-skew-x: 0; --tw-skew-y: 0; --tw-scale-x: 1; --tw-scale-y: 1; --tw-scroll-snap-strictness: proximity; --tw-ring-offset-width: 0px; --tw-ring-offset-color: #fff; --tw-ring-color: rgba(59,130,246,.5); --tw-ring-offset-shadow: 0 0 #0000; --tw-ring-shadow: 0 0 #0000; --tw-shadow: 0 0 #0000; --tw-shadow-colored: 0 0 #0000; margin: 0px; width: 606px; text-wrap: pretty; overflow-wrap: break-word; padding-bottom: 1.75rem; font-family: L; font-size: 1.25rem; line-height: 1.625; word-break: break-word;\" data-original-text-size=\"text-xl\">Seg\u00fan la denuncia, la\u00a0<a href=\"https:\/\/www.publico.es\/politica\/andalucia-lleva-tribunales-presunto-amano-gobierno-moreno-pisos-tutelados.html\">Junta de Andaluc\u00eda\u00a0<\/a>habr\u00eda ama\u00f1ado el pliego de prescripciones t\u00e9cnicas del contrato, infl\u00e1ndolo de tal manera que finalmente ha resultado inviable para otras empresas presentar una oferta y optar a la adjudicaci\u00f3n de esos contratos, que son copados por la Asociaci\u00f3n Inserta Andaluc\u00eda.<\/p>\n<p class=\"paragraph text-xl pb-7 w-full text-pretty [&amp;_&gt;a]:text-link-normal dark:[&amp;_&gt;a]:text-link-dark [&amp;_&gt;a]:decoration-1 [&amp;_&gt;a:hover]:underline [&amp;_&gt;a:hover]:text-link-hover [&amp;_&gt;a:hover]:decoration-2 [&amp;_b_a]:text-link-normal dark:[&amp;_b_a]:text-link-dark [&amp;_b_a]:decoration-1 [&amp;_b_a:hover]:underline [&amp;_b_a:hover]:text-link-hover desktop:leading-relaxed break-words font-serif\" style=\"border: 0px solid; box-sizing: border-box; --tw-border-spacing-x: 0; --tw-border-spacing-y: 0; --tw-translate-x: 0; --tw-translate-y: 0; --tw-rotate: 0; --tw-skew-x: 0; --tw-skew-y: 0; --tw-scale-x: 1; --tw-scale-y: 1; --tw-scroll-snap-strictness: proximity; --tw-ring-offset-width: 0px; --tw-ring-offset-color: #fff; --tw-ring-color: rgba(59,130,246,.5); --tw-ring-offset-shadow: 0 0 #0000; --tw-ring-shadow: 0 0 #0000; --tw-shadow: 0 0 #0000; --tw-shadow-colored: 0 0 #0000; margin: 0px; width: 606px; text-wrap: pretty; overflow-wrap: break-word; padding-bottom: 1.75rem; font-family: L; font-size: 1.25rem; line-height: 1.625; word-break: break-word;\" data-original-text-size=\"text-xl\">La denuncia de Por Andaluc\u00eda incluye tambi\u00e9n a la ONG, a la que acusa de inflar el n\u00famero de trabajadores para conseguir m\u00e1s licitaciones. La asociaci\u00f3n ha negado las irregularidades mientras la Junta ha anunciado inspecciones.<\/p>\n<p><a href=\"https:\/\/www.publico.es\/politica\/tribunales\/ong-discrimina-trabajador-trans-copa-ayudas-publicas-atender-colectivo-lgtbiq.html\">https:\/\/www.publico.es\/politica\/tribunales\/ong-discrimina-trabajador-trans-copa-ayudas-publicas-atender-colectivo-lgtbiq.html<\/a><\/p>\n<\/div>\n<\/div>\n<\/div>\n<\/div>\n","protected":false},"excerpt":{"rendered":"<p>Inserta Andaluc\u00eda, denunciada por irregularidades en las adjudicaciones de pisos tutelados, evita un juicio por transfobia al reconocer los hechos y pagar a un hombre trans 17.000 euros, la mayor indemnizaci\u00f3n hasta ahora en Espa\u00f1a por estos hechos.<\/p>\n","protected":false},"author":1,"featured_media":1714,"comment_status":"open","ping_status":"open","sticky":false,"template":"","format":"standard","meta":{"footnotes":""},"categories":[30,15],"tags":[],"class_list":["post-1713","post","type-post","status-publish","format-standard","has-post-thumbnail","hentry","category-en_portada","category-noticias"],"brizy_media":[],"_links":{"self":[{"href":"https:\/\/plataformatrans.es\/index.php\/wp-json\/wp\/v2\/posts\/1713","targetHints":{"allow":["GET"]}}],"collection":[{"href":"https:\/\/plataformatrans.es\/index.php\/wp-json\/wp\/v2\/posts"}],"about":[{"href":"https:\/\/plataformatrans.es\/index.php\/wp-json\/wp\/v2\/types\/post"}],"author":[{"embeddable":true,"href":"https:\/\/plataformatrans.es\/index.php\/wp-json\/wp\/v2\/users\/1"}],"replies":[{"embeddable":true,"href":"https:\/\/plataformatrans.es\/index.php\/wp-json\/wp\/v2\/comments?post=1713"}],"version-history":[{"count":1,"href":"https:\/\/plataformatrans.es\/index.php\/wp-json\/wp\/v2\/posts\/1713\/revisions"}],"predecessor-version":[{"id":1715,"href":"https:\/\/plataformatrans.es\/index.php\/wp-json\/wp\/v2\/posts\/1713\/revisions\/1715"}],"wp:featuredmedia":[{"embeddable":true,"href":"https:\/\/plataformatrans.es\/index.php\/wp-json\/wp\/v2\/media\/1714"}],"wp:attachment":[{"href":"https:\/\/plataformatrans.es\/index.php\/wp-json\/wp\/v2\/media?parent=1713"}],"wp:term":[{"taxonomy":"category","embeddable":true,"href":"https:\/\/plataformatrans.es\/index.php\/wp-json\/wp\/v2\/categories?post=1713"},{"taxonomy":"post_tag","embeddable":true,"href":"https:\/\/plataformatrans.es\/index.php\/wp-json\/wp\/v2\/tags?post=1713"}],"curies":[{"name":"wp","href":"https:\/\/api.w.org\/{rel}","templated":true}]}}