{"id":1698,"date":"2025-02-21T20:26:03","date_gmt":"2025-02-21T18:26:03","guid":{"rendered":"https:\/\/plataformatrans.es\/?p=1698"},"modified":"2025-02-27T14:48:12","modified_gmt":"2025-02-27T12:48:12","slug":"denuncian-la-agresion-grupal-a-una-mujer-transexual-en-situacion-de-prostitucion-en-malaga","status":"publish","type":"post","link":"https:\/\/plataformatrans.es\/index.php\/2025\/02\/21\/denuncian-la-agresion-grupal-a-una-mujer-transexual-en-situacion-de-prostitucion-en-malaga\/","title":{"rendered":"Denuncian la agresi\u00f3n grupal a una mujer transexual en situaci\u00f3n de prostituci\u00f3n en M\u00e1laga"},"content":{"rendered":"<h5 id=\"article-title\" class=\"article-title text-balance desktop:text-pretty leading-tight mb-7 desktop:mb-5 font-serif text-xl8 desktop:text-xxxl\" data-original-text-size=\"text-xl8:text-xxxl\">Denuncian la agresi\u00f3n grupal a una mujer transexual en situaci\u00f3n de prostituci\u00f3n en M\u00e1laga<\/h5>\n<div class=\"text-base desktop:text-xl text-pretty text-neutral-gray-800 dark:text-cold-gray-200 mb-5 desktop:mb-7 [&amp;_ul]:list-disc desktop:[&amp;_ul]:ml-3 [&amp;_li]:marker:text-publico [&amp;_li]:mb-2 [&amp;_a]:text-link-normal dark:[&amp;_a]:text-link-dark [&amp;_a]:underline [&amp;_a:hover]:text-link-hover [&amp;_a:hover]:no-underline [&amp;_a:hover]:dark:text-link-dark-hover\" data-original-text-size=\"text-lg:text-xl\">\n<p>Fue arrastrada desde un veh\u00edculo a gran velocidad durante m\u00e1s de 500 metros.<\/p>\n<\/div>\n<div id=\"main-content\" class=\"desktop:flex desktop:justify-between\">\n<div class=\"desktop:max-w-[670px] desktop:w-full min-h-[1400px]\">\n<div class=\"block--text desktop:flex desktop:mb-7\">\n<div class=\"tablet:hidden\">\n<p><span style=\"font-family: L; font-size: 1.25rem; text-wrap-mode: initial;\">La entidad social Equipo de Atenci\u00f3n a la Mujer (EAM) ha denunciado la agresi\u00f3n grupal a una transexual espa\u00f1ola de 32 a\u00f1os en situaci\u00f3n de prostituci\u00f3n en un pol\u00edgono industrial de M\u00e1laga por cuatro personas y que fue <\/span><b style=\"font-family: L; font-size: 1.25rem; text-wrap-mode: initial;\">arrastrada desde un veh\u00edculo a gran velocidad durante m\u00e1s de 500 metros<\/b><span style=\"font-family: L; font-size: 1.25rem; text-wrap-mode: initial;\">.<\/span><\/p>\n<\/div>\n<div id=\"body-modules\" class=\"body-modules w-full\">\n<div><\/div>\n<p class=\"paragraph text-xl pb-7 w-full text-pretty [&amp;_&gt;a]:text-link-normal dark:[&amp;_&gt;a]:text-link-dark [&amp;_&gt;a]:decoration-1 [&amp;_&gt;a:hover]:underline [&amp;_&gt;a:hover]:text-link-hover [&amp;_&gt;a:hover]:decoration-2 [&amp;_b_a]:text-link-normal dark:[&amp;_b_a]:text-link-dark [&amp;_b_a]:decoration-1 [&amp;_b_a:hover]:underline [&amp;_b_a:hover]:text-link-hover desktop:leading-relaxed break-words font-serif\" style=\"border: 0px solid; box-sizing: border-box; --tw-border-spacing-x: 0; --tw-border-spacing-y: 0; --tw-translate-x: 0; --tw-translate-y: 0; --tw-rotate: 0; --tw-skew-x: 0; --tw-skew-y: 0; --tw-scale-x: 1; --tw-scale-y: 1; --tw-scroll-snap-strictness: proximity; --tw-ring-offset-width: 0px; --tw-ring-offset-color: #fff; --tw-ring-color: rgba(59,130,246,.5); --tw-ring-offset-shadow: 0 0 #0000; --tw-ring-shadow: 0 0 #0000; --tw-shadow: 0 0 #0000; --tw-shadow-colored: 0 0 #0000; margin: 0px; width: 606px; text-wrap: pretty; overflow-wrap: break-word; padding-bottom: 1.75rem; font-family: L; font-size: 1.25rem; line-height: 1.625; word-break: break-word;\" data-original-text-size=\"text-xl\">La jefa de servicio del EAM,\u00a0<b>Arancha M.<\/b>, ha informado a EFE de que la v\u00edctima se recupera tras recibir el alta m\u00e9dica, aunque\u00a0<b>se encuentra muy afectada psicol\u00f3gicamente<\/b>\u00a0y preocupada por las cicatrices que le puedan quedar de las quemaduras de primer grado sufridas.<\/p>\n<div><\/div>\n<p class=\"paragraph text-xl pb-7 w-full text-pretty [&amp;_&gt;a]:text-link-normal dark:[&amp;_&gt;a]:text-link-dark [&amp;_&gt;a]:decoration-1 [&amp;_&gt;a:hover]:underline [&amp;_&gt;a:hover]:text-link-hover [&amp;_&gt;a:hover]:decoration-2 [&amp;_b_a]:text-link-normal dark:[&amp;_b_a]:text-link-dark [&amp;_b_a]:decoration-1 [&amp;_b_a:hover]:underline [&amp;_b_a:hover]:text-link-hover desktop:leading-relaxed break-words font-serif\" style=\"border: 0px solid; box-sizing: border-box; --tw-border-spacing-x: 0; --tw-border-spacing-y: 0; --tw-translate-x: 0; --tw-translate-y: 0; --tw-rotate: 0; --tw-skew-x: 0; --tw-skew-y: 0; --tw-scale-x: 1; --tw-scale-y: 1; --tw-scroll-snap-strictness: proximity; --tw-ring-offset-width: 0px; --tw-ring-offset-color: #fff; --tw-ring-color: rgba(59,130,246,.5); --tw-ring-offset-shadow: 0 0 #0000; --tw-ring-shadow: 0 0 #0000; --tw-shadow: 0 0 #0000; --tw-shadow-colored: 0 0 #0000; margin: 0px; width: 606px; text-wrap: pretty; overflow-wrap: break-word; padding-bottom: 1.75rem; font-family: L; font-size: 1.25rem; line-height: 1.625; word-break: break-word;\" data-original-text-size=\"text-xl\">El colectivo, que asiste a\u00a0<b>v\u00edctimas de violencia de g\u00e9nero y de delitos de odio y trata<\/b>, ha precisado que el suceso ocurri\u00f3 el pasado 14 de febrero en el pol\u00edgono Guadalhorce y que<b>\u00a0el Juzgado de Instrucci\u00f3n n\u00famero 5 de M\u00e1laga tramita la denuncia<\/b>\u00a0de la v\u00edctima y el oficio remitido desde la entidad.<\/p>\n<p data-original-text-size=\"text-xl\"><picture class=\"block relative z-0 cursor-pointer\"><img loading=\"lazy\" decoding=\"async\" title=\"EuropaPress_4806674_manifestantes_marcha_convocada_federacion_plataforma_trans_enmiendas_psoe\" src=\"https:\/\/imagenes.publico.es\/files\/image_horizontal_mobile\/uploads\/2025\/02\/18\/67b4b1eb032d3.jpeg\" alt=\"Manifestantes a favor de los derechos de las personas trans. Archivo.\" width=\"480\" height=\"270\" data-full-src=\"https:\/\/imagenes.publico.es\/uploads\/2025\/02\/18\/67b4b1eb032d3.jpeg\" \/><\/picture><\/p>\n<div class=\"related-intext bg-warm-gray-100 px-5 -mx-5 py-5 mb-10 desktop:bg-lightmode desktop:border-t-2 desktop:border-b-2 desktop:border-warm-gray-300 desktop:dark:border-cold-gray-500 desktop:mx-0 desktop:px-1 desktop:mt-6 desktop:mb-12 dark:bg-cold-gray-700 dark:desktop:bg-darkmode\">\n<div class=\"pb-2 text-xl4 font-serif\">\n<article class=\"flex result-page listing-item\">\n<div class=\"article-details mr-3 desktop:mr-4\">\n<h3 class=\"title mb-2 text-balance desktop:text-pretty leading-tight hover:underline decoration-1 text-lg desktop:text-xl2\"><span style=\"font-family: L; font-size: 1.25rem; text-wrap-mode: initial; font-weight: 400;\">Seg\u00fan el colectivo, <\/span><b style=\"font-family: L; font-size: 1.25rem; text-wrap-mode: initial;\">los cuatro presuntos autores le efectuaron propuestas sexuales en contra de su voluntad<\/b><span style=\"font-family: L; font-size: 1.25rem; text-wrap-mode: initial; font-weight: 400;\">, ante lo que la v\u00edctima les requiri\u00f3 para que depusieran su actitud, pero fue insultada y golpeada y le hicieron tocamientos sin consentimiento.<\/span><\/h3>\n<\/div>\n<\/article>\n<\/div>\n<\/div>\n<p class=\"paragraph text-xl pb-7 w-full text-pretty [&amp;_&gt;a]:text-link-normal dark:[&amp;_&gt;a]:text-link-dark [&amp;_&gt;a]:decoration-1 [&amp;_&gt;a:hover]:underline [&amp;_&gt;a:hover]:text-link-hover [&amp;_&gt;a:hover]:decoration-2 [&amp;_b_a]:text-link-normal dark:[&amp;_b_a]:text-link-dark [&amp;_b_a]:decoration-1 [&amp;_b_a:hover]:underline [&amp;_b_a:hover]:text-link-hover desktop:leading-relaxed break-words font-serif\" style=\"border: 0px solid; box-sizing: border-box; --tw-border-spacing-x: 0; --tw-border-spacing-y: 0; --tw-translate-x: 0; --tw-translate-y: 0; --tw-rotate: 0; --tw-skew-x: 0; --tw-skew-y: 0; --tw-scale-x: 1; --tw-scale-y: 1; --tw-scroll-snap-strictness: proximity; --tw-ring-offset-width: 0px; --tw-ring-offset-color: #fff; --tw-ring-color: rgba(59,130,246,.5); --tw-ring-offset-shadow: 0 0 #0000; --tw-ring-shadow: 0 0 #0000; --tw-shadow: 0 0 #0000; --tw-shadow-colored: 0 0 #0000; margin: 0px; width: 606px; text-wrap: pretty; overflow-wrap: break-word; padding-bottom: 1.75rem; font-family: L; font-size: 1.25rem; line-height: 1.625; word-break: break-word;\" data-original-text-size=\"text-xl\">La v\u00edctima fue\u00a0<b>trasladada de forma urgente a un centro sanitario por un taxista\u00a0<\/b>y el EAM ha trasladado lo ocurrido al Defensor del Pueblo.<\/p>\n<p><a href=\"https:\/\/www.publico.es\/sociedad\/denuncian-agresion-grupal-mujer-transexual-situacion-prostitucion-malaga.html\">https:\/\/www.publico.es\/sociedad\/denuncian-agresion-grupal-mujer-transexual-situacion-prostitucion-malaga.html<\/a><\/p>\n<\/div>\n<\/div>\n<\/div>\n<\/div>\n","protected":false},"excerpt":{"rendered":"<p>Fue arrastrada desde un veh\u00edculo a gran velocidad durante m\u00e1s de 500 metros.<\/p>\n","protected":false},"author":1,"featured_media":1699,"comment_status":"open","ping_status":"open","sticky":false,"template":"","format":"standard","meta":{"footnotes":""},"categories":[30,15],"tags":[],"class_list":["post-1698","post","type-post","status-publish","format-standard","has-post-thumbnail","hentry","category-en_portada","category-noticias"],"brizy_media":[],"_links":{"self":[{"href":"https:\/\/plataformatrans.es\/index.php\/wp-json\/wp\/v2\/posts\/1698","targetHints":{"allow":["GET"]}}],"collection":[{"href":"https:\/\/plataformatrans.es\/index.php\/wp-json\/wp\/v2\/posts"}],"about":[{"href":"https:\/\/plataformatrans.es\/index.php\/wp-json\/wp\/v2\/types\/post"}],"author":[{"embeddable":true,"href":"https:\/\/plataformatrans.es\/index.php\/wp-json\/wp\/v2\/users\/1"}],"replies":[{"embeddable":true,"href":"https:\/\/plataformatrans.es\/index.php\/wp-json\/wp\/v2\/comments?post=1698"}],"version-history":[{"count":1,"href":"https:\/\/plataformatrans.es\/index.php\/wp-json\/wp\/v2\/posts\/1698\/revisions"}],"predecessor-version":[{"id":1700,"href":"https:\/\/plataformatrans.es\/index.php\/wp-json\/wp\/v2\/posts\/1698\/revisions\/1700"}],"wp:featuredmedia":[{"embeddable":true,"href":"https:\/\/plataformatrans.es\/index.php\/wp-json\/wp\/v2\/media\/1699"}],"wp:attachment":[{"href":"https:\/\/plataformatrans.es\/index.php\/wp-json\/wp\/v2\/media?parent=1698"}],"wp:term":[{"taxonomy":"category","embeddable":true,"href":"https:\/\/plataformatrans.es\/index.php\/wp-json\/wp\/v2\/categories?post=1698"},{"taxonomy":"post_tag","embeddable":true,"href":"https:\/\/plataformatrans.es\/index.php\/wp-json\/wp\/v2\/tags?post=1698"}],"curies":[{"name":"wp","href":"https:\/\/api.w.org\/{rel}","templated":true}]}}