{"id":1671,"date":"2025-02-11T23:08:03","date_gmt":"2025-02-11T21:08:03","guid":{"rendered":"https:\/\/plataformatrans.es\/?p=1671"},"modified":"2025-02-21T20:26:56","modified_gmt":"2025-02-21T18:26:56","slug":"la-lucha-trans-en-la-democracia-la-calle-como-escenario-imprescindible-de-resistencia","status":"publish","type":"post","link":"https:\/\/plataformatrans.es\/index.php\/2025\/02\/11\/la-lucha-trans-en-la-democracia-la-calle-como-escenario-imprescindible-de-resistencia\/","title":{"rendered":"La lucha trans en la democracia: la calle como escenario imprescindible de resistencia"},"content":{"rendered":"<header class=\"entry-header\">\n<h5 class=\"entry-title\">La lucha trans en la democracia: la calle como escenario imprescindible de resistencia<\/h5>\n<div class=\"entry-posted\">\n<div class=\"posted-info\"><\/div>\n<\/div>\n<\/header>\n<div class=\"entry-content\">\n<figure class=\"wp-block-gallery has-nested-images columns-default is-cropped wp-block-gallery-1 is-layout-flex wp-block-gallery-is-layout-flex\" data-carousel-extra=\"{&quot;blog_id&quot;:67841565,&quot;permalink&quot;:&quot;https:\\\/\\\/transidentitats.wordpress.com\\\/2025\\\/02\\\/10\\\/la-lucha-trans-en-la-democracia-la-calle-como-escenario-imprescindible-de-resistencia\\\/&quot;}\">\n<figure class=\"wp-block-image size-large\"><a href=\"https:\/\/transidentitats.wordpress.com\/wp-content\/uploads\/2025\/02\/fnwzpj_ci7z42wq2-1024x576-1.jpg\"><img loading=\"lazy\" decoding=\"async\" class=\"wp-image-3820\" src=\"https:\/\/transidentitats.wordpress.com\/wp-content\/uploads\/2025\/02\/fnwzpj_ci7z42wq2-1024x576-1.jpg?w=1024\" sizes=\"auto, (max-width: 1024px) 100vw, 1024px\" srcset=\"https:\/\/transidentitats.wordpress.com\/wp-content\/uploads\/2025\/02\/fnwzpj_ci7z42wq2-1024x576-1.jpg 1024w, https:\/\/transidentitats.wordpress.com\/wp-content\/uploads\/2025\/02\/fnwzpj_ci7z42wq2-1024x576-1.jpg?w=150 150w, https:\/\/transidentitats.wordpress.com\/wp-content\/uploads\/2025\/02\/fnwzpj_ci7z42wq2-1024x576-1.jpg?w=300 300w, https:\/\/transidentitats.wordpress.com\/wp-content\/uploads\/2025\/02\/fnwzpj_ci7z42wq2-1024x576-1.jpg?w=768 768w\" alt=\"\" width=\"1024\" height=\"576\" data-attachment-id=\"3820\" data-permalink=\"https:\/\/transidentitats.wordpress.com\/2025\/02\/10\/la-lucha-trans-en-la-democracia-la-calle-como-escenario-imprescindible-de-resistencia\/fnwzpj_ci7z42wq2-1024x576\/\" data-orig-file=\"https:\/\/transidentitats.wordpress.com\/wp-content\/uploads\/2025\/02\/fnwzpj_ci7z42wq2-1024x576-1.jpg\" data-orig-size=\"1024,576\" data-comments-opened=\"1\" data-image-meta=\"{&quot;aperture&quot;:&quot;0&quot;,&quot;credit&quot;:&quot;&quot;,&quot;camera&quot;:&quot;&quot;,&quot;caption&quot;:&quot;&quot;,&quot;created_timestamp&quot;:&quot;0&quot;,&quot;copyright&quot;:&quot;&quot;,&quot;focal_length&quot;:&quot;0&quot;,&quot;iso&quot;:&quot;0&quot;,&quot;shutter_speed&quot;:&quot;0&quot;,&quot;title&quot;:&quot;&quot;,&quot;orientation&quot;:&quot;0&quot;}\" data-image-title=\"FnWzPJ_CI7z42WQ2-1024\u00d7576\" data-image-description=\"\" data-image-caption=\"\" data-medium-file=\"https:\/\/transidentitats.wordpress.com\/wp-content\/uploads\/2025\/02\/fnwzpj_ci7z42wq2-1024x576-1.jpg?w=300\" data-large-file=\"https:\/\/transidentitats.wordpress.com\/wp-content\/uploads\/2025\/02\/fnwzpj_ci7z42wq2-1024x576-1.jpg?w=1000\" data-id=\"3820\" \/><\/a><\/figure>\n<figure class=\"wp-block-image size-large\"><a href=\"https:\/\/transidentitats.wordpress.com\/wp-content\/uploads\/2025\/02\/registro-ley-trans-febrero-2018-1024x681-2.jpg\"><img loading=\"lazy\" decoding=\"async\" class=\"wp-image-3821\" src=\"https:\/\/transidentitats.wordpress.com\/wp-content\/uploads\/2025\/02\/registro-ley-trans-febrero-2018-1024x681-2.jpg?w=1024\" sizes=\"auto, (max-width: 1024px) 100vw, 1024px\" srcset=\"https:\/\/transidentitats.wordpress.com\/wp-content\/uploads\/2025\/02\/registro-ley-trans-febrero-2018-1024x681-2.jpg 1024w, https:\/\/transidentitats.wordpress.com\/wp-content\/uploads\/2025\/02\/registro-ley-trans-febrero-2018-1024x681-2.jpg?w=150 150w, https:\/\/transidentitats.wordpress.com\/wp-content\/uploads\/2025\/02\/registro-ley-trans-febrero-2018-1024x681-2.jpg?w=300 300w, https:\/\/transidentitats.wordpress.com\/wp-content\/uploads\/2025\/02\/registro-ley-trans-febrero-2018-1024x681-2.jpg?w=768 768w\" alt=\"\" width=\"1024\" height=\"681\" data-attachment-id=\"3821\" data-permalink=\"https:\/\/transidentitats.wordpress.com\/2025\/02\/10\/la-lucha-trans-en-la-democracia-la-calle-como-escenario-imprescindible-de-resistencia\/registro-ley-trans-febrero-2018-1024x681-2\/\" data-orig-file=\"https:\/\/transidentitats.wordpress.com\/wp-content\/uploads\/2025\/02\/registro-ley-trans-febrero-2018-1024x681-2.jpg\" data-orig-size=\"1024,681\" data-comments-opened=\"1\" data-image-meta=\"{&quot;aperture&quot;:&quot;0&quot;,&quot;credit&quot;:&quot;&quot;,&quot;camera&quot;:&quot;&quot;,&quot;caption&quot;:&quot;&quot;,&quot;created_timestamp&quot;:&quot;0&quot;,&quot;copyright&quot;:&quot;&quot;,&quot;focal_length&quot;:&quot;0&quot;,&quot;iso&quot;:&quot;0&quot;,&quot;shutter_speed&quot;:&quot;0&quot;,&quot;title&quot;:&quot;&quot;,&quot;orientation&quot;:&quot;0&quot;}\" data-image-title=\"Registro-Ley-Trans-febrero-2018-1024\u00d7681-2\" data-image-description=\"\" data-image-caption=\"\" data-medium-file=\"https:\/\/transidentitats.wordpress.com\/wp-content\/uploads\/2025\/02\/registro-ley-trans-febrero-2018-1024x681-2.jpg?w=300\" data-large-file=\"https:\/\/transidentitats.wordpress.com\/wp-content\/uploads\/2025\/02\/registro-ley-trans-febrero-2018-1024x681-2.jpg?w=1000\" data-id=\"3821\" \/><\/a><\/figure>\n<\/figure>\n<p>por GINA SERRA<\/p>\n<p>La historia de la lucha por los derechos trans en Espa\u00f1a no se puede entender sin la acci\u00f3n directa en las calles. Desde la dictadura hasta la democracia, el colectivo trans ha sido sistem\u00e1ticamente marginado y criminalizado, forzado a resistir en un entorno hostil. Sin embargo, la organizaci\u00f3n y la protesta han sido claves para los avances logrados, y hoy, en plena alza del fascismo y del discurso de odio,\u00a0<strong>es m\u00e1s necesario que nunca volver a las grandes avenidas de reivindicaci\u00f3n<\/strong>.<\/p>\n<h4 class=\"wp-block-heading\">La Federaci\u00f3n Plataforma Trans: un pilar de la lucha<\/h4>\n<p>Desde su fundaci\u00f3n, la\u00a0<strong>Federaci\u00f3n Plataforma Trans<\/strong>\u00a0ha sido un referente en la defensa de los derechos trans. No solo ha impulsado leyes como la Ley Trans estatal y las auton\u00f3micas, sino que ha mantenido viva la memoria hist\u00f3rica del colectivo y ha denunciado cada intento de retroceso. Sus manifestaciones, su presencia en el activismo y su incidencia pol\u00edtica han marcado un antes y un despu\u00e9s en la lucha trans en Espa\u00f1a.<\/p>\n<p>Sin embargo, los avances conseguidos est\u00e1n ahora en peligro. Las pol\u00edticas ultraconservadoras y el auge de movimientos anti-trans buscan\u00a0<strong>abolir derechos ya conquistados<\/strong>, retrocediendo en el reconocimiento de la autodeterminaci\u00f3n de g\u00e9nero y criminalizando la existencia misma de las personas trans. La invisibilizaci\u00f3n, la negaci\u00f3n de acceso a la sanidad y la persecuci\u00f3n medi\u00e1tica son solo algunas de las herramientas que se est\u00e1n usando para borrar d\u00e9cadas de lucha.<\/p>\n<h4 class=\"wp-block-heading\">Volver a la calle: la necesidad de una respuesta contundente<\/h4>\n<p>La historia nos demuestra que\u00a0<strong>ning\u00fan derecho se ha conseguido sin lucha<\/strong>. La ley, sin movilizaci\u00f3n social, es insuficiente. Es en las calles donde se han arrancado derechos, donde se ha visibilizado la realidad del colectivo trans y donde se ha obligado a las instituciones a responder a nuestras demandas. No podemos permitir que el miedo o el conformismo nos alejen del espacio p\u00fablico, porque\u00a0<strong>las calles han sido y seguir\u00e1n siendo nuestras trincheras de dignidad<\/strong>.<\/p>\n<p>Las grandes manifestaciones de los \u00faltimos a\u00f1os han demostrado que la sociedad est\u00e1 dispuesta a defender los derechos trans. Desde el Orgullo hasta las marchas espec\u00edficas por la Ley Trans, la presencia en las calles ha sido determinante para frenar los discursos de odio. Pero ahora, ante un escenario pol\u00edtico donde se busca restringir y eliminar derechos fundamentales,\u00a0<strong>la movilizaci\u00f3n debe intensificarse<\/strong>. Es hora de recuperar la fuerza de las protestas, de llenar de nuevo las grandes avenidas con nuestra lucha y de recordar que\u00a0<strong>existimos, resistimos y no nos vamos a rendir<\/strong>.<\/p>\n<h4 class=\"wp-block-heading\">Una llamada a la acci\u00f3n<\/h4>\n<p>No podemos quedarnos de brazos cruzados. Es momento de\u00a0<strong>organizarse, de salir, de ocupar los espacios y de demostrar que no daremos un paso atr\u00e1s<\/strong>. Desde la Federaci\u00f3n Plataforma Trans y otras organizaciones aliadas, la lucha sigue viva, pero necesita el apoyo de todas las personas comprometidas con la justicia y los derechos humanos.<\/p>\n<p>La calle nos pertenece. Volvamos a ella con la fuerza de quienes saben que la dignidad no se negocia, que los derechos no se regalan y que la resistencia es la \u00fanica respuesta ante el avance del odio. Porque si quieren borrar nuestros derechos,\u00a0<strong>haremos que nuestras voces sean a\u00fan m\u00e1s fuertes<\/strong>.<\/p>\n<figure class=\"wp-block-post-featured-image\"><img loading=\"lazy\" decoding=\"async\" class=\"attachment-post-thumbnail size-post-thumbnail wp-post-image\" src=\"https:\/\/transidentitats.wordpress.com\/wp-content\/uploads\/2025\/02\/d5d259bd-032c-45fd-99a2-bbe0b381cf5b_16-9-discover-aspect-ratio_default_0-1024x576-1.jpg?w=1000\" sizes=\"auto, (max-width: 1000px) 100vw, 1000px\" srcset=\"https:\/\/transidentitats.wordpress.com\/wp-content\/uploads\/2025\/02\/d5d259bd-032c-45fd-99a2-bbe0b381cf5b_16-9-discover-aspect-ratio_default_0-1024x576-1.jpg?w=1000 1000w, https:\/\/transidentitats.wordpress.com\/wp-content\/uploads\/2025\/02\/d5d259bd-032c-45fd-99a2-bbe0b381cf5b_16-9-discover-aspect-ratio_default_0-1024x576-1.jpg?w=150 150w, https:\/\/transidentitats.wordpress.com\/wp-content\/uploads\/2025\/02\/d5d259bd-032c-45fd-99a2-bbe0b381cf5b_16-9-discover-aspect-ratio_default_0-1024x576-1.jpg?w=300 300w, https:\/\/transidentitats.wordpress.com\/wp-content\/uploads\/2025\/02\/d5d259bd-032c-45fd-99a2-bbe0b381cf5b_16-9-discover-aspect-ratio_default_0-1024x576-1.jpg?w=768 768w, https:\/\/transidentitats.wordpress.com\/wp-content\/uploads\/2025\/02\/d5d259bd-032c-45fd-99a2-bbe0b381cf5b_16-9-discover-aspect-ratio_default_0-1024x576-1.jpg 1024w\" alt=\"\" width=\"1000\" height=\"563\" data-attachment-id=\"3822\" data-permalink=\"https:\/\/transidentitats.wordpress.com\/2025\/02\/10\/la-lucha-trans-en-la-democracia-la-calle-como-escenario-imprescindible-de-resistencia\/d5d259bd-032c-45fd-99a2-bbe0b381cf5b_16-9-discover-aspect-ratio_default_0-1024x576\/\" data-orig-file=\"https:\/\/transidentitats.wordpress.com\/wp-content\/uploads\/2025\/02\/d5d259bd-032c-45fd-99a2-bbe0b381cf5b_16-9-discover-aspect-ratio_default_0-1024x576-1.jpg\" data-orig-size=\"1024,576\" data-comments-opened=\"1\" data-image-meta=\"{&quot;aperture&quot;:&quot;0&quot;,&quot;credit&quot;:&quot;&quot;,&quot;camera&quot;:&quot;&quot;,&quot;caption&quot;:&quot;&quot;,&quot;created_timestamp&quot;:&quot;0&quot;,&quot;copyright&quot;:&quot;&quot;,&quot;focal_length&quot;:&quot;0&quot;,&quot;iso&quot;:&quot;0&quot;,&quot;shutter_speed&quot;:&quot;0&quot;,&quot;title&quot;:&quot;&quot;,&quot;orientation&quot;:&quot;0&quot;}\" data-image-title=\"d5d259bd-032c-45fd-99a2-bbe0b381cf5b_16-9-discover-aspect-ratio_default_0-1024\u00d7576\" data-image-description=\"\" data-image-caption=\"\" data-medium-file=\"https:\/\/transidentitats.wordpress.com\/wp-content\/uploads\/2025\/02\/d5d259bd-032c-45fd-99a2-bbe0b381cf5b_16-9-discover-aspect-ratio_default_0-1024x576-1.jpg?w=300\" data-large-file=\"https:\/\/transidentitats.wordpress.com\/wp-content\/uploads\/2025\/02\/d5d259bd-032c-45fd-99a2-bbe0b381cf5b_16-9-discover-aspect-ratio_default_0-1024x576-1.jpg?w=1000\" \/><\/figure>\n<p><strong>\u00a1Ni un paso atr\u00e1s! La lucha trans sigue y seguir\u00e1 en las calles!<\/strong><\/p>\n<\/div>\n","protected":false},"excerpt":{"rendered":"<p>La historia de la lucha por los derechos trans en Espa\u00f1a no se puede entender sin la acci\u00f3n directa en las calles.<\/p>\n","protected":false},"author":1,"featured_media":1672,"comment_status":"open","ping_status":"open","sticky":false,"template":"","format":"standard","meta":{"footnotes":""},"categories":[16,30],"tags":[],"class_list":["post-1671","post","type-post","status-publish","format-standard","has-post-thumbnail","hentry","category-comunicados-entidades","category-en_portada"],"brizy_media":[],"_links":{"self":[{"href":"https:\/\/plataformatrans.es\/index.php\/wp-json\/wp\/v2\/posts\/1671","targetHints":{"allow":["GET"]}}],"collection":[{"href":"https:\/\/plataformatrans.es\/index.php\/wp-json\/wp\/v2\/posts"}],"about":[{"href":"https:\/\/plataformatrans.es\/index.php\/wp-json\/wp\/v2\/types\/post"}],"author":[{"embeddable":true,"href":"https:\/\/plataformatrans.es\/index.php\/wp-json\/wp\/v2\/users\/1"}],"replies":[{"embeddable":true,"href":"https:\/\/plataformatrans.es\/index.php\/wp-json\/wp\/v2\/comments?post=1671"}],"version-history":[{"count":1,"href":"https:\/\/plataformatrans.es\/index.php\/wp-json\/wp\/v2\/posts\/1671\/revisions"}],"predecessor-version":[{"id":1673,"href":"https:\/\/plataformatrans.es\/index.php\/wp-json\/wp\/v2\/posts\/1671\/revisions\/1673"}],"wp:featuredmedia":[{"embeddable":true,"href":"https:\/\/plataformatrans.es\/index.php\/wp-json\/wp\/v2\/media\/1672"}],"wp:attachment":[{"href":"https:\/\/plataformatrans.es\/index.php\/wp-json\/wp\/v2\/media?parent=1671"}],"wp:term":[{"taxonomy":"category","embeddable":true,"href":"https:\/\/plataformatrans.es\/index.php\/wp-json\/wp\/v2\/categories?post=1671"},{"taxonomy":"post_tag","embeddable":true,"href":"https:\/\/plataformatrans.es\/index.php\/wp-json\/wp\/v2\/tags?post=1671"}],"curies":[{"name":"wp","href":"https:\/\/api.w.org\/{rel}","templated":true}]}}