{"id":1415,"date":"2024-10-17T21:39:50","date_gmt":"2024-10-17T19:39:50","guid":{"rendered":"http:\/\/plataformatrans.es\/?p=1415"},"modified":"2025-01-23T10:30:01","modified_gmt":"2025-01-23T08:30:01","slug":"plataforma-trans-denuncia-en-instituciones-europeas-la-inaccion-del-gobierno-de-espana-ante-el-aumento-de-lgtbifobia","status":"publish","type":"post","link":"https:\/\/plataformatrans.es\/index.php\/2024\/10\/17\/plataforma-trans-denuncia-en-instituciones-europeas-la-inaccion-del-gobierno-de-espana-ante-el-aumento-de-lgtbifobia\/","title":{"rendered":"Plataforma Trans denuncia en instituciones europeas la \u00abinacci\u00f3n\u00bb del Gobierno de Espa\u00f1a \u00abante el aumento de LGTBIfobia\u00bb"},"content":{"rendered":"<h5 class=\"titulo\">Plataforma Trans denuncia en instituciones europeas la \u00abinacci\u00f3n\u00bb del Gobierno de Espa\u00f1a \u00abante el aumento de LGTBIfobia\u00bb<\/h5>\n<p>La Federaci\u00f3n Plataforma Trans ha denunciado en instituciones europeas la \u00abinacci\u00f3n\u00bb del Gobierno de Espa\u00f1a &#8216;ante el aumento de la LGTBIfobia.<\/p>\n<p>Con motivo del Octubre Trans, una delegaci\u00f3n de quince activistas de la Federaci\u00f3n Plataforma Trans de diferentes territorios de Espa\u00f1a, por invitaci\u00f3n de Podemos, se han trasladado a Bruselas, donde han mantenido diferentes encuentros &#8216;para exponer el grave aumento de delitos de odio por LGTBIfobia, destacando que las que m\u00e1s violencia sufren son las personas trans\u00f3. Adem\u00e1s, han denunciado la \u00abinacci\u00f3n&#8217; del Gobierno, as\u00ed como de la Fiscal\u00eda de Sala contra la Discriminaci\u00f3n y Delitos de Odio.<\/p>\n<blockquote class=\"twitter-tweet\">\n<p dir=\"ltr\" lang=\"es\">\ud83c\uddea\ud83c\uddfa En el marco del <a href=\"https:\/\/twitter.com\/hashtag\/OctubreTrans?src=hash&amp;ref_src=twsrc%5Etfw\">#OctubreTrans<\/a> la <a href=\"https:\/\/twitter.com\/PlataformaTrans?ref_src=twsrc%5Etfw\">@PlataformaTrans<\/a> con la invitaci\u00f3n de <a href=\"https:\/\/twitter.com\/IreneMontero?ref_src=twsrc%5Etfw\">@IreneMontero<\/a> de <a href=\"https:\/\/twitter.com\/EuroPodemos?ref_src=twsrc%5Etfw\">@EuroPodemos<\/a>, hemos mantenido una agenda pol\u00edtica en Bruselas para denunciar desde la agencia del sujeto pol\u00edtico, el gran auge de los delitos y discursos de odio hacia las personas\u2026 <a href=\"https:\/\/t.co\/HEQ4LI6Rua\">pic.twitter.com\/HEQ4LI6Rua<\/a><\/p>\n<p>\u2014 \ud83d\udd3bMar Cambroll\u00e9 \ud83c\udff3\ufe0f\u200d\u26a7\ufe0f Hay Ley Trans (@CambrolleMar) <a href=\"https:\/\/twitter.com\/CambrolleMar\/status\/1846838730251702373?ref_src=twsrc%5Etfw\">October 17, 2024<\/a><\/p><\/blockquote>\n<p><script async src=\"https:\/\/platform.twitter.com\/widgets.js\" charset=\"utf-8\"><\/script><\/p>\n<p>En este sentido, la plataforma ha se\u00f1alado que, seg\u00fan informes del Ministerio de Inclusi\u00f3n, Seguridad Social y Migraciones, en los \u00faltimos cinco a\u00f1os, han tenido lugar 57.000 denuncias de personas LGTBI por delito de odio, de las que han apuntado que solo se han dictado 29 sentencias condenatorias.<\/p>\n<p>\u00abLa falta de sentencias condenatorias por delito de odio, la impunidad con la que circulan los discursos de odio en redes sociales, as\u00ed como, el escaso n\u00famero de personas que se atreven a denunciar, nos habla de la poca confianza de las personas LGTBI en la justicia&#8217;, ha recalcado.<br \/>\nIgualmente, ha expuesto que esta situaci\u00f3n se la han trasladado al Grupo de la Izquierda Europea (The Left), as\u00ed como a la presidenta del Intergrupo LGTBI del Parlamento Europeo, Kim Van Sparrentak, y a representantes de ILGA-Europe.<\/p>\n<p>Tambi\u00e9n ha explicado que han mantenido un encuentro con integrantes de la Comisi\u00f3n de Justicia de la Comisi\u00f3n Europea responsables del seguimiento de la Estrategia de Igualdad LGTBIQ 2020-2025.<\/p>\n<p>Asimismo, ha avanzado que, en los pr\u00f3ximos d\u00edas, enviar\u00e1 una carta a la presidenta de la Comisi\u00f3n Europea, Ursula Von Der Leyen, \u00abpara que exprese su compromiso con los derechos trans en Europa&#8217;.<\/p>\n<div style=\"width: 544px;\" class=\"wp-video\"><video class=\"wp-video-shortcode\" id=\"video-1415-1\" width=\"544\" height=\"960\" preload=\"metadata\" controls=\"controls\"><source type=\"video\/mp4\" src=\"http:\/\/plataformatrans.es\/wp-content\/uploads\/2024\/10\/Video-de-WhatsApp-2024-10-17-a-las-16.52.07_0e6b809e.mp4?_=1\" \/><a href=\"http:\/\/plataformatrans.es\/wp-content\/uploads\/2024\/10\/Video-de-WhatsApp-2024-10-17-a-las-16.52.07_0e6b809e.mp4\">http:\/\/plataformatrans.es\/wp-content\/uploads\/2024\/10\/Video-de-WhatsApp-2024-10-17-a-las-16.52.07_0e6b809e.mp4<\/a><\/video><\/div>\n<p><a href=\"https:\/\/www.europapress.es\/sociedad\/noticia-plataforma-trans-denuncia-instituciones-europeas-inaccion-gobierno-espana-aumento-lgtbifobia-20241017165737.html\">https:\/\/www.europapress.es\/sociedad\/noticia-plataforma-trans-denuncia-instituciones-europeas-inaccion-gobierno-espana-aumento-lgtbifobia-20241017165737.html<\/a><\/p>\n","protected":false},"excerpt":{"rendered":"<p>La Federaci\u00f3n Plataforma Trans ha denunciado en instituciones europeas la \u00abinacci\u00f3n\u00bb del Gobierno de Espa\u00f1a &#8216;ante el aumento de la LGTBIfobia.<\/p>\n","protected":false},"author":1,"featured_media":1417,"comment_status":"open","ping_status":"open","sticky":false,"template":"","format":"standard","meta":{"footnotes":""},"categories":[30,15],"tags":[],"class_list":["post-1415","post","type-post","status-publish","format-standard","has-post-thumbnail","hentry","category-en_portada","category-noticias"],"brizy_media":[],"_links":{"self":[{"href":"https:\/\/plataformatrans.es\/index.php\/wp-json\/wp\/v2\/posts\/1415","targetHints":{"allow":["GET"]}}],"collection":[{"href":"https:\/\/plataformatrans.es\/index.php\/wp-json\/wp\/v2\/posts"}],"about":[{"href":"https:\/\/plataformatrans.es\/index.php\/wp-json\/wp\/v2\/types\/post"}],"author":[{"embeddable":true,"href":"https:\/\/plataformatrans.es\/index.php\/wp-json\/wp\/v2\/users\/1"}],"replies":[{"embeddable":true,"href":"https:\/\/plataformatrans.es\/index.php\/wp-json\/wp\/v2\/comments?post=1415"}],"version-history":[{"count":1,"href":"https:\/\/plataformatrans.es\/index.php\/wp-json\/wp\/v2\/posts\/1415\/revisions"}],"predecessor-version":[{"id":1418,"href":"https:\/\/plataformatrans.es\/index.php\/wp-json\/wp\/v2\/posts\/1415\/revisions\/1418"}],"wp:featuredmedia":[{"embeddable":true,"href":"https:\/\/plataformatrans.es\/index.php\/wp-json\/wp\/v2\/media\/1417"}],"wp:attachment":[{"href":"https:\/\/plataformatrans.es\/index.php\/wp-json\/wp\/v2\/media?parent=1415"}],"wp:term":[{"taxonomy":"category","embeddable":true,"href":"https:\/\/plataformatrans.es\/index.php\/wp-json\/wp\/v2\/categories?post=1415"},{"taxonomy":"post_tag","embeddable":true,"href":"https:\/\/plataformatrans.es\/index.php\/wp-json\/wp\/v2\/tags?post=1415"}],"curies":[{"name":"wp","href":"https:\/\/api.w.org\/{rel}","templated":true}]}}