{"id":1394,"date":"2024-09-23T22:44:28","date_gmt":"2024-09-23T20:44:28","guid":{"rendered":"https:\/\/plataformatrans.es\/?p=1394"},"modified":"2024-10-22T22:13:33","modified_gmt":"2024-10-22T20:13:33","slug":"ley-de-memoria-trans-que-propone-a-quien-se-dirige-y-por-que-ahora","status":"publish","type":"post","link":"https:\/\/plataformatrans.es\/index.php\/2024\/09\/23\/ley-de-memoria-trans-que-propone-a-quien-se-dirige-y-por-que-ahora\/","title":{"rendered":"Ley de memoria trans: qu\u00e9 propone, a qui\u00e9n se dirige y por qu\u00e9 ahora"},"content":{"rendered":"<section class=\"cabecera\">\n<div class=\"container\">\n<div class=\"row\">\n<div id=\"compartirPrincipal\" class=\"col-md-10\">\n<h1><span class=\"titulo\">Ley de memoria trans: qu\u00e9 propone, a qui\u00e9n se dirige y por qu\u00e9 ahora<\/span><\/h1>\n<div class=\"entradilla\">Una pensi\u00f3n para las v\u00edctimas LGBTI de la Ley de Peligrosidad Social, una petici\u00f3n de perd\u00f3n por parte del Estado y presupuesto para un archivo documental son los pilares del texto. Lo explica Mar Cambroll\u00e9, presidenta de Plataforma Trans, que cree que la medida urge: \u201cCada vez quedan menos vivas\u201d.<\/div>\n<div class=\"compartir\">\n<div class=\"link-rs\">\n<div><\/div>\n<\/div>\n<\/div>\n<\/div>\n<div class=\"col-md-1\"><\/div>\n<\/div>\n<div class=\"row\">\n<div class=\"col-md-12\">\n<figure class=\"figure\">\n<div class=\"responsively-lazy \" data-proporcion=\"63.5\"><img decoding=\"async\" class=\"card-img-top figure-img\" src=\"https:\/\/www.elsaltodiario.com\/uploads\/fotos\/r2000\/9081b6b6\/MHAR-sevilla-1978.jpg?v=63852261262\" srcset=\"\/uploads\/fotos\/r1000\/9081b6b6\/MHAR-sevilla-1978.jpg?v=63852261262\" alt=\"MHAR Sevilla 1978\" data-srcset=\"\n\/uploads\/fotos\/r200\/9081b6b6\/MHAR-sevilla-1978.jpg?v=63852261262 200w, \n\/uploads\/fotos\/r400\/9081b6b6\/MHAR-sevilla-1978.jpg?v=63852261262 400w, \n\/uploads\/fotos\/r600\/9081b6b6\/MHAR-sevilla-1978.jpg?v=63852261262 600w, \n\/uploads\/fotos\/r800\/9081b6b6\/MHAR-sevilla-1978.jpg?v=63852261262 800w, \n\/uploads\/fotos\/r1000\/9081b6b6\/MHAR-sevilla-1978.jpg?v=63852261262 1000w,\n\/uploads\/fotos\/r1500\/9081b6b6\/MHAR-sevilla-1978.jpg?v=63852261262 1500w,\n\/uploads\/fotos\/r2000\/9081b6b6\/MHAR-sevilla-1978.jpg?v=63852261262 2000w\" \/><\/div><figcaption class=\"figure-caption\">\n<div class=\"row justify-content-end d-flex\">\n<div class=\"pie\">Manifestaci\u00f3n en 1978 en Sevilla, tras el mitin convocado por el Movimiento Homosexual de Acci\u00f3n Revolucionaria contra le Ley de Peligrosidad Social.<\/div>\n<\/div>\n<\/figcaption><\/figure>\n<\/div>\n<\/div>\n<\/div>\n<\/section>\n<section id=\"articulo-textos\" class=\"contenido articulo-textos\">\n<div class=\"container\">\n<div class=\"row\">\n<div class=\"col-contenido med\">\n<div class=\"container\">\n<div class=\"row\">\n<div class=\"col-md-3\">\n<div class=\"semi-fijo normal\">\n<div class=\"autores\">\n<div class=\"autor\"><a title=\"Ver a: Patricia Reguero R\u00edos\" href=\"https:\/\/www.elsaltodiario.com\/autor\/patricia-reguero\">Por Patricia Reguero R\u00edos \/\u00a0<\/a><a href=\"https:\/\/twitter.com\/des_bordes?lang=es\">@Des_bordes<\/a><\/div>\n<div class=\"descripcion\"><\/div>\n<div class=\"fecha_publi\">\n<div class=\"fecha\">Detenciones arbitrarias que pod\u00edan terminar en penas de prisi\u00f3n sin garant\u00edas ni un juicio. Eso es lo que permit\u00eda <a href=\"https:\/\/www.elsaltodiario.com\/memoria-historica\/triangulos-rosas-espanoles-homofobia-transfobia-durante-franquismo\" target=\"_blank\" rel=\"noopener\">Ley sobre peligrosidad y rehabilitaci\u00f3n social<\/a>, que en 1970 relev\u00f3 a la Ley de vagos y maleantes. Esta ley castigaba cualquier conducta que considerara peligrosa, entre ellas las \u201cpr\u00e1cticas homosexuales\u201d y describ\u00eda la transexualidad como una situaci\u00f3n de \u201chomosexualidad extrema\u201d. La receta del franquismo era c\u00e1rcel, marginaci\u00f3n y reeducaci\u00f3n.<\/div>\n<\/div>\n<\/div>\n<\/div>\n<\/div>\n<div class=\"col-md-9\">\n<div class=\"contenido\">\n<p>La Federaci\u00f3n Plataforma Trans propone compensar a las personas que sufrieron esos castigos y a quienes estas condiciones \u201cimpidieron tener las mismas oportunidades que el resto de la ciudadan\u00eda, aboc\u00e1ndolas a los m\u00e1rgenes sociales y a la exclusi\u00f3n social, y teniendo un gran impacto en su salud f\u00edsica y ps\u00edquica\u201d mediante una Ley de memoria y justicia para la reparaci\u00f3n de las personas trans y LGTBI por motivos de identidad y\/o expresi\u00f3n de G\u00e9nero u orientaci\u00f3n sexual.<\/p>\n<p>\u201cHoy en el ocaso de sus vidas, de nuevo le golpea la precariedad extrema derivada de un r\u00e9gimen dictatorial que fue inmisericorde y del olvido de la democracia\u201d, dice el borrador que fue entregado a diferentes grupos del Congreso el 6 de septiembre, y que algunos grupos ya pudieron conocer en una reuni\u00f3n mantenida en febrero.<\/p>\n<p>\u201cEn 2018, y tambi\u00e9n despu\u00e9s cuando se trabaja la propuesta de una ley trans con el Ministerio de Igualdad, ya plante\u00e1bamos en el articulado medidas relacionadas con la memoria pero, como muchas otras cosas, estas medidas se quedaron fuera\u201d, dice Mar Cambroll\u00e9, presidenta de la Plataforma Trans.<\/p>\n<p>Seg\u00fan Cambroll\u00e9, aunque la Ley de Memoria Hist\u00f3rica permiti\u00f3 indemnizar a algunas personas del colectivo con una medida que ya lleg\u00f3 a su fin y alcanz\u00f3 a poco m\u00e1s de un centenar de personas,\u00a0ni las leyes auton\u00f3micas sobre derechos LGTB, ni la ley trans,\u00a0<a href=\"https:\/\/www.elsaltodiario.com\/ley-trans\/aprueba-congreso-abstencion-carmen-calvo\" target=\"_blank\" rel=\"noopener\">aprobada finalmente en diciembre de 2022<\/a>, contemplan la reparaci\u00f3n de las personas LGTB y trans que fueron duramente perseguidas en la dictadura, que puso en marcha herramientas como los m\u00f3dulos para la \u201crehabilitaci\u00f3n\u201d sexual de los represaliados, con c\u00e1rceles espec\u00edficas donde fueron encarceladas centenares de personas en condiciones de hambre, trabajo esclavo y tortura.\u00a0\u201cLa ley trans sent\u00f3 las bases y es una deuda hist\u00f3rica que el estado no ha afrontado; m\u00e1s all\u00e1 del reconocimiento de\u00a0 identidad, toda memoria y reparaci\u00f3n porque cada d\u00eda quedan menos vivas\u201d, justifica.<\/p>\n<figure class=\"figure real\">\n<div class=\"responsively-lazy \" data-proporcion=\"56.49999999999999\"><\/div><figcaption class=\"figure-caption\">\n<div class=\"row justify-content-end d-flex\">\n<div class=\"pie\"><img loading=\"lazy\" decoding=\"async\" class=\"alignleft size-full wp-image-1396\" src=\"http:\/\/plataformatrans.es\/wp-content\/uploads\/2024\/09\/photo_2024-09-12_10-45-44.jpg\" alt=\"\" width=\"600\" height=\"338\" srcset=\"https:\/\/plataformatrans.es\/wp-content\/uploads\/2024\/09\/photo_2024-09-12_10-45-44.jpg 600w, https:\/\/plataformatrans.es\/wp-content\/uploads\/2024\/09\/photo_2024-09-12_10-45-44-300x169.jpg 300w\" sizes=\"auto, (max-width: 600px) 100vw, 600px\" \/><em>Mar Cambroll\u00e9, en el centre, junto a representantes de PSOE, Sumar, Podemos, ERC, EH Bildu, JuntsxXCat.<\/em><\/div>\n<\/div>\n<\/figcaption><\/figure>\n<h2>Los pilares de la propuesta: pensi\u00f3n, perd\u00f3n y archivo<\/h2>\n<p>La creaci\u00f3n de una pensi\u00f3n de id\u00e9ntica cuant\u00eda a la de la Seguridad Social para pensionistas mayores de 65 a\u00f1os sin cargas familiares y que hayan sufrido represi\u00f3n a trav\u00e9s de la Ley de peligrosidad social es el n\u00facleo del proyecto. Seg\u00fan el texto del borrador, las cifras de personas condenadas est\u00e1 en torno a las 5.000, la mayor parte de ellas personas trans y a hombres homosexuales \u201cya que la posici\u00f3n ideol\u00f3gica del r\u00e9gimen no conceb\u00eda el lesbianismo\u201d.<\/p>\n<p>\u201cQue quede claro, porque ha habido mucha manipulaci\u00f3n: se trata de pensi\u00f3n para aquellas mayores personas mayores de 65 a\u00f1os que hayan vivido la dictadura y el posfranquismo, para que tengan una paga cuya base de cotizaci\u00f3n sea similar a la del Salario M\u00ednimo Interprofesional\u201d, explica la activista. Adem\u00e1s de esta pensi\u00f3n, Cambroll\u00e9 explica que se a\u00f1adir\u00e1n medidas habitaciones y de atenci\u00f3n a la dependencia, como acceso a una vivienda o a una residencia.<\/p>\n<p>En segundo lugar, la Ley de memoria trans quiere que el Estado pida perd\u00f3n de forma p\u00fablica por la violencia ejercida sobre la poblaci\u00f3n LGTBI. Cambroll\u00e9 recuerda que esa violencia no termin\u00f3 en 1978, cuando qued\u00f3 derogado el 26 de diciembre \u2014fecha hist\u00f3rica para el colectivo\u2014 el art\u00edculo que penalizaba las \u201cpr\u00e1cticas homosexuales\u201d. Cambroll\u00e9 se\u00f1ala c\u00f3mo el Estado utiliz\u00f3 otra herramienta,\u00a0 la Ley de esc\u00e1ndalo p\u00fablico, para perseguir al colectivo en una situaci\u00f3n de discriminaci\u00f3n que continu\u00f3 mucho despu\u00e9s de la Transici\u00f3n.<\/p>\n<p>As\u00ed, hasta 1983 no se despenalizaron las cirug\u00edas de reconstrucci\u00f3n genital, entonces llamadas \u201ccambio de sexo\u201d y habr\u00eda que esperar a 2001 para ver como se autorizaba el primer matrimonio entre una mujer trans con un hombre, por ejemplo. En 2007 se aprueba la ley reguladora de la rectificaci\u00f3n registral de la menci\u00f3n relativa al sexo de las personas, una ley entonces pionera que supuso un cambio de paradigma para las personas trans y que, sin embargo, condicionaba el cambio a un tratamiento hormonal de dos a\u00f1os.<\/p>\n<p>En tercer lugar, y aunque no aparece en el borrador inicial, la ley contemplar\u00eda la preservaci\u00f3n y digitalizaci\u00f3n de un Archivo Documental de la Memoria Hist\u00f3rica LGTBI, con su correspondiente partida presupuestaria. \u201cEse archivo tiene que estar ah\u00ed para la consulta de estudiantes, de historiadores, de periodistas porque forma parte de nuestro patrimonio cultural\u201d, dice la presidenta de la plataforma que aglutina a colectivos de personas trans.<\/p>\n<h2>El momento es ahora<\/h2>\n<p>Sobre la ley trans que tanto cost\u00f3 sacar adelante, Cambroll\u00e9 pide que no se quede \u201cen un brindis al sol\u201d. Porque la ley incluye medidas en diferentes \u00e1mbitos, pero ahora es necesario materializarlas con iniciativas concretas, dice.<\/p>\n<p>Lo que proponen con la nueva iniciativa es \u201cir \u201cm\u00e1s all\u00e1 del reconocimiento de la identidad\u201d, como ya han hecho Colombia, Uruguay,\u00a0 M\u00e9xico y Argentina, en cuyas leyes se han inspirado para el borrador. \u201cEn Am\u00e9rica Latina ya hay un camino andado y Espa\u00f1a podr\u00eda ser un pa\u00eds pionero de nuevo\u201d, dice Cambroll\u00e9, que subraya que en Argentina se ha declarado\u00a0<a href=\"https:\/\/www.elsaltodiario.com\/libertades\/nunca-del-colectivo-trans-argentina\" target=\"_blank\" rel=\"noopener\">crimen de lesa humanidad<\/a> la persecuci\u00f3n, encarcelamiento y vulneraci\u00f3n de derechos fundamentales a las personas trans.<\/p>\n<p>El colectivo busca ahora apoyos en el Congreso, mientras tienen previsto tambi\u00e9n presentar el texto a las centrales sindicales, en un proceso abierto a aportaciones al texto. \u201cEsta herida no se cierra mirando hacia otro lado, sino que se cierra con generosidad, justicia social y reconocimiento de que esto ha pasado\u201d.<\/p>\n<p>\u201cLas asociaciones memorialistas han hecho un gran trabajo para poder eliminar de nuestras calles s\u00edmbolos que tienen que ver con el dictador, ha habido presupuesto para poder abrir esas fosas comunes\u2026 Yo creo que tambi\u00e9n merece la pena reconocer la dignidad de estas personas que tambi\u00e9n han sido v\u00edctimas y que a\u00fan est\u00e1n vivas\u201d, explica a El Salto la activista.<\/p>\n<p><a href=\"https:\/\/www.elsaltodiario.com\/lgtbiq\/ley-memoria-trans-mar-cambrolle-plataforma-trans\">https:\/\/www.elsaltodiario.com\/lgtbiq\/ley-memoria-trans-mar-cambrolle-plataforma-trans<\/a><\/p>\n<\/div>\n<\/div>\n<\/div>\n<\/div>\n<\/div>\n<\/div>\n<\/div>\n<\/section>\n","protected":false},"excerpt":{"rendered":"<p>Una pensi\u00f3n para las v\u00edctimas LGBTI de la Ley de Peligrosidad Social, una petici\u00f3n de perd\u00f3n por parte del Estado y presupuesto para un archivo documental son los pilares del texto. Lo explica Mar Cambroll\u00e9, presidenta de Plataforma Trans, que cree que la medida urge: \u201cCada vez quedan menos vivas\u201d.<\/p>\n","protected":false},"author":1,"featured_media":1395,"comment_status":"open","ping_status":"open","sticky":false,"template":"","format":"standard","meta":{"footnotes":""},"categories":[30,15],"tags":[],"class_list":["post-1394","post","type-post","status-publish","format-standard","has-post-thumbnail","hentry","category-en_portada","category-noticias"],"brizy_media":[],"_links":{"self":[{"href":"https:\/\/plataformatrans.es\/index.php\/wp-json\/wp\/v2\/posts\/1394","targetHints":{"allow":["GET"]}}],"collection":[{"href":"https:\/\/plataformatrans.es\/index.php\/wp-json\/wp\/v2\/posts"}],"about":[{"href":"https:\/\/plataformatrans.es\/index.php\/wp-json\/wp\/v2\/types\/post"}],"author":[{"embeddable":true,"href":"https:\/\/plataformatrans.es\/index.php\/wp-json\/wp\/v2\/users\/1"}],"replies":[{"embeddable":true,"href":"https:\/\/plataformatrans.es\/index.php\/wp-json\/wp\/v2\/comments?post=1394"}],"version-history":[{"count":1,"href":"https:\/\/plataformatrans.es\/index.php\/wp-json\/wp\/v2\/posts\/1394\/revisions"}],"predecessor-version":[{"id":1397,"href":"https:\/\/plataformatrans.es\/index.php\/wp-json\/wp\/v2\/posts\/1394\/revisions\/1397"}],"wp:featuredmedia":[{"embeddable":true,"href":"https:\/\/plataformatrans.es\/index.php\/wp-json\/wp\/v2\/media\/1395"}],"wp:attachment":[{"href":"https:\/\/plataformatrans.es\/index.php\/wp-json\/wp\/v2\/media?parent=1394"}],"wp:term":[{"taxonomy":"category","embeddable":true,"href":"https:\/\/plataformatrans.es\/index.php\/wp-json\/wp\/v2\/categories?post=1394"},{"taxonomy":"post_tag","embeddable":true,"href":"https:\/\/plataformatrans.es\/index.php\/wp-json\/wp\/v2\/tags?post=1394"}],"curies":[{"name":"wp","href":"https:\/\/api.w.org\/{rel}","templated":true}]}}