{"id":1386,"date":"2024-09-12T21:14:22","date_gmt":"2024-09-12T19:14:22","guid":{"rendered":"http:\/\/plataformatrans.es\/?p=1386"},"modified":"2024-10-22T22:13:21","modified_gmt":"2024-10-22T20:13:21","slug":"una-reparacion-a-las-personas-trans","status":"publish","type":"post","link":"https:\/\/plataformatrans.es\/index.php\/2024\/09\/12\/una-reparacion-a-las-personas-trans\/","title":{"rendered":"Una reparaci\u00f3n a las personas trans"},"content":{"rendered":"<div class=\"c-detail-header c-detail-header-no-media\">\n<h5 class=\"c-detail__title\">Una reparaci\u00f3n a las personas trans<\/h5>\n<h5 class=\"c-detail__subtitle\">Vejadas, maltratadas, humilladas y expulsadas del sistema, las personas trans que padecieron el Franquismo y sus consecuencias plantean una reparaci\u00f3n.<\/h5>\n<div class=\"c-detail__info\">\n<div class=\"c-detail__signature\">\n<div class=\"c-detail__author\">\n<div class=\"c-detail__author__thumb\"><\/div>\n<div class=\"c-detail__author__info\">\n<div class=\"c-detail__author__names-share\">\n<div class=\"c-detail__author-names\">\n<div id=\"m45700-45699-45701\" class=\"c-detail__author-name \"><a id=\"m45744-45743-45745\" href=\"https:\/\/www.huffingtonpost.es\/author\/jose-manuel-sanchez\">Jose Manuel S\u00e1nchez<\/a><\/div>\n<div><\/div>\n<div class=\"c-detail__author-name \">Durante el franquismo, en Espa\u00f1a, las personas trans y otras identidades disidentes fueron duramente reprimidas y sometidas a invisibilizaci\u00f3n. Enfrentadas a torturas, palizas, humillaciones y un gran rechazo social, el r\u00e9gimen no solo criminalizaba la homosexualidad bajo leyes como la de Vagos y Maleantes y la Ley de Peligrosidad Social, sino que tambi\u00e9n negaba la existencia de la transexualidad, trat\u00e1ndola de manera err\u00f3nea y despectiva considerando que eran meros hombres que se disfrazaban de mujeres por diversi\u00f3n. Consideradas \u00abpeligrosas\u00bb, las mujeres trans vivieron reprimidas bajo leyes que no fueron derogadas hasta 1996, casi veinte a\u00f1os despu\u00e9s de que se celebraran las primeras elecciones democr\u00e1ticas tras la dictadura.<\/div>\n<\/div>\n<\/div>\n<\/div>\n<\/div>\n<\/div>\n<\/div>\n<\/div>\n<div class=\"c-detail-content-container\">\n<div class=\"u-grid u-grid-detail\">\n<div class=\"c-detail-content\">\n<div class=\"c-detail__body\">\n<p>La falta de comprensi\u00f3n sobre la identidad trans exacerbaba m\u00e1s si cabe el sufrimiento que sufr\u00edan ya que estas personas no solo eran vistas como homosexuales, sino que tambi\u00e9n se malinterpretaba su identidad de g\u00e9nero.<\/p>\n<p>La sociedad de la \u00e9poca, influenciada por los r\u00edgidos valores del r\u00e9gimen, provocaba que estas personas se vieran obligadas a dejar a su familia, ver como se quedaban sin la posibilidad de acceder a un trabajo, formar una familia, alquilar una familia o incluso no poder hacer uso de la sanidad p\u00fablica con plenas garant\u00edas.<\/p>\n<p>Un dolor para el que la Plataforma Trans pide reparaci\u00f3n para que se mantenga\u00a0viva la memoria hist\u00f3rica de la represi\u00f3n sufrida por las personas trans durante el franquismo. \u00abLa democracia a\u00fan tiene una deuda con las personas trans y disidentes del g\u00e9nero que durante el Franquismo estuvieron perseguidas, castigadas y metidas en cinco c\u00e1rceles y un campo de concentraci\u00f3n. Despu\u00e9s se vivi\u00f3 un periodo durante el postfranquismo de psiquiatrizaci\u00f3n forzosa\u00bb, explica la presidenta de la plataforma, Mar Cambroll\u00e9.<\/p>\n<p>\u00abA las personas trans nos quitaron la voz de nuestras familias, negaron posibilidad de trabajar, estudiar, nos dio la espalda hasta la sanidad p\u00fablica\u00bb, denuncia. Por ello, han presentado en el Congreso de los Diputados su propuesta para una Ley de Memoria Trans, que contempla una pensi\u00f3n de \u00abid\u00e9ntica cuant\u00eda\u00bb a la de la Seguridad Social para pensionistas mayores de 65 a\u00f1os sin cargas familiares. Una iniciativa colectiva, explican,\u00a0 \u00abde todo el espectro de los partidos que defienden el avance en derechos de la poblaci\u00f3n Trans y LGTBIQ, donde el \u00fanico empe\u00f1o, sea la justicia social e hist\u00f3rica\u00bb.<\/p>\n<p>\u00abLas asociaciones memorialistas han hecho un trabajo excelente eliminando las referencias al dictador y con la ley dar un destino dignos a los huesos de las v\u00edctimas. Hay gente viva que necesita dignidad y que los \u00faltimos d\u00edas que les quede de vida lo vivan de una manera digna para poder pagar un plato de comida, facturas, un techo o incluso comprarse una cada tres vez meses unas zapatillas despu\u00e9s de una vida viviendo en la miseria\u00bb, expone.<\/p>\n<p>\u00abEn 2008, Zapatero dio una partida simb\u00f3lica a aquellos a los que se les aplic\u00f3 la ley de peligrosidad social de cinco millones y solo se gastaron 1.600.000 euros. Sobraron tres millones porque esas malas condiciones de vida hicieron que muchas personas murieran bien por VIH, por drogas o por secuelas tras a\u00f1os de represi\u00f3n\u00bb, explica.<\/p>\n<p>\u00abHan sido pocos los medios progresistas que le han dado voz y se han interesado\u00bb, se queja. \u00abTodos los medios de la derecha y la ultraderecha s\u00ed han hablado de esto. Pero claro, hablan de la paguita, sin contar que hemos sido apalizadas, maltratadas y negadas\u00bb, a\u00f1ade.<\/p>\n<p>\u00abEn Europa hemos podido ser los pioneros, pero ahora nos adelanta Urugay, M\u00e9xico, Colombia y Argentina. Precisamente este \u00faltimo ha declarado en una sentencia hist\u00f3rica que es un crimen de lesa humanidad lo que vivieron las personas trans y disidentes de genero\u00bb, explica.<\/p>\n<p>La Plataforma Trans se reuni\u00f3 con algunos de los grupos parlamentarios del<\/p>\n<p>Congreso el pasado 21 de febrero. En el encuentro, asegura que se abord\u00f3 la<\/p>\n<p>\u00abnecesidad hist\u00f3rica\u00bb de una Ley de Memoria Trans, \u00abque viniese a reconocer y<\/p>\n<p>reparar la violencia sufrida por las personas trans y disidentes del g\u00e9nero, por la<\/p>\n<p>dictadura y el post franquismo\u00bb, propuesta que a\u00f1ade que tuvo una \u00abacogida<\/p>\n<p>favorable\u00bb.<\/p>\n<p>Finalmente, explica que prev\u00e9 enviar el texto propuesto para una Ley de Memoria<\/p>\n<p>Trans a las centrales sindicales y asociaciones memorialistas, \u00abpara que hagan<\/p>\n<p>aportaciones y apoyen la incitativa legislativa\u00bb.<\/p>\n<\/div>\n<div class=\"article-bottom-content\">\n<div class=\"c-detail-content-bottom\">\n<div class=\"c-detail__author c-detail__author-bottom\">\n<div class=\"c-detail__author__thumb\"><\/div>\n<div class=\"c-detail__author__info\">\n<div class=\"c-detail__author__names-share\">\n<div class=\"c-detail__author-names\"><a href=\"https:\/\/www.huffingtonpost.es\/politica\/una-reparacion-personas-trans.html\">https:\/\/www.huffingtonpost.es\/politica\/una-reparacion-personas-trans.html<\/a><\/div>\n<\/div>\n<\/div>\n<\/div>\n<\/div>\n<\/div>\n<\/div>\n<\/div>\n<\/div>\n","protected":false},"excerpt":{"rendered":"<p>Vejadas, maltratadas, humilladas y expulsadas del sistema, las personas trans que padecieron el Franquismo y sus consecuencias plantean una reparaci\u00f3n.<\/p>\n","protected":false},"author":1,"featured_media":1387,"comment_status":"open","ping_status":"open","sticky":false,"template":"","format":"standard","meta":{"footnotes":""},"categories":[30,15],"tags":[],"class_list":["post-1386","post","type-post","status-publish","format-standard","has-post-thumbnail","hentry","category-en_portada","category-noticias"],"brizy_media":[],"_links":{"self":[{"href":"https:\/\/plataformatrans.es\/index.php\/wp-json\/wp\/v2\/posts\/1386","targetHints":{"allow":["GET"]}}],"collection":[{"href":"https:\/\/plataformatrans.es\/index.php\/wp-json\/wp\/v2\/posts"}],"about":[{"href":"https:\/\/plataformatrans.es\/index.php\/wp-json\/wp\/v2\/types\/post"}],"author":[{"embeddable":true,"href":"https:\/\/plataformatrans.es\/index.php\/wp-json\/wp\/v2\/users\/1"}],"replies":[{"embeddable":true,"href":"https:\/\/plataformatrans.es\/index.php\/wp-json\/wp\/v2\/comments?post=1386"}],"version-history":[{"count":1,"href":"https:\/\/plataformatrans.es\/index.php\/wp-json\/wp\/v2\/posts\/1386\/revisions"}],"predecessor-version":[{"id":1388,"href":"https:\/\/plataformatrans.es\/index.php\/wp-json\/wp\/v2\/posts\/1386\/revisions\/1388"}],"wp:featuredmedia":[{"embeddable":true,"href":"https:\/\/plataformatrans.es\/index.php\/wp-json\/wp\/v2\/media\/1387"}],"wp:attachment":[{"href":"https:\/\/plataformatrans.es\/index.php\/wp-json\/wp\/v2\/media?parent=1386"}],"wp:term":[{"taxonomy":"category","embeddable":true,"href":"https:\/\/plataformatrans.es\/index.php\/wp-json\/wp\/v2\/categories?post=1386"},{"taxonomy":"post_tag","embeddable":true,"href":"https:\/\/plataformatrans.es\/index.php\/wp-json\/wp\/v2\/tags?post=1386"}],"curies":[{"name":"wp","href":"https:\/\/api.w.org\/{rel}","templated":true}]}}