{"id":1382,"date":"2024-09-04T22:55:25","date_gmt":"2024-09-04T20:55:25","guid":{"rendered":"http:\/\/plataformatrans.es\/?p=1382"},"modified":"2024-10-22T22:13:17","modified_gmt":"2024-10-22T20:13:17","slug":"federacion-plataforma-trans-insta-a-ana-redondo-a-la-defensa-de-la-ley-trans","status":"publish","type":"post","link":"https:\/\/plataformatrans.es\/index.php\/2024\/09\/04\/federacion-plataforma-trans-insta-a-ana-redondo-a-la-defensa-de-la-ley-trans\/","title":{"rendered":"Federaci\u00f3n Plataforma Trans insta a Ana Redondo a la defensa de la Ley Trans\u00a0\u00a0"},"content":{"rendered":"<h5><strong>Federaci\u00f3n Plataforma Trans insta a Ana Redondo a la defensa de la Ley Trans\u00a0\u00a0<\/strong><\/h5>\n<p><span data-ccp-props=\"{&quot;201341983&quot;:0,&quot;335551550&quot;:2,&quot;335551620&quot;:2,&quot;335559739&quot;:160,&quot;335559740&quot;:259}\">\u00a0<\/span><span data-contrast=\"auto\">Desde la Federaci\u00f3n Plataforma Trans, estamos expectantes de la comparecencia anunciada por la Ministra de Igualdad, Ana Redondo, ma\u00f1ana jueves 5 de septiembre en la Comisi\u00f3n de Igualdad del Congreso de los Diputados para abordar los posibles \u201cerrores\u201d de la Ley de Paridad y la Ley Trans, seg\u00fan ha anunciado a medios.\u00a0<\/span><span data-ccp-props=\"{&quot;201341983&quot;:0,&quot;335551550&quot;:6,&quot;335551620&quot;:6,&quot;335559739&quot;:160,&quot;335559740&quot;:259}\">\u00a0<\/span><\/p>\n<p><span data-contrast=\"auto\">Recordamos a la Ministra su compromiso de hacer cumplir la Ley Trans, as\u00ed como el desarrollo de instrucciones y protocolos para hacerla efectiva. En ese sentido, contra los \u201cbulos\u201d que se difunden desde algunos medios, sin contrastar la veracidad de las noticias, es urgente que la Fiscal\u00eda contra la Discriminaci\u00f3n y Delitos de Odio, act\u00fae contra los medios y personas que, con la difusi\u00f3n de falsedades, intoxican a la sociedad, pero, sobre todo, criminalizan a las personas trans.<\/span><span data-ccp-props=\"{&quot;201341983&quot;:0,&quot;335551550&quot;:6,&quot;335551620&quot;:6,&quot;335559739&quot;:160,&quot;335559740&quot;:259}\">\u00a0<\/span><\/p>\n<p><span data-contrast=\"auto\">Es urgente que el Ministerio de Igualdad, inste al Ministerio de Justicia, a que distribuya por todos los Registros Civiles, unas instrucciones claras para el cumplimiento de los requisitos que impone la ley, pero sobre todo para que a la m\u00e1s m\u00ednima sospecha el funcionariado act\u00fae de oficio y se pueda detectar intentos de fraude de ley, as\u00ed como revocar los mismos. Es importante que los autores o intento de fraude sean sancionados de acuerdo a la ley.\u00a0<\/span><span data-ccp-props=\"{&quot;201341983&quot;:0,&quot;335551550&quot;:6,&quot;335551620&quot;:6,&quot;335559739&quot;:160,&quot;335559740&quot;:259}\">\u00a0<\/span><\/p>\n<p><span data-contrast=\"auto\">Ana Redondo, ha de dejar claro que la Ley Trans en su art. 46. 3 dice blanco sobre negro, que a ninguna persona que haya sido condenada y o denunciada por agresi\u00f3n machista o violencia de g\u00e9nero, la rectificaci\u00f3n de la menci\u00f3n al sexo, le va eximir de sus obligaciones jur\u00eddicas. La persona ser\u00e1 juzgada bajo la situaci\u00f3n legal anterior a su cambio de sexo, la que ten\u00eda en el momento de cometer el delito.<\/span><span data-ccp-props=\"{&quot;201341983&quot;:0,&quot;335551550&quot;:6,&quot;335551620&quot;:6,&quot;335559739&quot;:160,&quot;335559740&quot;:259}\">\u00a0<\/span><\/p>\n<p><span data-contrast=\"auto\">\u201c<\/span><i><span data-contrast=\"auto\">La Ley Trans, es una norma que, aunque tarde, ha venido a protegernos de la discriminaci\u00f3n y a ser garante de igualdad de oportunidades, intoxicar con falsedades y bulos, es querer perpetuar a las personas trans como ciudadan\u00eda de segunda. Los derechos de las personas trans, no colisionan con ning\u00fan otro derecho, la ley amplia derechos a quienes no lo ten\u00edamos<\/span><\/i><span data-contrast=\"auto\">\u201d declara Mar Cambroll\u00e9, presidenta de la Federaci\u00f3n Plataforma Trans.\u00a0<\/span><span data-ccp-props=\"{&quot;201341983&quot;:0,&quot;335551550&quot;:6,&quot;335551620&quot;:6,&quot;335559739&quot;:160,&quot;335559740&quot;:259}\">\u00a0<\/span><\/p>\n<p><span data-contrast=\"auto\">\u201c<\/span><i><span data-contrast=\"auto\">Seguir permitiendo la impunidad con los discursos de odio en RRSS y los bulos que difunden algunos medios de comunicaci\u00f3n, con la incidencia social que tienen, les hace m\u00e1s responsables, supone de facto abrir un \u201ccoto libre de caza\u201d contra las personas trans, es debilitar el Estado de Derecho, la democracia y abre las puertas a la ultraderecha<\/span><\/i><span data-contrast=\"auto\">\u201d concluye Cambroll\u00e9.<\/span><\/p>\n","protected":false},"excerpt":{"rendered":"<p>\u00abSeguir permitiendo la impunidad con los discursos de odio en RRSS y los bulos que difunden algunos medios de comunicaci\u00f3n, con la incidencia social que tienen, les hace m\u00e1s responsables, supone de facto abrir un \u201ccoto libre de caza\u201d contra las personas trans\u00bb<\/p>\n","protected":false},"author":1,"featured_media":1383,"comment_status":"open","ping_status":"open","sticky":false,"template":"","format":"standard","meta":{"footnotes":""},"categories":[30,15],"tags":[],"class_list":["post-1382","post","type-post","status-publish","format-standard","has-post-thumbnail","hentry","category-en_portada","category-noticias"],"brizy_media":[],"_links":{"self":[{"href":"https:\/\/plataformatrans.es\/index.php\/wp-json\/wp\/v2\/posts\/1382","targetHints":{"allow":["GET"]}}],"collection":[{"href":"https:\/\/plataformatrans.es\/index.php\/wp-json\/wp\/v2\/posts"}],"about":[{"href":"https:\/\/plataformatrans.es\/index.php\/wp-json\/wp\/v2\/types\/post"}],"author":[{"embeddable":true,"href":"https:\/\/plataformatrans.es\/index.php\/wp-json\/wp\/v2\/users\/1"}],"replies":[{"embeddable":true,"href":"https:\/\/plataformatrans.es\/index.php\/wp-json\/wp\/v2\/comments?post=1382"}],"version-history":[{"count":1,"href":"https:\/\/plataformatrans.es\/index.php\/wp-json\/wp\/v2\/posts\/1382\/revisions"}],"predecessor-version":[{"id":1384,"href":"https:\/\/plataformatrans.es\/index.php\/wp-json\/wp\/v2\/posts\/1382\/revisions\/1384"}],"wp:featuredmedia":[{"embeddable":true,"href":"https:\/\/plataformatrans.es\/index.php\/wp-json\/wp\/v2\/media\/1383"}],"wp:attachment":[{"href":"https:\/\/plataformatrans.es\/index.php\/wp-json\/wp\/v2\/media?parent=1382"}],"wp:term":[{"taxonomy":"category","embeddable":true,"href":"https:\/\/plataformatrans.es\/index.php\/wp-json\/wp\/v2\/categories?post=1382"},{"taxonomy":"post_tag","embeddable":true,"href":"https:\/\/plataformatrans.es\/index.php\/wp-json\/wp\/v2\/tags?post=1382"}],"curies":[{"name":"wp","href":"https:\/\/api.w.org\/{rel}","templated":true}]}}