{"id":1332,"date":"2024-04-29T20:45:01","date_gmt":"2024-04-29T18:45:01","guid":{"rendered":"http:\/\/plataformatrans.es\/?p=1332"},"modified":"2024-05-14T15:38:56","modified_gmt":"2024-05-14T13:38:56","slug":"plataforma-trans-pide-a-la-ministra-de-trabajo-yolanda-diaz-cupo-laboral-trans","status":"publish","type":"post","link":"https:\/\/plataformatrans.es\/index.php\/2024\/04\/29\/plataforma-trans-pide-a-la-ministra-de-trabajo-yolanda-diaz-cupo-laboral-trans\/","title":{"rendered":"\u00a0Plataforma Trans pide a la Ministra de Trabajo, Yolanda D\u00edaz, Cupo Laboral Trans\u00a0\u00a0"},"content":{"rendered":"<p><span data-ccp-props=\"{&quot;201341983&quot;:0,&quot;335551550&quot;:2,&quot;335551620&quot;:2,&quot;335559739&quot;:160,&quot;335559740&quot;:259}\">\u00a0<\/span><b><span data-contrast=\"auto\">Plataforma Trans pide a la Ministra de Trabajo, Yolanda D\u00edaz, Cupo Laboral Trans\u00a0<\/span><\/b><span data-ccp-props=\"{&quot;201341983&quot;:0,&quot;335559739&quot;:160,&quot;335559740&quot;:259}\">\u00a0<\/span><\/p>\n<p><span data-contrast=\"auto\">En el marco del 1 de mayo, D\u00eda Internacional de los y las Trabajadoras, es esencial reflexionar sobre la importancia de la igualdad de oportunidades laborales para toda la ciudadan\u00eda, incluyendo a aquellas que hist\u00f3ricamente han enfrentado discriminaci\u00f3n y exclusi\u00f3n en el \u00e1mbito laboral. Entre estos grupos vulnerables se encuentra el colectivo trans, que, a pesar de los avances en materia de derechos, sigue enfrentando desaf\u00edos significativos para acceder a empleos dignos y justos.<\/span><span data-ccp-props=\"{&quot;201341983&quot;:0,&quot;335551550&quot;:6,&quot;335551620&quot;:6,&quot;335559739&quot;:0,&quot;335559740&quot;:240}\">\u00a0<\/span><\/p>\n<p><span data-ccp-props=\"{&quot;201341983&quot;:0,&quot;335551550&quot;:6,&quot;335551620&quot;:6,&quot;335559739&quot;:0,&quot;335559740&quot;:240}\">\u00a0<\/span><span data-contrast=\"auto\">Una de las herramientas clave para abordar esta inequidad es la implementaci\u00f3n del cupo laboral trans, una medida que establece cuotas m\u00ednimas de contrataci\u00f3n para personas pertenecientes a grupos minoritarios o en situaci\u00f3n de exclusi\u00f3n, como es el caso de las personas trans. Estos cupos no solo son una cuesti\u00f3n de justicia social, sino tambi\u00e9n una forma efectiva de fomentar la diversidad e inclusi\u00f3n en el \u00e1mbito laboral, lo que a su vez contribuye al enriquecimiento de las empresas y la sociedad en su conjunto.<\/span><span data-ccp-props=\"{&quot;201341983&quot;:0,&quot;335551550&quot;:6,&quot;335551620&quot;:6,&quot;335559739&quot;:0,&quot;335559740&quot;:240}\">\u00a0<\/span><\/p>\n<p><span data-ccp-props=\"{&quot;201341983&quot;:0,&quot;335551550&quot;:6,&quot;335551620&quot;:6,&quot;335559739&quot;:0,&quot;335559740&quot;:240}\">\u00a0<\/span><span data-contrast=\"auto\">El establecimiento de cupos laborales para personas trans implica un compromiso firme por parte de las empresas y las instituciones del estado para garantizar que este colectivo tenga acceso equitativo a oportunidades laborales. Sin embargo, su implementaci\u00f3n efectiva requiere no solo voluntad pol\u00edtica, sino tambi\u00e9n la adopci\u00f3n de<\/span><b><span data-contrast=\"auto\"> pol\u00edticas p\u00fablicas integrales<\/span><\/b><span data-contrast=\"auto\"> que aborden las barreras estructurales y sociales que enfrentan las personas trans en el mercado laboral.<\/span><span data-ccp-props=\"{&quot;201341983&quot;:0,&quot;335551550&quot;:6,&quot;335551620&quot;:6,&quot;335559739&quot;:0,&quot;335559740&quot;:240}\">\u00a0<\/span><\/p>\n<p><span data-ccp-props=\"{&quot;201341983&quot;:0,&quot;335551550&quot;:6,&quot;335551620&quot;:6,&quot;335559739&quot;:0,&quot;335559740&quot;:240}\">\u00a0<\/span><span data-contrast=\"auto\">Exhortamos una urgente respuesta a la Ministra de Trabajo, Yolanda D\u00edaz, para que tome medidas concretas y efectivas que promuevan el acceso al empleo de las personas trans. Es imperativo que se implementen pol\u00edticas p\u00fablicas que aborden la discriminaci\u00f3n y exclusi\u00f3n que enfrenta este colectivo, as\u00ed como programas de sensibilizaci\u00f3n y capacitaci\u00f3n para fomentar una cultura laboral inclusiva y respetuosa de la diversidad de g\u00e9nero.<\/span><span data-ccp-props=\"{&quot;201341983&quot;:0,&quot;335551550&quot;:6,&quot;335551620&quot;:6,&quot;335559739&quot;:0,&quot;335559740&quot;:240}\">\u00a0<\/span><\/p>\n<p><span data-ccp-props=\"{&quot;201341983&quot;:0,&quot;335551550&quot;:6,&quot;335551620&quot;:6,&quot;335559739&quot;:0,&quot;335559740&quot;:240}\">\u00a0<\/span><span data-contrast=\"auto\">Este 1 de Mayo, instamos a la Ministra de Trabajo a que demuestre su compromiso con la <\/span><b><span data-contrast=\"auto\">igualdad de oportunidades laborales para todas las personas<\/span><\/b><span data-contrast=\"auto\">, incluyendo a las personas trans. La implementaci\u00f3n del cupo laboral es una medida concreta y efectiva para avanzar hacia este objetivo, pero tambi\u00e9n es necesario adoptar otras acciones complementarias, como la promoci\u00f3n de pol\u00edticas de no discriminaci\u00f3n y la creaci\u00f3n de redes de apoyo y recursos para las personas trans en el \u00e1mbito laboral.<\/span><span data-ccp-props=\"{&quot;201341983&quot;:0,&quot;335551550&quot;:6,&quot;335551620&quot;:6,&quot;335559739&quot;:0,&quot;335559740&quot;:240}\">\u00a0<\/span><\/p>\n<p><span data-ccp-props=\"{&quot;201341983&quot;:0,&quot;335551550&quot;:6,&quot;335551620&quot;:6,&quot;335559739&quot;:0,&quot;335559740&quot;:240}\">\u00a0<\/span><span data-contrast=\"auto\">En este D\u00eda Internacional de los y las Trabajadoras, reafirmamos nuestro compromiso con la construcci\u00f3n de un mercado laboral m\u00e1s inclusivo y equitativo, donde todas las personas, independientemente de su identidad de g\u00e9nero, tengan la oportunidad de desarrollarse profesionalmente y contribuir al progreso social y econ\u00f3mico de la sociedad. Es hora de actuar con determinaci\u00f3n y solidaridad para garantizar que el derecho al trabajo sea una realidad para todos todas y todes, sin excepci\u00f3n<\/span><span data-ccp-props=\"{&quot;201341983&quot;:0,&quot;335551550&quot;:6,&quot;335551620&quot;:6,&quot;335559739&quot;:0,&quot;335559740&quot;:240}\">\u00a0<\/span><\/p>\n<p><span data-ccp-props=\"{&quot;201341983&quot;:0,&quot;335559739&quot;:160,&quot;335559740&quot;:259}\">\u00a0<\/span><\/p>\n","protected":false},"excerpt":{"rendered":"<p>\u00a0Plataforma Trans pide a la Ministra de Trabajo, Yolanda D\u00edaz, Cupo Laboral Trans\u00a0\u00a0 En el marco del 1 de mayo, D\u00eda Internacional de los y las Trabajadoras, es esencial reflexionar sobre la importancia de la igualdad de oportunidades laborales para toda la ciudadan\u00eda, incluyendo a aquellas que hist\u00f3ricamente han enfrentado discriminaci\u00f3n y exclusi\u00f3n en el [&hellip;]<\/p>\n","protected":false},"author":1,"featured_media":1333,"comment_status":"open","ping_status":"open","sticky":false,"template":"","format":"standard","meta":{"footnotes":""},"categories":[30,15],"tags":[],"class_list":["post-1332","post","type-post","status-publish","format-standard","has-post-thumbnail","hentry","category-en_portada","category-noticias"],"brizy_media":[],"_links":{"self":[{"href":"https:\/\/plataformatrans.es\/index.php\/wp-json\/wp\/v2\/posts\/1332","targetHints":{"allow":["GET"]}}],"collection":[{"href":"https:\/\/plataformatrans.es\/index.php\/wp-json\/wp\/v2\/posts"}],"about":[{"href":"https:\/\/plataformatrans.es\/index.php\/wp-json\/wp\/v2\/types\/post"}],"author":[{"embeddable":true,"href":"https:\/\/plataformatrans.es\/index.php\/wp-json\/wp\/v2\/users\/1"}],"replies":[{"embeddable":true,"href":"https:\/\/plataformatrans.es\/index.php\/wp-json\/wp\/v2\/comments?post=1332"}],"version-history":[{"count":1,"href":"https:\/\/plataformatrans.es\/index.php\/wp-json\/wp\/v2\/posts\/1332\/revisions"}],"predecessor-version":[{"id":1334,"href":"https:\/\/plataformatrans.es\/index.php\/wp-json\/wp\/v2\/posts\/1332\/revisions\/1334"}],"wp:featuredmedia":[{"embeddable":true,"href":"https:\/\/plataformatrans.es\/index.php\/wp-json\/wp\/v2\/media\/1333"}],"wp:attachment":[{"href":"https:\/\/plataformatrans.es\/index.php\/wp-json\/wp\/v2\/media?parent=1332"}],"wp:term":[{"taxonomy":"category","embeddable":true,"href":"https:\/\/plataformatrans.es\/index.php\/wp-json\/wp\/v2\/categories?post=1332"},{"taxonomy":"post_tag","embeddable":true,"href":"https:\/\/plataformatrans.es\/index.php\/wp-json\/wp\/v2\/tags?post=1332"}],"curies":[{"name":"wp","href":"https:\/\/api.w.org\/{rel}","templated":true}]}}