{"id":1329,"date":"2024-04-23T18:36:37","date_gmt":"2024-04-23T16:36:37","guid":{"rendered":"http:\/\/plataformatrans.es\/?p=1329"},"modified":"2024-04-23T18:36:37","modified_gmt":"2024-04-23T16:36:37","slug":"te-voy-a-matar-travesti-intenta-abusar-sexualmente-de-una-menor-en-tenerife-y-la-insulta-al-darse-cuenta-de-que-es-trans","status":"publish","type":"post","link":"https:\/\/plataformatrans.es\/index.php\/2024\/04\/23\/te-voy-a-matar-travesti-intenta-abusar-sexualmente-de-una-menor-en-tenerife-y-la-insulta-al-darse-cuenta-de-que-es-trans\/","title":{"rendered":"\u00abTe voy a matar, travesti\u00bb: intenta abusar sexualmente de una menor en Tenerife y la insulta al darse cuenta de que es trans"},"content":{"rendered":"<section class=\"article-titles\">\n<div class=\"title-container\">\n<div class=\"title\">\n<p class=\"article-title\"><strong>\u00abTe voy a matar, travesti\u00bb: intenta abusar sexualmente de una menor en Tenerife y la insulta al darse cuenta de que es trans<\/strong><\/p>\n<\/div>\n<\/div>\n<div id=\"m35073-35072-35074\" class=\"article-intro trk-relacionada-bolos \" data-mrf-recirculation=\"Articulo - Bolos\">\n<ul>\n<li>La Fiscal\u00eda pide un a\u00f1o de prisi\u00f3n para el investigado por intento de agresi\u00f3n sexual con agravante de homofobia.<\/li>\n<\/ul>\n<\/div>\n<\/section>\n<div class=\"container-grid-box\">\n<section class=\"container-grid-cell content\">\n<article class=\"article-body\">\n<div class=\"article-text __hnads_custom_targetings\" data-custom-targetings=\"{&quot;debugBlocks&quot;:&quot;06_01&quot;}\">\n<p class=\"paragraph\">La Fiscal\u00eda de Provincial de Santa Cruz de\u00a0<a title=\"Tenerife\" href=\"https:\/\/www.20minutos.es\/minuteca\/tenerife\/\">Tenerife<\/a>\u00a0investiga a un hombre\u00a0que intent\u00f3<b>\u00a0agredir sexualmente\u00a0<\/b>a una menor de edad en la capital tinerfe\u00f1a y que comenz\u00f3 a insultarla al darse cuenta de que era trans. Como consecuencia, el Ministerio P\u00fablico pide un a\u00f1o de c\u00e1rcel para \u00e9l.<\/p>\n<p class=\"paragraph\">El escrito de acusaci\u00f3n se\u00f1ala que el hombre<b>\u00a0se abalanz\u00f3 sobre la menor<\/b>, que se encontraba acompa\u00f1ada por su madre en las inmediaciones de un supermercado, con el fin de tocarle sus genitales.<\/p>\n<div class=\"engagement prometeo-box-2\">\n<div id=\"integrado-intext-1\" class=\"WIDGET-PROMETEO-BOX-ACTIVATOR prometeo-content\" data-prometeo-mediaid=\"002\" data-prometeo-widget=\"WIDGET-PROMETEO-BOX-ACTIVATOR\">En ese momento, al darse cuenta de su condici\u00f3n, empez\u00f3 a insultarla y humillarla con expresiones como \u00abmaric\u00f3n de mierda, odio a los maricones, <b>te voy a matar\u00bb o \u00abtravesti\u00bb<\/b>, al tiempo que logr\u00f3 acceder a sus partes \u00edntimas por el forcejeo que se produjo entre ambos y la intervenci\u00f3n de un transe\u00fante.<\/div>\n<\/div>\n<div id=\"axds-Intext\" class=\"axds\">\n<div id=\"Intext\" class=\"henneoHB\">A ra\u00edz del incidente, la menor presentaba episodios de i<b>nquietud, ansiedad<\/b>\u00a0y temor. Como consecuencia, el Juzgado de Instrucci\u00f3n de Santa Cruz de Tenerife impuso al acusado una medida de alejamiento.<\/div>\n<\/div>\n<p class=\"paragraph\">La Fiscal\u00eda considera que los hechos son constitutivos de un<b>\u00a0delito de tentativa de agresi\u00f3n sexual<\/b>\u00a0a menores de 16 a\u00f1os con agravante de homofobia y pide tambi\u00e9n una indemnizaci\u00f3n de 1.000 euros para la madre de la v\u00edctima.\u00a0El juicio se celebrar\u00e1 el pr\u00f3ximo mi\u00e9rcoles a las 10.00 horas en la Audiencia Provincial de Santa Cruz de Tenerife.<\/p>\n<p><a href=\"https:\/\/www.20minutos.es\/noticia\/5237579\/0\/abusar-sexualmente-menor-tenerife-insulta-trans\/?utm_source=Twitter&amp;utm_medium=social&amp;utm_campaign=desktop\">https:\/\/www.20minutos.es\/noticia\/5237579\/0\/abusar-sexualmente-menor-tenerife-insulta-trans\/?utm_source=Twitter&amp;utm_medium=social&amp;utm_campaign=desktop<\/a><\/p>\n<\/div>\n<\/article>\n<\/section>\n<\/div>\n","protected":false},"excerpt":{"rendered":"<p>El hombre\u00a0se abalanz\u00f3 sobre la menor, que se encontraba acompa\u00f1ada por su madre en las inmediaciones de un supermercado, con el fin de tocarle sus genitales<\/p>\n","protected":false},"author":1,"featured_media":1330,"comment_status":"open","ping_status":"open","sticky":false,"template":"","format":"standard","meta":{"footnotes":""},"categories":[30,15],"tags":[],"class_list":["post-1329","post","type-post","status-publish","format-standard","has-post-thumbnail","hentry","category-en_portada","category-noticias"],"brizy_media":[],"_links":{"self":[{"href":"https:\/\/plataformatrans.es\/index.php\/wp-json\/wp\/v2\/posts\/1329","targetHints":{"allow":["GET"]}}],"collection":[{"href":"https:\/\/plataformatrans.es\/index.php\/wp-json\/wp\/v2\/posts"}],"about":[{"href":"https:\/\/plataformatrans.es\/index.php\/wp-json\/wp\/v2\/types\/post"}],"author":[{"embeddable":true,"href":"https:\/\/plataformatrans.es\/index.php\/wp-json\/wp\/v2\/users\/1"}],"replies":[{"embeddable":true,"href":"https:\/\/plataformatrans.es\/index.php\/wp-json\/wp\/v2\/comments?post=1329"}],"version-history":[{"count":1,"href":"https:\/\/plataformatrans.es\/index.php\/wp-json\/wp\/v2\/posts\/1329\/revisions"}],"predecessor-version":[{"id":1331,"href":"https:\/\/plataformatrans.es\/index.php\/wp-json\/wp\/v2\/posts\/1329\/revisions\/1331"}],"wp:featuredmedia":[{"embeddable":true,"href":"https:\/\/plataformatrans.es\/index.php\/wp-json\/wp\/v2\/media\/1330"}],"wp:attachment":[{"href":"https:\/\/plataformatrans.es\/index.php\/wp-json\/wp\/v2\/media?parent=1329"}],"wp:term":[{"taxonomy":"category","embeddable":true,"href":"https:\/\/plataformatrans.es\/index.php\/wp-json\/wp\/v2\/categories?post=1329"},{"taxonomy":"post_tag","embeddable":true,"href":"https:\/\/plataformatrans.es\/index.php\/wp-json\/wp\/v2\/tags?post=1329"}],"curies":[{"name":"wp","href":"https:\/\/api.w.org\/{rel}","templated":true}]}}