{"id":1284,"date":"2024-04-02T17:10:41","date_gmt":"2024-04-02T15:10:41","guid":{"rendered":"https:\/\/plataformatrans.es\/?p=1284"},"modified":"2024-04-02T17:10:41","modified_gmt":"2024-04-02T15:10:41","slug":"getafe-5-abril-memoria-trans-justicia-reparacion-y-no-repeticion","status":"publish","type":"post","link":"https:\/\/plataformatrans.es\/index.php\/2024\/04\/02\/getafe-5-abril-memoria-trans-justicia-reparacion-y-no-repeticion\/","title":{"rendered":"[Getafe] 5 abril: Memoria Trans, justicia, reparaci\u00f3n y no repetici\u00f3n"},"content":{"rendered":"<p><strong>[Getafe] 5 abril: Memoria Trans, justicia, reparaci\u00f3n y no repetici\u00f3n<\/strong><\/p>\n<p><span class=\"r-18u37iz\"><a class=\"css-1qaijid r-bcqeeo r-qvutc0 r-poiln3 r-1ny4l3l r-1ddef8g r-tjvw6i r-1loqt21\" dir=\"ltr\" role=\"link\" href=\"https:\/\/twitter.com\/hashtag\/JornadaMemoriaTrans?src=hashtag_click\">#JornadaMemoriaTrans<\/a><\/span> <span class=\"css-1qaijid r-bcqeeo r-qvutc0 r-poiln3\">\u00a05 de abril <\/span><span class=\"css-1qaijid r-bcqeeo r-qvutc0 r-poiln3\">\u00a018,00h <\/span><span class=\"css-1qaijid r-bcqeeo r-qvutc0 r-poiln3\">\u00a0<\/span><\/p>\n<p><span class=\"css-1qaijid r-bcqeeo r-qvutc0 r-poiln3\">Antigua F\u00e1brica Harina, C. Ram\u00f3n y Cajal, 22, Getafe, Madrid <\/span><\/p>\n<p><span class=\"css-1qaijid r-bcqeeo r-qvutc0 r-poiln3\">Organiza:\u00a0<\/span><span class=\"r-18u37iz\"><a class=\"css-1qaijid r-bcqeeo r-qvutc0 r-poiln3 r-1loqt21\" dir=\"ltr\" role=\"link\" href=\"https:\/\/twitter.com\/PlataformaTrans\">@PlataformaTrans<\/a><\/span><\/p>\n<p><span class=\"css-1qaijid r-bcqeeo r-qvutc0 r-poiln3\">\u00a0Mujeres trans supervivientes a la dictadura y el post franquismo, nos hablar\u00e1n de Resistencia y Resiliencia<\/span><\/p>\n<p><img loading=\"lazy\" decoding=\"async\" class=\"alignnone size-full wp-image-1285\" src=\"http:\/\/plataformatrans.es\/wp-content\/uploads\/2024\/04\/GKG-tPXkAAYPbW.jpeg\" alt=\"\" width=\"680\" height=\"680\" srcset=\"https:\/\/plataformatrans.es\/wp-content\/uploads\/2024\/04\/GKG-tPXkAAYPbW.jpeg 680w, https:\/\/plataformatrans.es\/wp-content\/uploads\/2024\/04\/GKG-tPXkAAYPbW-300x300.jpeg 300w, https:\/\/plataformatrans.es\/wp-content\/uploads\/2024\/04\/GKG-tPXkAAYPbW-150x150.jpeg 150w\" sizes=\"auto, (max-width: 680px) 100vw, 680px\" \/><\/p>\n","protected":false},"excerpt":{"rendered":"<p>[Getafe] 5 abril: Memoria Trans, justicia, reparaci\u00f3n y no repetici\u00f3n #JornadaMemoriaTrans \u00a05 de abril \u00a018,00h \u00a0 Antigua F\u00e1brica Harina, C. Ram\u00f3n y Cajal, 22, Getafe, Madrid Organiza:\u00a0@PlataformaTrans \u00a0Mujeres trans supervivientes a la dictadura y el post franquismo, nos hablar\u00e1n de Resistencia y Resiliencia<\/p>\n","protected":false},"author":1,"featured_media":1285,"comment_status":"open","ping_status":"open","sticky":false,"template":"","format":"standard","meta":{"footnotes":""},"categories":[9,30],"tags":[],"class_list":["post-1284","post","type-post","status-publish","format-standard","has-post-thumbnail","hentry","category-agenda","category-en_portada"],"brizy_media":[],"_links":{"self":[{"href":"https:\/\/plataformatrans.es\/index.php\/wp-json\/wp\/v2\/posts\/1284","targetHints":{"allow":["GET"]}}],"collection":[{"href":"https:\/\/plataformatrans.es\/index.php\/wp-json\/wp\/v2\/posts"}],"about":[{"href":"https:\/\/plataformatrans.es\/index.php\/wp-json\/wp\/v2\/types\/post"}],"author":[{"embeddable":true,"href":"https:\/\/plataformatrans.es\/index.php\/wp-json\/wp\/v2\/users\/1"}],"replies":[{"embeddable":true,"href":"https:\/\/plataformatrans.es\/index.php\/wp-json\/wp\/v2\/comments?post=1284"}],"version-history":[{"count":1,"href":"https:\/\/plataformatrans.es\/index.php\/wp-json\/wp\/v2\/posts\/1284\/revisions"}],"predecessor-version":[{"id":1286,"href":"https:\/\/plataformatrans.es\/index.php\/wp-json\/wp\/v2\/posts\/1284\/revisions\/1286"}],"wp:featuredmedia":[{"embeddable":true,"href":"https:\/\/plataformatrans.es\/index.php\/wp-json\/wp\/v2\/media\/1285"}],"wp:attachment":[{"href":"https:\/\/plataformatrans.es\/index.php\/wp-json\/wp\/v2\/media?parent=1284"}],"wp:term":[{"taxonomy":"category","embeddable":true,"href":"https:\/\/plataformatrans.es\/index.php\/wp-json\/wp\/v2\/categories?post=1284"},{"taxonomy":"post_tag","embeddable":true,"href":"https:\/\/plataformatrans.es\/index.php\/wp-json\/wp\/v2\/tags?post=1284"}],"curies":[{"name":"wp","href":"https:\/\/api.w.org\/{rel}","templated":true}]}}