{"id":1264,"date":"2024-03-13T18:35:13","date_gmt":"2024-03-13T16:35:13","guid":{"rendered":"https:\/\/plataformatrans.es\/?p=1264"},"modified":"2024-04-10T11:50:12","modified_gmt":"2024-04-10T09:50:12","slug":"colectivos-trans-piden-a-la-fiscalia-la-anulacion-de-los-cambios-registrales-que-supongan-un-fraude","status":"publish","type":"post","link":"https:\/\/plataformatrans.es\/index.php\/2024\/03\/13\/colectivos-trans-piden-a-la-fiscalia-la-anulacion-de-los-cambios-registrales-que-supongan-un-fraude\/","title":{"rendered":"Colectivos trans piden a la Fiscal\u00eda la anulaci\u00f3n de los cambios registrales que supongan un fraude"},"content":{"rendered":"<header class=\"article-header-wrapper\">\n<div class=\"article-header \">\n<h5 id=\"colectivos-trans-piden-a-la-fiscalia-la-anulacion-de-los-cambios-registrales-que-supongan-un-fraude\" class=\"article-headline left \">Colectivos trans piden a la Fiscal\u00eda la anulaci\u00f3n de los cambios registrales que supongan un fraude<\/h5>\n<div class=\"byline\"><\/div>\n<\/div>\n<\/header>\n<article class=\"article\">\n<div class=\"sharebar-container\">\n<div class=\"sharebar-buttons-container\">\n<div class=\"sharebar-buttons button-share\" tabindex=\"0\" role=\"button\" aria-label=\"Compartir\"><em>Colectivos trans han pedido este mi\u00e9rcoles a la Fiscal\u00eda la anulaci\u00f3n de los cambios registrales que supongan un fraude de la Ley Trans.<\/em><\/div>\n<\/div>\n<\/div>\n<div class=\"body-article\">\n<p class=\"paragraph\" data-mrf-recirculation=\"Links inline\">En concreto, la Federaci\u00f3n Plataforma Trans y Euforia Familias Trans-Aliadas se han referido a las 37 personas de Ceuta, militares y guardias civiles, que han cambiado su sexo registral con la Ley Trans. En este sentido, tambi\u00e9n ha solicitado a la Fiscal\u00eda de Sala contra los Delitos de Odio y Discriminaci\u00f3n, a trav\u00e9s de una carta, a que \u00abdepure\u00bb si se trata de \u00abuna posible acci\u00f3n organizada\u00bb con el objeto de la comisi\u00f3n de un presunto fraude de ley.<\/p>\n<p class=\"paragraph\" data-mrf-recirculation=\"Links inline\">Asimismo, han solicitado a la Direcci\u00f3n General para la Igualdad Real y Efectiva de las Personas LGTBI del Ministerio de Igualdad, la apertura de un expediente \u00abpor considerar que los medios han podido vulnerar el art\u00edculo 27. 1 de la Ley Trans y Derechos LGTBI, que se refiere al trato digno que han de dispensar los medios cuando se refieren a colectivos ya vulnerables, sin caer en estigma y cuestionamiento de derechos\u00bb.<\/p>\n<p class=\"paragraph\" data-mrf-recirculation=\"Links inline\">Igualmente, a la Federaci\u00f3n de Asociaciones de Periodistas de Espa\u00f1a (FAPE), le ha pedido que valore \u00abel trato de la noticia\u00bb que tiene que ver con 37 personas de Ceuta, militares y guardias civiles, que anunciaron en medios de comunicaci\u00f3n que se han cambiado de sexo. En este sentido, estos colectivos trans consideran que \u00abtitulares y mensajes han da\u00f1ado la dignidad de las personas trans y han podido vulnerar el c\u00f3digo deontol\u00f3gico de los periodistas\u00bb.<\/p>\n<p class=\"paragraph\" data-mrf-recirculation=\"Links inline\">Seg\u00fan han se\u00f1alado estos colectivos trans, tambi\u00e9n se han dirigido a trav\u00e9s de un escrito al Defensor del Pueblo de Espa\u00f1a, al que han trasladado su \u00abpreocupaci\u00f3n\u00bb y \u00abconsternaci\u00f3n\u00bb.<\/p>\n<p class=\"paragraph\" data-mrf-recirculation=\"Links inline\">\u00abNo nos corresponde cuestionar la identidad de nadie, mucho menos afirmar lo que es o no un fraude de ley, por ello hemos exhortado a quienes tienen potestad para ello. Las herramientas de las que dispone un Estado de Derecho, han de velar por el respeto, la dignidad y protecci\u00f3n de las personas trans como un colectivo vulnerable\u00bb, ha asegurado la presidenta de Plataforma Trans, Mar Cambroll\u00e9.<\/p>\n<p class=\"paragraph\" data-mrf-recirculation=\"Links inline\">Adem\u00e1s, Cambroll\u00e9 ha subrayado que \u00abser una mujer trans, no es ning\u00fan privilegio\u00bb. \u00abEs enfrentarse a la exclusi\u00f3n laboral, es ser diana de discursos de odio en las redes sociales y poder ser agredida en las calles, transportes p\u00fablicos y centros de ocio, la vanalizaci\u00f3n de nuestras vidas, es un acto criminal\u00bb, ha explicado.<\/p>\n<\/div>\n<\/article>\n","protected":false},"excerpt":{"rendered":"<p>Colectivos trans han pedido este mi\u00e9rcoles a la Fiscal\u00eda la anulaci\u00f3n de los cambios registrales que supongan un fraude de la Ley Trans.<\/p>\n","protected":false},"author":1,"featured_media":1265,"comment_status":"open","ping_status":"open","sticky":false,"template":"","format":"standard","meta":{"footnotes":""},"categories":[30,15],"tags":[],"class_list":["post-1264","post","type-post","status-publish","format-standard","has-post-thumbnail","hentry","category-en_portada","category-noticias"],"brizy_media":[],"_links":{"self":[{"href":"https:\/\/plataformatrans.es\/index.php\/wp-json\/wp\/v2\/posts\/1264","targetHints":{"allow":["GET"]}}],"collection":[{"href":"https:\/\/plataformatrans.es\/index.php\/wp-json\/wp\/v2\/posts"}],"about":[{"href":"https:\/\/plataformatrans.es\/index.php\/wp-json\/wp\/v2\/types\/post"}],"author":[{"embeddable":true,"href":"https:\/\/plataformatrans.es\/index.php\/wp-json\/wp\/v2\/users\/1"}],"replies":[{"embeddable":true,"href":"https:\/\/plataformatrans.es\/index.php\/wp-json\/wp\/v2\/comments?post=1264"}],"version-history":[{"count":1,"href":"https:\/\/plataformatrans.es\/index.php\/wp-json\/wp\/v2\/posts\/1264\/revisions"}],"predecessor-version":[{"id":1266,"href":"https:\/\/plataformatrans.es\/index.php\/wp-json\/wp\/v2\/posts\/1264\/revisions\/1266"}],"wp:featuredmedia":[{"embeddable":true,"href":"https:\/\/plataformatrans.es\/index.php\/wp-json\/wp\/v2\/media\/1265"}],"wp:attachment":[{"href":"https:\/\/plataformatrans.es\/index.php\/wp-json\/wp\/v2\/media?parent=1264"}],"wp:term":[{"taxonomy":"category","embeddable":true,"href":"https:\/\/plataformatrans.es\/index.php\/wp-json\/wp\/v2\/categories?post=1264"},{"taxonomy":"post_tag","embeddable":true,"href":"https:\/\/plataformatrans.es\/index.php\/wp-json\/wp\/v2\/tags?post=1264"}],"curies":[{"name":"wp","href":"https:\/\/api.w.org\/{rel}","templated":true}]}}