{"id":1233,"date":"2024-02-22T17:20:36","date_gmt":"2024-02-22T15:20:36","guid":{"rendered":"https:\/\/plataformatrans.es\/?p=1233"},"modified":"2024-03-04T22:24:52","modified_gmt":"2024-03-04T20:24:52","slug":"desafiando-el-odio-y-promoviendo-la-inclusion-una-defensa-de-la-diversidad-de-genero","status":"publish","type":"post","link":"https:\/\/plataformatrans.es\/index.php\/2024\/02\/22\/desafiando-el-odio-y-promoviendo-la-inclusion-una-defensa-de-la-diversidad-de-genero\/","title":{"rendered":"Desafiando el Odio y Promoviendo la Inclusi\u00f3n: Una Defensa de la Diversidad de G\u00e9nero"},"content":{"rendered":"<h5 class=\"entry-title\">Desafiando el Odio y Promoviendo la Inclusi\u00f3n: Una Defensa de la Diversidad de G\u00e9nero<\/h5>\n<p><strong>Por Gina Serra<\/strong><\/p>\n<p>En los \u00faltimos tiempos, hemos sido testigos de una lucha constante por la inclusi\u00f3n y el respeto de la diversidad de g\u00e9nero en todos los \u00e1mbitos de la sociedad. Sin embargo, esta lucha no est\u00e1 exenta de obst\u00e1culos, y uno de los grupos que contin\u00faa perpetuando la discriminaci\u00f3n y el odio hacia las personas trans es el de las feministas radicales trans-excluyentes (TERFs).<\/p>\n<p>Recientemente, un ejemplo flagrante de esta actitud discriminatoria ha surgido en Madrid, donde un grupo de feministas TERFs ha intentado boicotear una actividad dirigida al \u00abadoctrinamiento de madres y padres de menores\u00bb de 0 a 3 a\u00f1os en un centro de igualdad municipal. Estas feministas, bajo la bandera de la Alianza contra el Borrado de las Mujeres, han expresado su oposici\u00f3n a la actividad, alegando que promueve contenidos da\u00f1inos y estereotipos de g\u00e9nero.<\/p>\n<div id='gallery-1' class='isotope_container galleryid-1233 gallery-columns-3 gallery-size-thumbnail'><figure class='gallery-item'>\n\t\t\t<div class='gallery-icon landscape'>\n\t\t\t\t<a href='https:\/\/plataformatrans.es\/index.php\/2024\/02\/22\/desafiando-el-odio-y-promoviendo-la-inclusion-una-defensa-de-la-diversidad-de-genero\/sin-titulo-4\/'><img loading=\"lazy\" decoding=\"async\" width=\"150\" height=\"150\" src=\"https:\/\/plataformatrans.es\/wp-content\/uploads\/2024\/02\/Sin-titulo-150x150.png\" class=\"attachment-thumbnail size-thumbnail\" alt=\"\" \/><\/a>\n\t\t\t<\/div><\/figure>\n\t\t<\/div>\n\n<p>Sin embargo, es importante desenmascarar la verdadera naturaleza de sus argumentos. Detr\u00e1s de su ret\u00f3rica se esconde una profunda aversi\u00f3n hacia las personas trans y una negativa a reconocer la existencia y la legitimidad de las identidades de g\u00e9nero diversas. Su postura excluyente y discriminatoria no solo es perjudicial para las personas trans, sino que tambi\u00e9n socava los esfuerzos por construir una sociedad m\u00e1s inclusiva y respetuosa.<\/p>\n<p>La actividad en cuesti\u00f3n, lejos de ser perjudicial, representa un paso crucial hacia la promoci\u00f3n de la diversidad de g\u00e9nero y la educaci\u00f3n inclusiva. Al contar con la participaci\u00f3n de una persona trans y \u00abpap\u00e1 gestante\u00bb como facilitador, la actividad ofrece una oportunidad \u00fanica para sensibilizar a las madres y padres sobre las realidades de las personas trans y desafiar los estereotipos de g\u00e9nero arraigados en nuestra sociedad.<\/p>\n<p>Es fundamental reconocer que la identidad de g\u00e9nero es una experiencia \u00fanica y v\u00e1lida para cada individuo, y que no se limita a los roles tradicionales y binarios. Negar la existencia de las personas trans y sus experiencias solo perpet\u00faa la discriminaci\u00f3n y el sufrimiento de una comunidad que ya enfrenta una gran cantidad de desaf\u00edos.<\/p>\n<p>Adem\u00e1s, es importante destacar que las acusaciones de \u00abadoctrinamiento\u00bb por parte de las feministas TERFs carecen de fundamento y reflejan m\u00e1s bien sus propios prejuicios y temores infundados. La actividad en cuesti\u00f3n busca educar y sensibilizar, no imponer una agenda ideol\u00f3gica.<\/p>\n<p>En \u00faltima instancia, debemos rechazar firmemente la intolerancia y el odio promovidos por las feministas TERFs y apoyar iniciativas que promuevan la inclusi\u00f3n, el respeto y la aceptaci\u00f3n de la diversidad de g\u00e9nero. Es hora de construir un mundo donde todas las identidades sean celebradas y respetadas, y donde nadie sea dejado atr\u00e1s debido a su g\u00e9nero o identidad.<\/p>\n<blockquote class=\"wp-embedded-content\" data-secret=\"qTbDjRChPC\"><p><a href=\"https:\/\/atclibertad.wordpress.com\/2024\/02\/22\/desafiando-el-odio-y-promoviendo-la-inclusion-una-defensa-de-la-diversidad-de-genero\/\">Desafiando el Odio y Promoviendo la Inclusi\u00f3n: Una Defensa de la Diversidad de&nbsp;G\u00e9nero<\/a><\/p><\/blockquote>\n<p><iframe loading=\"lazy\" class=\"wp-embedded-content\" sandbox=\"allow-scripts\" security=\"restricted\" style=\"position: absolute; clip: rect(1px, 1px, 1px, 1px);\" title=\"\u00abDesafiando el Odio y Promoviendo la Inclusi\u00f3n: Una Defensa de la Diversidad de&nbsp;G\u00e9nero\u00bb \u2014  trans, intersex de Catalunya associaci\u00f3 ATC llibertat\" src=\"https:\/\/atclibertad.wordpress.com\/2024\/02\/22\/desafiando-el-odio-y-promoviendo-la-inclusion-una-defensa-de-la-diversidad-de-genero\/embed\/#?secret=NCPF8vfBlA#?secret=qTbDjRChPC\" data-secret=\"qTbDjRChPC\" width=\"600\" height=\"338\" frameborder=\"0\" marginwidth=\"0\" marginheight=\"0\" scrolling=\"no\"><\/iframe><\/p>\n<div class=\"entry-posted\"><\/div>\n","protected":false},"excerpt":{"rendered":"<p>Las acusaciones de \u00abadoctrinamiento\u00bb por parte de las feministas TERFs carecen de fundamento y reflejan m\u00e1s bien sus propios prejuicios y temores infundados.<\/p>\n","protected":false},"author":1,"featured_media":1235,"comment_status":"open","ping_status":"open","sticky":false,"template":"","format":"standard","meta":{"footnotes":""},"categories":[30,15],"tags":[],"class_list":["post-1233","post","type-post","status-publish","format-standard","has-post-thumbnail","hentry","category-en_portada","category-noticias"],"brizy_media":[],"_links":{"self":[{"href":"https:\/\/plataformatrans.es\/index.php\/wp-json\/wp\/v2\/posts\/1233","targetHints":{"allow":["GET"]}}],"collection":[{"href":"https:\/\/plataformatrans.es\/index.php\/wp-json\/wp\/v2\/posts"}],"about":[{"href":"https:\/\/plataformatrans.es\/index.php\/wp-json\/wp\/v2\/types\/post"}],"author":[{"embeddable":true,"href":"https:\/\/plataformatrans.es\/index.php\/wp-json\/wp\/v2\/users\/1"}],"replies":[{"embeddable":true,"href":"https:\/\/plataformatrans.es\/index.php\/wp-json\/wp\/v2\/comments?post=1233"}],"version-history":[{"count":1,"href":"https:\/\/plataformatrans.es\/index.php\/wp-json\/wp\/v2\/posts\/1233\/revisions"}],"predecessor-version":[{"id":1236,"href":"https:\/\/plataformatrans.es\/index.php\/wp-json\/wp\/v2\/posts\/1233\/revisions\/1236"}],"wp:featuredmedia":[{"embeddable":true,"href":"https:\/\/plataformatrans.es\/index.php\/wp-json\/wp\/v2\/media\/1235"}],"wp:attachment":[{"href":"https:\/\/plataformatrans.es\/index.php\/wp-json\/wp\/v2\/media?parent=1233"}],"wp:term":[{"taxonomy":"category","embeddable":true,"href":"https:\/\/plataformatrans.es\/index.php\/wp-json\/wp\/v2\/categories?post=1233"},{"taxonomy":"post_tag","embeddable":true,"href":"https:\/\/plataformatrans.es\/index.php\/wp-json\/wp\/v2\/tags?post=1233"}],"curies":[{"name":"wp","href":"https:\/\/api.w.org\/{rel}","templated":true}]}}