{"id":1216,"date":"2024-02-22T18:40:07","date_gmt":"2024-02-22T16:40:07","guid":{"rendered":"https:\/\/plataformatrans.es\/?p=1216"},"modified":"2024-03-10T12:57:25","modified_gmt":"2024-03-10T10:57:25","slug":"isabel-garcia-directora-del-instituto-de-las-mujeres-participa-en-un-acto-abiertamente-transfobo","status":"publish","type":"post","link":"https:\/\/plataformatrans.es\/index.php\/2024\/02\/22\/isabel-garcia-directora-del-instituto-de-las-mujeres-participa-en-un-acto-abiertamente-transfobo\/","title":{"rendered":"Isabel Garc\u00eda, directora del Instituto de las Mujeres, participa en un acto abiertamente tr\u00e1nsfobo\u00a0"},"content":{"rendered":"<p><strong>Isabel Garc\u00eda, directora del Instituto de las Mujeres, participa en un acto abiertamente tr\u00e1nsfobo\u00a0<\/strong><\/p>\n<p><em><span class=\"TextRun SCXW110333204 BCX0\" lang=\"ES-ES\" xml:lang=\"ES-ES\" data-contrast=\"auto\"><span class=\"NormalTextRun SCXW110333204 BCX0\">En el evento, organizado por <\/span><\/span><span class=\"TextRun SCXW110333204 BCX0\" lang=\"ES-ES\" xml:lang=\"ES-ES\" data-contrast=\"auto\"><span class=\"NormalTextRun SCXW110333204 BCX0\">\u201c<\/span><\/span><span class=\"TextRun SCXW110333204 BCX0\" lang=\"ES-ES\" xml:lang=\"ES-ES\" data-contrast=\"none\"><span class=\"NormalTextRun SCXW110333204 BCX0\">Docentes Feministas por la Coeducaci\u00f3n\u201d, se equiparaba a las personas trans con la\u00a0<\/span><span class=\"NormalTextRun SCXW110333204 BCX0\">pederastia, entre otros asuntos.<\/span><\/span><\/em><\/p>\n<p><span data-contrast=\"auto\">Isabel Garc\u00eda, directora del Instituto de las Mujeres, vuelve a sembrar la pol\u00e9mica acudiendo a un acto organizado por la asociaci\u00f3n \u201c<\/span><b><span data-contrast=\"none\">Docentes Feministas por la Coeducaci\u00f3n\u201d, <\/span><\/b><span data-contrast=\"none\">una asociaci\u00f3n de docentes de corte tr\u00e1nsfobo, que aglutina a docentes contrarias a las legislaciones trans, a los protocolos educativos de acompa\u00f1amiento al alumnado trans y se define en contra de la identidad de g\u00e9nero.<\/span><span data-ccp-props=\"{&quot;134233117&quot;:false,&quot;134233118&quot;:false,&quot;201341983&quot;:0,&quot;335551550&quot;:1,&quot;335551620&quot;:1,&quot;335559685&quot;:0,&quot;335559737&quot;:0,&quot;335559738&quot;:0,&quot;335559739&quot;:160,&quot;335559740&quot;:259}\">\u00a0<\/span><\/p>\n<p><span data-contrast=\"auto\">Todav\u00eda no hace dos meses desde que Isabel Garc\u00eda, en respuesta a la gran pol\u00e9mica suscitada por su nombramiento al frente del Instituto de las Mujeres, publicara un hilo en la red social X (antes Twitter) donde lamentaba \u201c<\/span><span data-contrast=\"none\">si alguno de mis comentarios personales, manifestados durante el debate previo a la tramitaci\u00f3n de la ley trans, hubieran podido causar alguna ofensa\u201d y dec\u00eda <\/span><span data-contrast=\"none\">trasladar su \u201ctotal y absoluto compromiso con la Ley 4\/2023, de 28 de febrero, para la igualdad real y efectiva de las personas trans y para la garant\u00eda de los derechos de las personas LGTBI. Una ley que ha concitado el consenso pol\u00edtico y que yo tambi\u00e9n apoyo firmemente\u201d. <\/span><span data-ccp-props=\"{&quot;134233117&quot;:false,&quot;134233118&quot;:false,&quot;201341983&quot;:1,&quot;335551550&quot;:0,&quot;335551620&quot;:0,&quot;335557856&quot;:16777215,&quot;335559685&quot;:-20,&quot;335559737&quot;:-20,&quot;335559738&quot;:0,&quot;335559739&quot;:0,&quot;335559740&quot;:300}\">\u00a0<\/span><\/p>\n<blockquote class=\"twitter-tweet\" data-width=\"550\" data-dnt=\"true\">\n<p lang=\"es\" dir=\"ltr\">Ante las opiniones de las \u00faltimas horas sobre mi nombramiento como directora del <a href=\"https:\/\/twitter.com\/InstMujeres?ref_src=twsrc%5Etfw\">@InstMujeres<\/a> , lamento si alguno de mis comentarios personales, manifestados durante el debate previo a la tramitaci\u00f3n de la ley trans, hubieran podido causar alguna ofensa.<\/p>\n<p>&mdash; isabel garcia \ud83c\udff3\ufe0f\u200d\ud83c\udf08\ud83d\udc9c\ud83d\ude4c (@isagarciasanc) <a href=\"https:\/\/twitter.com\/isagarciasanc\/status\/1740850024681226545?ref_src=twsrc%5Etfw\">December 29, 2023<\/a><\/p><\/blockquote>\n<p><script async src=\"https:\/\/platform.twitter.com\/widgets.js\" charset=\"utf-8\"><\/script><\/p>\n<p><img loading=\"lazy\" decoding=\"async\" class=\"alignnone size-full wp-image-1220\" src=\"http:\/\/plataformatrans.es\/wp-content\/uploads\/2024\/02\/isabel1.jpg\" alt=\"\" width=\"647\" height=\"591\" srcset=\"https:\/\/plataformatrans.es\/wp-content\/uploads\/2024\/02\/isabel1.jpg 647w, https:\/\/plataformatrans.es\/wp-content\/uploads\/2024\/02\/isabel1-300x274.jpg 300w\" sizes=\"auto, (max-width: 647px) 100vw, 647px\" \/><\/p>\n<p><span data-ccp-props=\"{&quot;134233117&quot;:false,&quot;134233118&quot;:false,&quot;201341983&quot;:1,&quot;335551550&quot;:0,&quot;335551620&quot;:0,&quot;335557856&quot;:16777215,&quot;335559685&quot;:-20,&quot;335559737&quot;:-20,&quot;335559738&quot;:0,&quot;335559739&quot;:0,&quot;335559740&quot;:300}\">\u00a0<\/span><span data-contrast=\"none\">No es muy compatible ese \u201ctotal y absoluto compromiso\u201d con la ley trans\/LGTBI con acudir a un acto con una organizaci\u00f3n que es una de sus mayores detractoras. Y es que entre los objetivos que se marcan <\/span><i><span data-contrast=\"none\">Docentes Feministas por la Coeducaci\u00f3n <\/span><\/i><span data-contrast=\"none\">est\u00e1n, entre otros: La derogaci\u00f3n de las leyes trans (tanto auton\u00f3micas como la estatal) y \u201cDerogar protocolos educativos trans y la eliminaci\u00f3n de la identidad de g\u00e9nero\u201d.<\/span><span data-ccp-props=\"{&quot;134233117&quot;:false,&quot;134233118&quot;:false,&quot;201341983&quot;:1,&quot;335551550&quot;:0,&quot;335551620&quot;:0,&quot;335557856&quot;:16777215,&quot;335559685&quot;:-20,&quot;335559737&quot;:-20,&quot;335559738&quot;:0,&quot;335559739&quot;:0,&quot;335559740&quot;:300}\">\u00a0<\/span><\/p>\n<p><span data-ccp-props=\"{&quot;134233117&quot;:false,&quot;134233118&quot;:false,&quot;201341983&quot;:1,&quot;335551550&quot;:0,&quot;335551620&quot;:0,&quot;335557856&quot;:16777215,&quot;335559685&quot;:-20,&quot;335559737&quot;:-20,&quot;335559738&quot;:0,&quot;335559739&quot;:0,&quot;335559740&quot;:300}\"><img loading=\"lazy\" decoding=\"async\" class=\"alignnone wp-image-1219\" src=\"http:\/\/plataformatrans.es\/wp-content\/uploads\/2024\/02\/GG4So9eW0AAZcRj-1024x559.jpg\" alt=\"\" width=\"660\" height=\"360\" srcset=\"https:\/\/plataformatrans.es\/wp-content\/uploads\/2024\/02\/GG4So9eW0AAZcRj-1024x559.jpg 1024w, https:\/\/plataformatrans.es\/wp-content\/uploads\/2024\/02\/GG4So9eW0AAZcRj-300x164.jpg 300w, https:\/\/plataformatrans.es\/wp-content\/uploads\/2024\/02\/GG4So9eW0AAZcRj-768x419.jpg 768w, https:\/\/plataformatrans.es\/wp-content\/uploads\/2024\/02\/GG4So9eW0AAZcRj-1536x838.jpg 1536w, https:\/\/plataformatrans.es\/wp-content\/uploads\/2024\/02\/GG4So9eW0AAZcRj.jpg 2041w\" sizes=\"auto, (max-width: 660px) 100vw, 660px\" \/><br \/>\n<\/span><\/p>\n<p><span data-contrast=\"none\">Entre las asistentas a este congreso tambi\u00e9n se encontraba la tambi\u00e9n miembro de DoFemCo, Silvia Carrasco Pons, que es a su vez fundadora de &#8216;Feministes de Catalunya&#8217; organizaci\u00f3n pantalla del TERFismo en Catalunya que se ha encargado de expandir en Catalunya el ideario TERF exportado por feministas conservadoras vinculadas al PSOE. <a href=\"https:\/\/ppcc.lahaine.org\/polemica-por-la-celebracion-de\">Carrasco ya ha sido protagonista de anteriores pol\u00e9micas por sus posicionamientos abiertamente tr\u00e1nsfobos<\/a>, as\u00ed como por ser una de las principales impulsoras de la denuncia contra 27 estudiantes por la ocupaci\u00f3n del rectorado de la UAB durante una protesta estudiantil. <\/span><span data-ccp-props=\"{&quot;134233117&quot;:false,&quot;134233118&quot;:false,&quot;201341983&quot;:1,&quot;335551550&quot;:0,&quot;335551620&quot;:0,&quot;335557856&quot;:16777215,&quot;335559685&quot;:-20,&quot;335559737&quot;:-20,&quot;335559738&quot;:0,&quot;335559739&quot;:0,&quot;335559740&quot;:300}\">\u00a0<\/span><\/p>\n<p><span data-ccp-props=\"{&quot;134233117&quot;:false,&quot;134233118&quot;:false,&quot;201341983&quot;:1,&quot;335551550&quot;:0,&quot;335551620&quot;:0,&quot;335557856&quot;:16777215,&quot;335559685&quot;:-20,&quot;335559737&quot;:-20,&quot;335559738&quot;:0,&quot;335559739&quot;:0,&quot;335559740&quot;:300}\">\u00a0<\/span><span data-contrast=\"none\">Entre los contenidos de este congreso podemos encontrar una ponencia que vincula a las personas trans con la pederastia, imparti<\/span><span data-contrast=\"auto\">da por Irene Ortega Beltr\u00e1n y llamada \u00ab<\/span><a href=\"https:\/\/dofemco.org\/congreso2024\/session\/irene-relacion-queer-pedofilia\/\"><span data-contrast=\"auto\">Relaci\u00f3n entre la teor\u00eda queer y la normalizaci\u00f3n de la pedofilia<\/span><\/a><span data-contrast=\"auto\">\u00bb\u00a0. En la descripci\u00f3n de la charla a\u00f1ade adem\u00e1s: \u201c<\/span><span data-contrast=\"none\">Desde sus or\u00edgenes la teor\u00eda queer nos muestra como transgresor la violencia sexual de toda la vida (pederastia, prostituci\u00f3n, pornograf\u00eda). Agenda queer y normalizaci\u00f3n de la pederastia\u201c<\/span><span data-contrast=\"auto\">. Otra de las ponencias, impartida por Cristina Lozano Gonz\u00e1lez, se titula \u201cTranshumanismo y transgenerismo en la posmodernidad\u201d. <\/span><span data-ccp-props=\"{&quot;134233117&quot;:false,&quot;134233118&quot;:false,&quot;201341983&quot;:1,&quot;335551550&quot;:0,&quot;335551620&quot;:0,&quot;335557856&quot;:16777215,&quot;335559685&quot;:-20,&quot;335559737&quot;:-20,&quot;335559738&quot;:0,&quot;335559739&quot;:0,&quot;335559740&quot;:300}\">\u00a0<\/span><\/p>\n<p><span data-ccp-props=\"{&quot;134233117&quot;:false,&quot;134233118&quot;:false,&quot;201341983&quot;:1,&quot;335551550&quot;:0,&quot;335551620&quot;:0,&quot;335557856&quot;:16777215,&quot;335559685&quot;:-20,&quot;335559737&quot;:-20,&quot;335559738&quot;:0,&quot;335559739&quot;:0,&quot;335559740&quot;:300}\">\u00a0<\/span><span data-contrast=\"auto\">\u201c<\/span><span data-contrast=\"none\">Docentes Feministas por la Coeducaci\u00f3n\u201d es adem\u00e1s firmante del comunicado, junto a la asociaci\u00f3n <\/span><span data-contrast=\"none\">Amanda, la Alianza Contra el Borrado de las Mujeres, FeMes \u2013 Feministas Socialistas y F\u00f3rum Feminista de Madrid del comunicado que recientemente aplaud\u00eda la derogaci\u00f3n de la ley trans de la Comunidad de Madrid por parte de Isabel D\u00edaz Ayuso, a la que calificaba de \u201cnecesaria, pero insuficiente\u201d e instaba a Ayuso a ir m\u00e1s all\u00e1 todav\u00eda, limitando el acceso del alumnado trans a \u201cespacios seguros\u201d tales como ba\u00f1os, vestuarios&#8230; Adem\u00e1s instaba a todas las comunidades aut\u00f3nomas a derogar las legislaciones trans\/LGTBI donde se reconoce la autodeterminaci\u00f3n de g\u00e9nero y pone tambi\u00e9n en el punto de mira la ley trans\/LGTBI estatal y exige<\/span><b><span data-contrast=\"none\"> \u201c<\/span><\/b><span data-contrast=\"none\">la reforma de todos los aspectos perniciosos que incluy\u00f3 la ley aprobada por el ejecutivo de Pedro S\u00e1nchez\u201d. En un tweet al hilo de la reciente aprobaci\u00f3n de la ley trans en Euskadi, DoFemCo afirmaba que \u201clas infancias trans no existen, las infancias trans se fabrican\u201d.<\/span><span data-ccp-props=\"{&quot;134233117&quot;:false,&quot;134233118&quot;:false,&quot;201341983&quot;:0,&quot;335551550&quot;:1,&quot;335551620&quot;:1,&quot;335557856&quot;:16777215,&quot;335559685&quot;:0,&quot;335559737&quot;:0,&quot;335559738&quot;:0,&quot;335559739&quot;:225,&quot;335559740&quot;:259}\">\u00a0<\/span><\/p>\n<p><span data-contrast=\"none\">El Congreso contaba tambi\u00e9n con el apoyo del Ayuntamiento de Riba-Roja de Turia, cuyo alcalde, Roberto Raga Gadea (del PSOE) inaugur\u00f3 el acto. Una vez m\u00e1s cargos p\u00fablicos dando su apoyo a espacios donde se vierten discursos de odio contra las personas trans y poniendo espacios p\u00fablicos como altavoz para la transfobia.<\/span><\/p>\n<blockquote class=\"twitter-tweet\" data-width=\"550\" data-dnt=\"true\">\n<p lang=\"es\" dir=\"ltr\">\u203c\ufe0fComienza el II Congreso Internacional de DoFemCo\u203c\ufe0fInaugura el acto el  Alcalde de Riba-Roja de Turia, Roberto Raga Gadea. <a href=\"https:\/\/twitter.com\/RobertRaga?ref_src=twsrc%5Etfw\">@RobertRaga<\/a>. Agradecemos al Ayuntamiento de Riba-Roja <a href=\"https:\/\/twitter.com\/ayto_riba_roja?ref_src=twsrc%5Etfw\">@ayto_riba_roja<\/a> la acogida y facilidades para la realizaci\u00f3n de este evento <a href=\"https:\/\/t.co\/ffQc4OK2KS\">pic.twitter.com\/ffQc4OK2KS<\/a><\/p>\n<p>&mdash; Docentes Feministas por la Coeducaci\u00f3n (@DoFemCo) <a href=\"https:\/\/twitter.com\/DoFemCo\/status\/1758774564023062579?ref_src=twsrc%5Etfw\">February 17, 2024<\/a><\/p><\/blockquote>\n<p><script async src=\"https:\/\/platform.twitter.com\/widgets.js\" charset=\"utf-8\"><\/script><\/p>\n<p><span data-contrast=\"none\">Hace unas semanas, Ana Redondo, actual ministra de Igualdad, dec\u00eda<a href=\"https:\/\/elpais.com\/sociedad\/2023-12-30\/isabel-garcia-se-disculpa-por-sus-comentarios-sobre-la-ley-trans-y-se-compromete-a-trabajar-por-una-politica-integradora.html\"> ser \u201cconsciente del malestar\u201d suscitado con el nombramiento<\/a> y lo justific\u00f3 diciendo que no ten\u00eda en cuenta el \u201ccurriculum digital\u201d de Garc\u00eda (en referencia a sus declaraciones transfobas en las redes sociales) quit\u00e1ndole importancia a sus mensajes de odio contra el colectivo trans. Redondo pidi\u00f3 entonces confianza y afirm\u00f3 que, si se produc\u00eda \u201ccualquier ataque a las l\u00edneas rojas del Ministerio\u201d, lo tendr\u00edan en cuenta. <\/span><span data-ccp-props=\"{&quot;134233117&quot;:false,&quot;134233118&quot;:false,&quot;201341983&quot;:1,&quot;335551550&quot;:0,&quot;335551620&quot;:0,&quot;335557856&quot;:16777215,&quot;335559685&quot;:-20,&quot;335559737&quot;:-20,&quot;335559738&quot;:0,&quot;335559739&quot;:0,&quot;335559740&quot;:300}\">\u00a0<\/span><\/p>\n<p><span data-ccp-props=\"{&quot;134233117&quot;:false,&quot;134233118&quot;:false,&quot;201341983&quot;:1,&quot;335551550&quot;:0,&quot;335551620&quot;:0,&quot;335557856&quot;:16777215,&quot;335559685&quot;:-20,&quot;335559737&quot;:-20,&quot;335559738&quot;:0,&quot;335559739&quot;:0,&quot;335559740&quot;:300}\">\u00a0<\/span><span data-contrast=\"none\">Ahora unas semanas despu\u00e9s de estas declaraciones, y tras la participaci\u00f3n de Isabel Garc\u00eda en este Congreso, la pelota est\u00e1 en el tejado de la ministra. \u00bfTomar\u00e1 medidas tajantes como la destituci\u00f3n de Garc\u00eda? \u00bfO seguir\u00e1 mirando hacia otro lado y habl\u00e1ndonos de \u201ccurriculums digitales\u201d mientras obvia la participaci\u00f3n de la directora del Instituto de las Mujeres en un acto donde se vierten discursos de odio contra un colectivo vulnerable y estigmatizado como es el colectivo trans?<\/span><span data-ccp-props=\"{&quot;134233117&quot;:false,&quot;134233118&quot;:false,&quot;201341983&quot;:1,&quot;335551550&quot;:0,&quot;335551620&quot;:0,&quot;335557856&quot;:16777215,&quot;335559685&quot;:-20,&quot;335559737&quot;:-20,&quot;335559738&quot;:0,&quot;335559739&quot;:0,&quot;335559740&quot;:300}\">\u00a0<\/span><\/p>\n<p><a href=\"https:\/\/twitter.com\/Edur_LH\"><em>@Edur_LH<\/em><\/a><\/p>\n<p><em>*Nota: Algunos de los datos utilizados para redactar este art\u00edculo han sido extra\u00eddos del excelente hilo publicado en Twitter\/X por <a href=\"https:\/\/twitter.com\/Luna_Eterna1\">@Luna_Eterna1<\/a>, que adjuntamos a continuaci\u00f3n<\/em><\/p>\n<blockquote class=\"twitter-tweet\" data-width=\"550\" data-dnt=\"true\">\n<p lang=\"es\" dir=\"ltr\">\ud83e\uddf5Isabel Garc\u00eda, directora del I. de las Mujeres, acaba de participar en un evento de DoFemCo, asociaci\u00f3n anti-trans que hizo campa\u00f1a contra la Ley Trans y recientemente critic\u00f3 el recorte del PP Ayuso por no ir lo suficientemente lejos<\/p>\n<p>\u2b07\ufe0fSigue (Ag\u00e1rrarrense que vienen curvas) <a href=\"https:\/\/t.co\/DlcOwhuSsT\">pic.twitter.com\/DlcOwhuSsT<\/a><\/p>\n<p>&mdash; Luna Eterna (@Luna_Eterna1) <a href=\"https:\/\/twitter.com\/Luna_Eterna1\/status\/1760403394169057452?ref_src=twsrc%5Etfw\">February 21, 2024<\/a><\/p><\/blockquote>\n<p><script async src=\"https:\/\/platform.twitter.com\/widgets.js\" charset=\"utf-8\"><\/script><\/p>\n","protected":false},"excerpt":{"rendered":"<p>En el evento, organizado por \u201cDocentes Feministas por la Coeducaci\u00f3n\u201d, se equiparaba a las personas trans con la pederastia, entre otros asuntos\u00a0<\/p>\n","protected":false},"author":1,"featured_media":1217,"comment_status":"open","ping_status":"open","sticky":false,"template":"","format":"standard","meta":{"footnotes":""},"categories":[30,15],"tags":[],"class_list":["post-1216","post","type-post","status-publish","format-standard","has-post-thumbnail","hentry","category-en_portada","category-noticias"],"brizy_media":[],"_links":{"self":[{"href":"https:\/\/plataformatrans.es\/index.php\/wp-json\/wp\/v2\/posts\/1216","targetHints":{"allow":["GET"]}}],"collection":[{"href":"https:\/\/plataformatrans.es\/index.php\/wp-json\/wp\/v2\/posts"}],"about":[{"href":"https:\/\/plataformatrans.es\/index.php\/wp-json\/wp\/v2\/types\/post"}],"author":[{"embeddable":true,"href":"https:\/\/plataformatrans.es\/index.php\/wp-json\/wp\/v2\/users\/1"}],"replies":[{"embeddable":true,"href":"https:\/\/plataformatrans.es\/index.php\/wp-json\/wp\/v2\/comments?post=1216"}],"version-history":[{"count":5,"href":"https:\/\/plataformatrans.es\/index.php\/wp-json\/wp\/v2\/posts\/1216\/revisions"}],"predecessor-version":[{"id":1232,"href":"https:\/\/plataformatrans.es\/index.php\/wp-json\/wp\/v2\/posts\/1216\/revisions\/1232"}],"wp:featuredmedia":[{"embeddable":true,"href":"https:\/\/plataformatrans.es\/index.php\/wp-json\/wp\/v2\/media\/1217"}],"wp:attachment":[{"href":"https:\/\/plataformatrans.es\/index.php\/wp-json\/wp\/v2\/media?parent=1216"}],"wp:term":[{"taxonomy":"category","embeddable":true,"href":"https:\/\/plataformatrans.es\/index.php\/wp-json\/wp\/v2\/categories?post=1216"},{"taxonomy":"post_tag","embeddable":true,"href":"https:\/\/plataformatrans.es\/index.php\/wp-json\/wp\/v2\/tags?post=1216"}],"curies":[{"name":"wp","href":"https:\/\/api.w.org\/{rel}","templated":true}]}}