{"id":1210,"date":"2024-02-21T00:27:26","date_gmt":"2024-02-20T22:27:26","guid":{"rendered":"http:\/\/plataformatrans.es\/?p=1210"},"modified":"2024-02-22T22:31:07","modified_gmt":"2024-02-22T20:31:07","slug":"la-audiencia-de-barcelona-condena-a-una-mujer-por-comentarios-transfobos-en-redes-sociales","status":"publish","type":"post","link":"https:\/\/plataformatrans.es\/index.php\/2024\/02\/21\/la-audiencia-de-barcelona-condena-a-una-mujer-por-comentarios-transfobos-en-redes-sociales\/","title":{"rendered":"La Audiencia de Barcelona condena a una mujer por comentarios tr\u00e1nsfobos en redes sociales"},"content":{"rendered":"<div id=\"layer_1274550\" class=\"layer wrapper  \">\n<div class=\"layer_content clearfix \">\n<div id=\"column_1841980\" class=\"column b-col-tiny-12 b-col-small-12 b-col-medium-12 b-col-large-custom\">\n<div class=\"column_content \">\n<div id=\"widget_3175546\" class=\"widget clearfix\">\n<div class=\"widget_content front_widget \">\n<div class=\"article_main\">\n<h5 class=\"article_title\">La Audiencia de Barcelona condena a una mujer por comentarios tr\u00e1nsfobos en redes sociales<\/h5>\n<\/div>\n<\/div>\n<\/div>\n<\/div>\n<\/div>\n<\/div>\n<\/div>\n<div id=\"layer_1274551\" class=\"layer wrapper  \">\n<div class=\"layer_content clearfix \">\n<div id=\"column_1841981\" class=\"column b-col-tiny-12 b-col-small-12 b-col-medium-12 b-col-large-custom\">\n<div class=\"column_content \">\n<div id=\"widget_3251156\" class=\"widget clearfix\">La Audiencia de Barcelona ha condenado a una mujer por un delito contra los derechos fundamentales y libertades p\u00fablicas por comentarios tr\u00e1nsfobos en sus redes sociales.<\/div>\n<\/div>\n<\/div>\n<\/div>\n<\/div>\n<p>En la sentencia, consultada por Europa Press este martes, el tribunal le impone una pena de seis meses de prisi\u00f3n y acuerda suspendida a condici\u00f3n de que no reincida en los pr\u00f3ximos dos a\u00f1os.<\/p>\n<p>La condena tambi\u00e9n incluye una multa de 720 euros, una inhabilitaci\u00f3n para trabajar en el \u00e1mbito educativo, del deporte o del ocio durante tres a\u00f1os y medio, y una indemnizaci\u00f3n de 3.850 para una mujer a la que insult\u00f3 en Twitter, de quien tambi\u00e9n le impone una orden de alejamiento durante 2 a\u00f1os.<\/p>\n<p>En una publicaci\u00f3n del 25 de febrero de 2020, la acusada twitte\u00f3 una foto de una mujer trans y en un comentario la llamaba \u00abmaric\u00f3n con tetas\u00bb.<\/p>\n<p>Los jueces constatan que esa publicaci\u00f3n, \u00abadem\u00e1s de cuestionar un aspecto tan \u00edntimo de la personalidad, como es el g\u00e9nero\u00bb, qued\u00f3 expuesta ante su c\u00edrculo laboral y social que, hasta entonces, no sab\u00eda que era transg\u00e9nero y no se hab\u00eda hecho una operaci\u00f3n de cambio de sexo.<\/p>\n<p><strong>Quer\u00eda ridiculizarla<\/strong><\/p>\n<p>A\u00f1aden que los comentarios despectivos que hizo sobre su identidad de g\u00e9nero son reflejo del menosprecio que siente hacia las personas trans y evidencian \u00abal poner en duda su g\u00e9nero, una clara voluntad de ridiculizarla, consiguiendo generar en ella sentimientos de humillaci\u00f3n en menoscabo de su dignidad\u00bb.<\/p>\n<p>Los magistrados tambi\u00e9n apuntan en la sentencia que la acusada hizo otras publicaciones tr\u00e1nsfobas en sus perfiles de Facebook y Twitter, y tuvo una cuenta suspendida por publicaciones de este tipo.<\/p>\n<p><a href=\"https:\/\/www.europapress.es\/catalunya\/noticia-audiencia-barcelona-condena-mujer-comentarios-transfobos-redes-sociales-20240220154325.html?utm_campaign=smartclip_social&amp;utm_medium=Social&amp;utm_source=Twitter\">https:\/\/www.europapress.es\/catalunya\/noticia-audiencia-barcelona-condena-mujer-comentarios-transfobos-redes-sociales-20240220154325.html?utm_campaign=smartclip_social&amp;utm_medium=Social&amp;utm_source=Twitter<\/a><\/p>\n","protected":false},"excerpt":{"rendered":"<p>En una publicaci\u00f3n del 25 de febrero de 2020, la acusada twitte\u00f3 una foto de una mujer trans y en un comentario la llamaba \u00abmaric\u00f3n con tetas\u00bb.<\/p>\n","protected":false},"author":1,"featured_media":1211,"comment_status":"open","ping_status":"open","sticky":false,"template":"","format":"standard","meta":{"footnotes":""},"categories":[30,15],"tags":[],"class_list":["post-1210","post","type-post","status-publish","format-standard","has-post-thumbnail","hentry","category-en_portada","category-noticias"],"brizy_media":[],"_links":{"self":[{"href":"https:\/\/plataformatrans.es\/index.php\/wp-json\/wp\/v2\/posts\/1210","targetHints":{"allow":["GET"]}}],"collection":[{"href":"https:\/\/plataformatrans.es\/index.php\/wp-json\/wp\/v2\/posts"}],"about":[{"href":"https:\/\/plataformatrans.es\/index.php\/wp-json\/wp\/v2\/types\/post"}],"author":[{"embeddable":true,"href":"https:\/\/plataformatrans.es\/index.php\/wp-json\/wp\/v2\/users\/1"}],"replies":[{"embeddable":true,"href":"https:\/\/plataformatrans.es\/index.php\/wp-json\/wp\/v2\/comments?post=1210"}],"version-history":[{"count":1,"href":"https:\/\/plataformatrans.es\/index.php\/wp-json\/wp\/v2\/posts\/1210\/revisions"}],"predecessor-version":[{"id":1212,"href":"https:\/\/plataformatrans.es\/index.php\/wp-json\/wp\/v2\/posts\/1210\/revisions\/1212"}],"wp:featuredmedia":[{"embeddable":true,"href":"https:\/\/plataformatrans.es\/index.php\/wp-json\/wp\/v2\/media\/1211"}],"wp:attachment":[{"href":"https:\/\/plataformatrans.es\/index.php\/wp-json\/wp\/v2\/media?parent=1210"}],"wp:term":[{"taxonomy":"category","embeddable":true,"href":"https:\/\/plataformatrans.es\/index.php\/wp-json\/wp\/v2\/categories?post=1210"},{"taxonomy":"post_tag","embeddable":true,"href":"https:\/\/plataformatrans.es\/index.php\/wp-json\/wp\/v2\/tags?post=1210"}],"curies":[{"name":"wp","href":"https:\/\/api.w.org\/{rel}","templated":true}]}}