{"id":1205,"date":"2024-02-14T17:04:42","date_gmt":"2024-02-14T15:04:42","guid":{"rendered":"http:\/\/plataformatrans.es\/?p=1205"},"modified":"2024-02-14T17:04:42","modified_gmt":"2024-02-14T15:04:42","slug":"crowdfunding-por-unas-instituciones-libres-de-transfobia","status":"publish","type":"post","link":"https:\/\/plataformatrans.es\/index.php\/2024\/02\/14\/crowdfunding-por-unas-instituciones-libres-de-transfobia\/","title":{"rendered":"[Crowdfunding] Por unas instituciones libres de transfobia"},"content":{"rendered":"<header class=\"p-campaign-header\">\n<p class=\"hrt-mb-0 p-campaign-title\"><strong>[Crowdfunding] Por unas instituciones libres de transfobia<\/strong><\/p>\n<\/header>\n<div class=\"p-campaign-sidebar\"><\/div>\n<div class=\"p-campaign-description\">\n<div class=\"hrt-mt-0 hrt-mb-0 hrt-rule hrt-rule--horizontal\"><\/div>\n<div class=\"campaign-description_campaignDescription__6P_RU\">\n<div class=\"campaign-description_content__C1C_5 hrt-mt-3 campaign-description_isOpen__4cQeG\">\n<div><\/div>\n<div>El 11 de Febrero de 2024 el presidente del Gobierno ha nombrado a Carmen Calvo presidenta del Consejo de Estado,\u00a0<strong>este hecho es un claro ejemplo de como la transfobia en lugar de ser repudiada, se premia.<\/strong><\/div>\n<div><\/div>\n<div>Carmen Calvo lider\u00f3 la violencia y el odio hacia las personas trans, con una campa\u00f1a que es lanzada en 2020 con el argumentario o \u00abcatecismo de odio\u00bb hacia las personas trans, nacido de Ferr\u00e1z, que ha sido el ideario de todas las terfas pero tambi\u00e9n la \u00abgu\u00eda espiritual\u00bb de la ultraderecha.<\/div>\n<div><\/div>\n<div>Carmen Calvo hizo que Espa\u00f1a en 2022 por primera vez apareciera en un informe del Consejo de Europa sobre violencia hacia las personas trans, se\u00f1al\u00e1ndola a ella en concreto por la virulencia de sus mensajes contra los derechos de las personas trans.<\/div>\n<div><\/div>\n<div>Que un gobierno progresista lance este mensaje contundente de \u00abAqu\u00ed se premia la transfobia\u00bb, como han dejado claro nombrando el pasado mes de diciembre como directora del Instituto de las Mujeres a una activista transodiante y dos meses m\u00e1s tarde, premiando a Carmen Calvo, con el cargo de presidenta del Consejo de Estado.<\/div>\n<div><\/div>\n<div>Nos da miedo como la ultraderecha ha felicitado al PSOE y a Carmen Calvo, en relaci\u00f3n a su transfobia.<\/div>\n<div><\/div>\n<div><strong>\u00bfQu\u00e9 podemos hacer para detener la transfobia en las instituciones?<\/strong><\/div>\n<div><\/div>\n<div>Podemos parar la transfobia en las instituciones. Interponiendo un Recurso Contencioso Administrativo contra este nombramiento ante el Tribunal Supremo.<\/div>\n<div><\/div>\n<div><strong>\u00bfA d\u00f3nde va el dinero?<\/strong><\/div>\n<div><\/div>\n<div>Para interponer el Recurso Contencioso Administrativo, que no es gratuito, y poder pagar los costes de abogad@ y procurador@ que defender\u00e1n los intereses de las personas trans de todo el estado.<\/div>\n<div><\/div>\n<div>Honorarios bufete de abogados iva incluido 2.300,00 \u20ac<\/div>\n<div>Honorarios procurador. 200,00 \u20ac<\/div>\n<div>Previsi\u00f3n pago de costas. 1.000,00 \u20ac<\/div>\n<div><\/div>\n<div>TOTAL. 3.500,00 \u20ac<\/div>\n<div><\/div>\n<div>Si no se utilizar\u00e1 el importe de previsi\u00f3n del pago de costas, este se destinar\u00e1 para un fondo de futuros litigios destinados a defender los derechos de las personas trans.<\/div>\n<div><\/div>\n<div><strong>\u00bfQui\u00e9nes somos?<\/strong><\/div>\n<div><\/div>\n<div>La Federaci\u00f3n Plataforma Trans se crea en 2015 con el objetivo de aunar a los colectivos espec\u00edficamente trans y de luchar por una ley trans estatal que reconociera la autodeterminaci\u00f3n de g\u00e9nero y despatologizara las identidades trans.<\/div>\n<div>Es la primera y \u00fanica Federaci\u00f3n estatal de asociaciones trans en el Estado espa\u00f1ol. Actualmente agrupa al 80% de entidades trans de diferentes territorios del Estado espa\u00f1ol, siendo una voz legitimada por el colectivo trans y ostentando la vocalia para defender la dignidad y los derechos de las personas trans en el Consejo Nacional LGTBI.<\/div>\n<div><\/div>\n<\/div>\n<\/div>\n<\/div>\n<div><a href=\"https:\/\/www.gofundme.com\/f\/por-unas-instituciones-libres-de-transfobia?utm_campaign=p_lico+share-sheet-first-launch&amp;utm_medium=copy_link&amp;utm_source=customer\"><strong>Para donar a esta campa\u00f1a pincha aqu\u00ed<\/strong><\/a><\/div>\n","protected":false},"excerpt":{"rendered":"<p>El 11 de Febrero de 2024 el presidente del Gobierno ha nombrado a Carmen Calvo presidenta del Consejo de Estado,\u00a0este hecho es un claro ejemplo de como la transfobia en lugar de ser repudiada, se premia.<\/p>\n","protected":false},"author":1,"featured_media":1202,"comment_status":"open","ping_status":"open","sticky":false,"template":"","format":"standard","meta":{"footnotes":""},"categories":[8,30],"tags":[],"class_list":["post-1205","post","type-post","status-publish","format-standard","has-post-thumbnail","hentry","category-comunicados-plataforma","category-en_portada"],"brizy_media":[],"_links":{"self":[{"href":"https:\/\/plataformatrans.es\/index.php\/wp-json\/wp\/v2\/posts\/1205","targetHints":{"allow":["GET"]}}],"collection":[{"href":"https:\/\/plataformatrans.es\/index.php\/wp-json\/wp\/v2\/posts"}],"about":[{"href":"https:\/\/plataformatrans.es\/index.php\/wp-json\/wp\/v2\/types\/post"}],"author":[{"embeddable":true,"href":"https:\/\/plataformatrans.es\/index.php\/wp-json\/wp\/v2\/users\/1"}],"replies":[{"embeddable":true,"href":"https:\/\/plataformatrans.es\/index.php\/wp-json\/wp\/v2\/comments?post=1205"}],"version-history":[{"count":1,"href":"https:\/\/plataformatrans.es\/index.php\/wp-json\/wp\/v2\/posts\/1205\/revisions"}],"predecessor-version":[{"id":1206,"href":"https:\/\/plataformatrans.es\/index.php\/wp-json\/wp\/v2\/posts\/1205\/revisions\/1206"}],"wp:featuredmedia":[{"embeddable":true,"href":"https:\/\/plataformatrans.es\/index.php\/wp-json\/wp\/v2\/media\/1202"}],"wp:attachment":[{"href":"https:\/\/plataformatrans.es\/index.php\/wp-json\/wp\/v2\/media?parent=1205"}],"wp:term":[{"taxonomy":"category","embeddable":true,"href":"https:\/\/plataformatrans.es\/index.php\/wp-json\/wp\/v2\/categories?post=1205"},{"taxonomy":"post_tag","embeddable":true,"href":"https:\/\/plataformatrans.es\/index.php\/wp-json\/wp\/v2\/tags?post=1205"}],"curies":[{"name":"wp","href":"https:\/\/api.w.org\/{rel}","templated":true}]}}