{"id":1174,"date":"2024-01-22T19:53:13","date_gmt":"2024-01-22T17:53:13","guid":{"rendered":"http:\/\/plataformatrans.es\/?p=1174"},"modified":"2025-12-22T14:41:18","modified_gmt":"2025-12-22T12:41:18","slug":"mexico-transfobico-protestan-en-cdmx-contra-transfeminicidio-de-activista-samantha-fonseca","status":"publish","type":"post","link":"https:\/\/plataformatrans.es\/index.php\/2024\/01\/22\/mexico-transfobico-protestan-en-cdmx-contra-transfeminicidio-de-activista-samantha-fonseca\/","title":{"rendered":"&#8216;M\u00e9xico transf\u00f3bico&#8217;: Protestan en CDMX contra transfeminicidio de activista Samantha Fonseca"},"content":{"rendered":"<h6 class=\"titulo-principal\">&#8216;M\u00e9xico transf\u00f3bico&#8217;: Protestan en CDMX contra transfeminicidio de activista Samantha Fonseca<\/h6>\n<p>Las activistas advirtieron que al menos 4 mujeres trans han sido asesinadas en 2024, y reprobaron los comentarios de AMLO sobre Salma Lu\u00e9vano.<\/p>\n<address>\u00a0<\/address>\n<div class=\"row pb-2\">\n<div class=\"col-12 text-right\">\n<div class=\"share\">\n<div class=\"row\"><\/div>\n<\/div>\n<\/div>\n<\/div>\n<div>Activistas trans y organizaciones <strong>LGBTIQ+<\/strong>\u00a0protestaron frente a\u00a0<strong>Palacio Nacional, en la Ciudad de M\u00e9xico,<\/strong>\u00a0contra la transfobia y los\u00a0<strong>transfeminicidios,<\/strong>\u00a0tras el asesinato la activista y pol\u00edtica\u00a0<strong>Samantha Fonseca,<\/strong>\u00a0la cuarta mujer trans asesinada en lo que va del a\u00f1o en el pa\u00eds.<\/div>\n<div class=\"contenido\">\n<div class=\"w-100\">\n<div class=\"wrappercont\">\n<div>\n<p>El grupo coloc\u00f3 sobre los muros del edificio sede de las oficinas de la\u00a0<strong>Presidencia de la Rep\u00fablica<\/strong>\u00a0los mensajes \u201clas vidas trans importan\u201d, \u201cM\u00e9xico transf\u00f3bico\u201d y \u201cLey integral trans\u201d.<\/p>\n<\/div>\n<div>\n<p>Asimismo, denunciaron la malgeneriziaci\u00f3n que hizo el<strong>\u00a0presidente Andr\u00e9s Manuel L\u00f3pez Obrador<\/strong>\u00a0contra la diputada morenista\u00a0<strong>Salma Lu\u00e9vano,<\/strong>\u00a0a quien llam\u00f3 \u201cse\u00f1or vestido de mujer\u201d.<\/p>\n<\/div>\n<div><\/div>\n<div>\n<p>\u201cAndr\u00e9s Manuel L\u00f3pez Obrador, t\u00fa tambi\u00e9n tienes las manos manchadas de sangre porque desde tu posici\u00f3n has contribuido al aumento de violencia contra las personas trans\u201d, expres\u00f3 con un meg\u00e1fono la activista Victoria S\u00e1mano, de la organizaci\u00f3n LLECA.<\/p>\n<\/div>\n<div>\n<p><iframe src=\"https:\/\/snippet.univtec.com\/player.html?data-insight=eyJndWlkIjoiN2RiYjgxMTYtNjRkMy00NTA4LWI5MzEtODJmYmZmNmE5NzEwIiwidHlwZSI6InZvZHMiLCJhY2NvdW50SWQiOiI2MmI0NzcyODgyM2I4MWY5OGM4YzdkMDgiLCJjbGllbnQiOiJhcmlzdGVndWkiLCJhcGkiOiJodHRwczovL2luc2lnaHQtYXBpLWZyYW5rbHkudW5pdnRlYy5jb20vIn0=\" allowfullscreen=\"allowfullscreen\" data-mce-fragment=\"1\"><\/iframe><\/p>\n<\/div>\n<div>\n<p>S\u00e1mano explic\u00f3 que con la protesta tambi\u00e9n exigen que se apruebe la Ley Integral Trans, que busca incidir en la educaci\u00f3n, vivienda, salud y trabajo para este sector.<\/p>\n<\/div>\n<div><\/div>\n<div>\n<p>Las activistas tambi\u00e9n denunciaron que las autoridades intentaron reprimir la protesta, mientras realizaban pintas en la fachada. Momentos despu\u00e9s, la polic\u00eda se repleg\u00f3 y permaneci\u00f3 a un lado hasta que las personas trans y no binaries concluyeron.<\/p>\n<\/div>\n<div>\n<p>La protesta ocurre un d\u00eda despu\u00e9s del presunto feminicidio de la activista trans y aspirante al Senado por Morena, Samantha Fonseca, en la colonia\u00a0<strong>Santiago Tepalcatlalpan, alcald\u00eda Xochimilco.\u00a0<\/strong><\/p>\n<\/div>\n<div>\n<p><strong>Te puede interesar &gt;\u00a0<\/strong><a href=\"https:\/\/aristeguinoticias.com\/1401\/mexico\/asesinan-en-cdmx-a-la-morenista-y-activista-trans-samantha-fonseca\/\" target=\"_blank\" rel=\"noopener\">Asesinan en CDMX a la morenista y activista trans Samantha Fonseca<\/a><\/p>\n<\/div>\n<div><\/div>\n<div>\n<p>Fonseca fue asesinada a balazos \u00a0el domingo cuando sal\u00eda del\u00a0<strong>Reclusorio Sur\u00a0<\/strong>de Ciudad de M\u00e9xico, donde era defensora de derechos humanos y hab\u00eda participado en el gobernante<strong>\u00a0Movimiento Regeneraci\u00f3n Nacional (Morena),<\/strong>\u00a0partido de L\u00f3pez Obrador.<\/p>\n<\/div>\n<div>\n<p>Este es ya el cuarto asesinato de una persona trans en los primeros 15 d\u00edas del a\u00f1o en M\u00e9xico, donde el s\u00e1bado reportaron el hallazgo del cad\u00e1ver de una mujer trans no identificada en\u00a0<strong>Tlaquepaque,<\/strong>\u00a0en el estado de\u00a0<strong>Jalisco.<\/strong><\/p>\n<\/div>\n<div>\n<p>El jueves pasado mataron a<strong>\u00a0Miriam R\u00edos R\u00edos,<\/strong>\u00a0comisionada trans del partido opositor M<strong>ovimiento Ciudadano (MC)<\/strong>\u00a0en\u00a0<strong>Michoac\u00e1n,<\/strong>\u00a0estado del oeste del pa\u00eds.<\/p>\n<\/div>\n<div><\/div>\n<div>\n<p><img loading=\"lazy\" decoding=\"async\" class=\"aligncenter size-large wp-image-1356451\" src=\"https:\/\/editorial.aristeguinoticias.com\/wp-content\/uploads\/2024\/01\/samantha-fonseca-activista-trans-asesinada-cdmx-morena-700x438.jpg\" sizes=\"auto, (max-width: 700px) 100vw, 700px\" srcset=\"https:\/\/editorial.aristeguinoticias.com\/wp-content\/uploads\/2024\/01\/samantha-fonseca-activista-trans-asesinada-cdmx-morena-700x438.jpg 700w, https:\/\/editorial.aristeguinoticias.com\/wp-content\/uploads\/2024\/01\/samantha-fonseca-activista-trans-asesinada-cdmx-morena-250x156.jpg 250w, https:\/\/editorial.aristeguinoticias.com\/wp-content\/uploads\/2024\/01\/samantha-fonseca-activista-trans-asesinada-cdmx-morena-768x480.jpg 768w, https:\/\/editorial.aristeguinoticias.com\/wp-content\/uploads\/2024\/01\/samantha-fonseca-activista-trans-asesinada-cdmx-morena-628x393.jpg 628w, https:\/\/editorial.aristeguinoticias.com\/wp-content\/uploads\/2024\/01\/samantha-fonseca-activista-trans-asesinada-cdmx-morena-298x186.jpg 298w, https:\/\/editorial.aristeguinoticias.com\/wp-content\/uploads\/2024\/01\/samantha-fonseca-activista-trans-asesinada-cdmx-morena-295x184.jpg 295w, https:\/\/editorial.aristeguinoticias.com\/wp-content\/uploads\/2024\/01\/samantha-fonseca-activista-trans-asesinada-cdmx-morena-205x128.jpg 205w, https:\/\/editorial.aristeguinoticias.com\/wp-content\/uploads\/2024\/01\/samantha-fonseca-activista-trans-asesinada-cdmx-morena-720x450.jpg 720w, https:\/\/editorial.aristeguinoticias.com\/wp-content\/uploads\/2024\/01\/samantha-fonseca-activista-trans-asesinada-cdmx-morena-333x208.jpg 333w, https:\/\/editorial.aristeguinoticias.com\/wp-content\/uploads\/2024\/01\/samantha-fonseca-activista-trans-asesinada-cdmx-morena-120x75.jpg 120w, https:\/\/editorial.aristeguinoticias.com\/wp-content\/uploads\/2024\/01\/samantha-fonseca-activista-trans-asesinada-cdmx-morena.jpg 1200w\" alt=\"\" width=\"700\" height=\"438\" \/><\/p>\n<\/div>\n<div>\n<p>Y el 6 de enero apareci\u00f3 muerta la estilista Gaby Ortiz en el estado de Hidalgo junto a una cartulina con un mensaje de odio.<\/p>\n<\/div>\n<div>\n<p>La indignaci\u00f3n ha crecido porque el lunes pasado L\u00f3pez Obrador se refiri\u00f3 a una diputada trans de su partido, Salma Lu\u00e9vano, como \u201cun se\u00f1or vestido de mujer\u201d, aunque un d\u00eda despu\u00e9s pidi\u00f3 perd\u00f3n y reconoci\u00f3 el derecho a la identidad de g\u00e9nero.<\/p>\n<\/div>\n<div><\/div>\n<div>\n<p>Aunque al menos 20 de los 32 estados han legislado la identidad de g\u00e9nero, M\u00e9xico es el segundo pa\u00eds de\u00a0<strong>Latinoam\u00e9rica<\/strong>\u00a0con m\u00e1s violencia por homofobia y transfobia, despu\u00e9s de\u00a0<strong>Brasil,<\/strong>\u00a0seg\u00fan el Observatorio Nacional de Cr\u00edmenes de Odio LGBT de la Fundaci\u00f3n Arco\u00edris.<\/p>\n<\/div>\n<div>\n<p>En M\u00e9xico hubo 52 asesinatos de personas trans y de g\u00e9nero diverso entre octubre de 2022 y septiembre de 2023, solo por debajo de 100 en Brasil, seg\u00fan datos del proyecto de investigaci\u00f3n Monitoreo de Asesinatos Trans 2023, de TGEU (Transgender Europe) citados por Statista.<\/p>\n<p><a href=\"https:\/\/aristeguinoticias.com\/1501\/mexico\/mexico-transfobico-protestan-en-cdmx-contra-transfeminicidio-de-activista-samantha-fonseca\/\">https:\/\/aristeguinoticias.com\/1501\/mexico\/mexico-transfobico-protestan-en-cdmx-contra-transfeminicidio-de-activista-samantha-fonseca\/<\/a><\/p>\n<\/div>\n<\/div>\n<\/div>\n<\/div>\n","protected":false},"excerpt":{"rendered":"<p>Las activistas advirtieron que al menos 4 mujeres trans han sido asesinadas en 2024, y reprobaron los comentarios de AMLO sobre Salma Lu\u00e9vano.<\/p>\n","protected":false},"author":1,"featured_media":1175,"comment_status":"open","ping_status":"open","sticky":false,"template":"","format":"standard","meta":{"footnotes":""},"categories":[30,43,15],"tags":[],"class_list":["post-1174","post","type-post","status-publish","format-standard","has-post-thumbnail","hentry","category-en_portada","category-internacional","category-noticias"],"brizy_media":[],"_links":{"self":[{"href":"https:\/\/plataformatrans.es\/index.php\/wp-json\/wp\/v2\/posts\/1174","targetHints":{"allow":["GET"]}}],"collection":[{"href":"https:\/\/plataformatrans.es\/index.php\/wp-json\/wp\/v2\/posts"}],"about":[{"href":"https:\/\/plataformatrans.es\/index.php\/wp-json\/wp\/v2\/types\/post"}],"author":[{"embeddable":true,"href":"https:\/\/plataformatrans.es\/index.php\/wp-json\/wp\/v2\/users\/1"}],"replies":[{"embeddable":true,"href":"https:\/\/plataformatrans.es\/index.php\/wp-json\/wp\/v2\/comments?post=1174"}],"version-history":[{"count":1,"href":"https:\/\/plataformatrans.es\/index.php\/wp-json\/wp\/v2\/posts\/1174\/revisions"}],"predecessor-version":[{"id":1176,"href":"https:\/\/plataformatrans.es\/index.php\/wp-json\/wp\/v2\/posts\/1174\/revisions\/1176"}],"wp:featuredmedia":[{"embeddable":true,"href":"https:\/\/plataformatrans.es\/index.php\/wp-json\/wp\/v2\/media\/1175"}],"wp:attachment":[{"href":"https:\/\/plataformatrans.es\/index.php\/wp-json\/wp\/v2\/media?parent=1174"}],"wp:term":[{"taxonomy":"category","embeddable":true,"href":"https:\/\/plataformatrans.es\/index.php\/wp-json\/wp\/v2\/categories?post=1174"},{"taxonomy":"post_tag","embeddable":true,"href":"https:\/\/plataformatrans.es\/index.php\/wp-json\/wp\/v2\/tags?post=1174"}],"curies":[{"name":"wp","href":"https:\/\/api.w.org\/{rel}","templated":true}]}}