{"id":1161,"date":"2024-01-08T23:56:00","date_gmt":"2024-01-08T21:56:00","guid":{"rendered":"http:\/\/plataformatrans.es\/?p=1161"},"modified":"2024-01-22T19:57:21","modified_gmt":"2024-01-22T17:57:21","slug":"mar-cambrolle-el-nombramiento-de-isabel-garcia-es-una-provocacion-y-una-falta-de-respeto-al-colectivo-trans","status":"publish","type":"post","link":"https:\/\/plataformatrans.es\/index.php\/2024\/01\/08\/mar-cambrolle-el-nombramiento-de-isabel-garcia-es-una-provocacion-y-una-falta-de-respeto-al-colectivo-trans\/","title":{"rendered":"Mar Cambroll\u00e9: \u201cEl nombramiento de Isabel Garc\u00eda es una provocaci\u00f3n y una falta de respeto al colectivo trans\u201d"},"content":{"rendered":"<div class=\"et_post_meta_wrapper\">\n<pre class=\"entry-title\"><\/pre>\n<h5 class=\"post-meta\">Mar Cambroll\u00e9: \u201cEl nombramiento de Isabel Garc\u00eda es una provocaci\u00f3n y una falta de respeto al colectivo trans\u201d<\/h5>\n<\/div>\n<div class=\"entry-content\">\n<h6>Por qu\u00e9 protestan<\/h6>\n<p>El pr\u00f3ximo martes, 9 de enero, varias organizaciones trans se concentrar\u00e1n frente al Ministerio de Igualdad para pedir el cese de la nueva directora del Instituto de las Mujeres, Isabel Garc\u00eda, nombrada el pasado 23 de diciembre por el Consejo de Ministros. La protesta, convocada por la Federaci\u00f3n Plataforma Trans, cuenta con el apoyo de otras entidades como Euforia Familias Trans-Aliadas, Apoyo Positivo, Fundaci\u00f3n Tri\u00e1ngulo o GALEHI Asociaci\u00f3n de Familias LGTBI.<\/p>\n<p>Los colectivos trans consideran que Garc\u00eda no es apta para el cargo, ya que ha mantenido posturas transf\u00f3bicas y contrarias a los derechos de las personas trans durante la tramitaci\u00f3n de la Ley Trans. Seg\u00fan denuncian, Garc\u00eda se opone al reconocimiento de la autodeterminaci\u00f3n de g\u00e9nero, es decir, el derecho de las personas trans a cambiar su nombre y sexo registral sin necesidad de informes m\u00e9dicos ni psicol\u00f3gicos.<\/p>\n<p>Adem\u00e1s, acusan a Garc\u00eda de estar alineada con la presidenta de la Comunidad de Madrid, Isabel D\u00edaz Ayuso, quien ha derogado algunos aspectos de las leyes trans y LGTBI aprobadas por el anterior gobierno regional. Seg\u00fan los colectivos trans, estas medidas suponen un retroceso en la protecci\u00f3n y la inclusi\u00f3n de las personas trans, especialmente las menores de edad, que quedan desamparadas ante el acoso escolar, la discriminaci\u00f3n o la violencia.<\/p>\n<h6>Qu\u00e9 piden<\/h6>\n<p>Los colectivos trans piden al Ministerio de Igualdad que revoque el nombramiento de Garc\u00eda y que designe a otra persona que defienda los derechos de todas las mujeres, incluidas las trans.<\/p>\n<p>Los colectivos trans tambi\u00e9n reclaman que se implementen pol\u00edticas p\u00fablicas para mejorar la situaci\u00f3n de las personas trans, que sufren altos \u00edndices de exclusi\u00f3n social, desempleo, pobreza y vulnerabilidad sanitaria. Seg\u00fan un estudio de la FELGTBI+, el 85% de las personas trans en Espa\u00f1a ha sufrido alg\u00fan tipo de discriminaci\u00f3n por su identidad de g\u00e9nero, el 21% ha sido v\u00edctima de agresiones f\u00edsicas y el 43% ha tenido pensamientos suicidas.<\/p>\n<h6>C\u00f3mo se movilizan<\/h6>\n<p>Las concentraciones se realizar\u00e1n el martes 9 de enero en tres ciudades: Madrid, Barcelona y La Coru\u00f1a. En Madrid, la cita ser\u00e1 a las 10:30 horas frente al Ministerio de Igualdad, donde los colectivos trans entregar\u00e1n un manifiesto con sus reivindicaciones. En Barcelona, la protesta tendr\u00e1 lugar a las 18:30 horas en la plaza Urquinaona, y en La Coru\u00f1a, a las 18:00 horas frente a la Subdelegaci\u00f3n del Gobierno.<\/p>\n<p>Adem\u00e1s de las concentraciones, los colectivos trans mantendr\u00e1n una reuni\u00f3n con la ministra de Igualdad, Ana Redondo, previa al Consejo LGTBI, que se celebrar\u00e1 el mismo d\u00eda. En este encuentro, las entidades sociales que forman parte del Consejo LGTBI expresar\u00e1n su malestar por el nombramiento de Garc\u00eda y le pedir\u00e1n a Redondo que rectifique su decisi\u00f3n.<\/p>\n<p>La presidenta de la Federaci\u00f3n Plataforma Trans, Mar Cambroll\u00e9, ha declarado que no descartan hacer una jornada estatal de lucha trans si no se atienden sus demandas. \u00abPara nosotros es una condici\u00f3n indispensable y que nos vamos a cerrar hasta que lo consigamos\u00bb, ha afirmado. Asimismo, ha anunciado que est\u00e1n estudiando la interposici\u00f3n de un recurso administrativo contra el nombramiento de Garc\u00eda.<\/p>\n<h6>Qu\u00e9 dicen las fuentes<\/h6>\n<p>Desde el Ministerio de Igualdad, han se\u00f1alado que el nombramiento de Garc\u00eda se basa en su trayectoria profesional y su compromiso con la igualdad de g\u00e9nero. Han defendido que Garc\u00eda es una experta en pol\u00edticas p\u00fablicas de igualdad, con m\u00e1s de 20 a\u00f1os de experiencia en el \u00e1mbito local, auton\u00f3mico y estatal. Han destacado su labor como directora general de Igualdad de Oportunidades y Diversidad del Ayuntamiento de Madrid, donde impuls\u00f3 medidas para prevenir y combatir la violencia machista, promover la igualdad salarial y fomentar la participaci\u00f3n de las mujeres en la vida p\u00fablica.<\/p>\n<p>Tambi\u00e9n han afirmado que Garc\u00eda es una aliada del movimiento LGTBI y que ha trabajado por la defensa de los derechos de las personas trans. Han recordado que Garc\u00eda fue una de las impulsoras de la primera ley integral de transexualidad de Espa\u00f1a, aprobada en 2009 por la Comunidad de Madrid, y que ha colaborado con diversas entidades trans en la elaboraci\u00f3n de protocolos de atenci\u00f3n sanitaria, educativa y laboral.<\/p>\n<p>Por su parte, Isabel Garc\u00eda ha manifestado su respeto por las protestas de los colectivos trans, pero ha rechazado las acusaciones de transfobia. Ha asegurado que su posici\u00f3n sobre la Ley Trans es la misma que la del PSOE, que aboga por un modelo mixto que combine la autodeterminaci\u00f3n de g\u00e9nero con la atenci\u00f3n sanitaria especializada. Ha negado que est\u00e9 vinculada con Ayuso y ha criticado que se utilice su pasado como concejala del PP para deslegitimar su nombramiento. Ha expresado su voluntad de dialogar con los colectivos trans y de trabajar por la igualdad de todas las mujeres.<\/p>\n<h6>Qu\u00e9 es el Consejo LGTBI<\/h6>\n<p>El Consejo LGTBI es un \u00f3rgano consultivo y de participaci\u00f3n creado en 2018 por el Ministerio de Igualdad, con el fin de \u00abdotar de mayor transparencia y eficacia a las pol\u00edticas p\u00fablicas destinadas a garantizar la igualdad de trato, no discriminaci\u00f3n e inclusi\u00f3n social de las personas LGTBI, y a aquellas otras pol\u00edticas que, por su especial impacto sobre esta poblaci\u00f3n, deben ser conocidas e informadas por las organizaciones que representan a estas personas\u00bb.<\/p>\n<p>El Consejo LGTBI est\u00e1 formado por representantes de las distintas Administraciones P\u00fablicas, interlocutores sociales y organizaciones de la sociedad civil. Entre sus funciones, se encuentran las de asesorar, proponer, evaluar y hacer seguimiento de las medidas adoptadas por el Gobierno en materia de igualdad y diversidad LGTBI.<\/p>\n<p>El Consejo LGTBI se re\u00fane peri\u00f3dicamente para abordar los temas de inter\u00e9s para el colectivo LGTBI y para canalizar las demandas y propuestas de las entidades sociales. La pr\u00f3xima reuni\u00f3n tendr\u00e1 lugar el martes 9 de enero, y se espera que sea un espacio de di\u00e1logo y consenso entre el Ministerio de Igualdad y los colectivos trans.<\/p>\n<p><a href=\"https:\/\/kifkif.info\/mar-cambrolle-el-nombramiento-de-isabel-garcia-es-una-provocacion-y-una-falta-de-respeto-al-colectivo-trans\/\">https:\/\/kifkif.info\/mar-cambrolle-el-nombramiento-de-isabel-garcia-es-una-provocacion-y-una-falta-de-respeto-al-colectivo-trans\/<\/a><\/p>\n<\/div>\n","protected":false},"excerpt":{"rendered":"<p>El pr\u00f3ximo martes, 9 de enero, varias organizaciones trans se concentrar\u00e1n frente al Ministerio de Igualdad para pedir el cese de la nueva directora del Instituto de las Mujeres, Isabel Garc\u00eda, nombrada el pasado 23 de diciembre por el Consejo de Ministros.<\/p>\n","protected":false},"author":1,"featured_media":1162,"comment_status":"open","ping_status":"open","sticky":false,"template":"","format":"standard","meta":{"footnotes":""},"categories":[30,15],"tags":[],"class_list":["post-1161","post","type-post","status-publish","format-standard","has-post-thumbnail","hentry","category-en_portada","category-noticias"],"brizy_media":[],"_links":{"self":[{"href":"https:\/\/plataformatrans.es\/index.php\/wp-json\/wp\/v2\/posts\/1161","targetHints":{"allow":["GET"]}}],"collection":[{"href":"https:\/\/plataformatrans.es\/index.php\/wp-json\/wp\/v2\/posts"}],"about":[{"href":"https:\/\/plataformatrans.es\/index.php\/wp-json\/wp\/v2\/types\/post"}],"author":[{"embeddable":true,"href":"https:\/\/plataformatrans.es\/index.php\/wp-json\/wp\/v2\/users\/1"}],"replies":[{"embeddable":true,"href":"https:\/\/plataformatrans.es\/index.php\/wp-json\/wp\/v2\/comments?post=1161"}],"version-history":[{"count":1,"href":"https:\/\/plataformatrans.es\/index.php\/wp-json\/wp\/v2\/posts\/1161\/revisions"}],"predecessor-version":[{"id":1163,"href":"https:\/\/plataformatrans.es\/index.php\/wp-json\/wp\/v2\/posts\/1161\/revisions\/1163"}],"wp:featuredmedia":[{"embeddable":true,"href":"https:\/\/plataformatrans.es\/index.php\/wp-json\/wp\/v2\/media\/1162"}],"wp:attachment":[{"href":"https:\/\/plataformatrans.es\/index.php\/wp-json\/wp\/v2\/media?parent=1161"}],"wp:term":[{"taxonomy":"category","embeddable":true,"href":"https:\/\/plataformatrans.es\/index.php\/wp-json\/wp\/v2\/categories?post=1161"},{"taxonomy":"post_tag","embeddable":true,"href":"https:\/\/plataformatrans.es\/index.php\/wp-json\/wp\/v2\/tags?post=1161"}],"curies":[{"name":"wp","href":"https:\/\/api.w.org\/{rel}","templated":true}]}}