{"id":1140,"date":"2023-12-30T00:22:53","date_gmt":"2023-12-29T22:22:53","guid":{"rendered":"https:\/\/plataformatrans.es\/?p=1140"},"modified":"2024-01-09T21:48:52","modified_gmt":"2024-01-09T19:48:52","slug":"las-mujeres-trans-no-existen-los-tuits-transfobos-de-la-nueva-directora-del-instituto-de-las-mujeres","status":"publish","type":"post","link":"https:\/\/plataformatrans.es\/index.php\/2023\/12\/30\/las-mujeres-trans-no-existen-los-tuits-transfobos-de-la-nueva-directora-del-instituto-de-las-mujeres\/","title":{"rendered":"\u201cLas mujeres trans no existen\u201d: los tuits tr\u00e1nsfobos de la nueva directora del instituto de las mujeres"},"content":{"rendered":"<p><strong>\u201cLas mujeres trans no existen\u201d: los tuits tr\u00e1nsfobos de la nueva directora del instituto de las mujeres<\/strong><\/p>\n<p>El Consejo de Ministros aprob\u00f3 este mi\u00e9rcoles a propuesta de la ministra de Igualdad, Ana Redondo, el nombramiento de Isabel Garc\u00eda como directora del Instituto de las Mujeres, un organismo aut\u00f3nomo adscrito al Ministerio de Igualdad.<\/p>\n<p>De su curriculum se ha hecho p\u00fablico que la socialista naci\u00f3 en Las Palmas de Gran Canaria en 1968, que en 2015 fue designada diputada de Igualdad, Juventud y Deportes de la Diputaci\u00f3n de Valencia, que ha sido tambi\u00e9n concejala de Igualdad y Comercio del Ayuntamiento de Xirivella (Valencia) hasta julio del 2019, que ha sido asesora del Ministerio de Transportes y Movilidad Sostenible (2019-2022) o que ejerc\u00eda en la actualidad como consultora de pol\u00edticas de igualdad en el sector privado.<\/p>\n<p>Garc\u00eda sustituye en el cargo a Ana Varela, nombrada por la exministra Irene Montero en junio de este mismo a\u00f1o en sustituci\u00f3n de Antonia Morillas, que se present\u00f3 como candidata a la alcald\u00eda de M\u00e1laga en las elecciones del pasado 28 de mayo.<\/p>\n<p>Su perfil simboliza el cambio de rumbo en el Ministerio de Igualdad,\u00a0ya que Garc\u00eda ha mantenido un perfil p\u00fablico contrario a la autodeterminaci\u00f3n de g\u00e9nero y cr\u00edtico con las pol\u00edticas de la anterior ministra de Igualdad, Irene Montero, as\u00ed como con algunos integrantes de su partido que han ondeado la bandera del feminismo interseccional.<\/p>\n<p>As\u00ed, el 10 de enero de 2023, Garc\u00eda tuiteaba:\u00a0<a href=\"https:\/\/twitter.com\/isagarciasanc\/status\/1612772005807329281\" target=\"_blank\" rel=\"noopener\">\u201cLas mujeres trans no existen\u201d<\/a>. Lo hac\u00eda en respuesta a un tuit de V\u00edctor Guti\u00e9rrez, Secretario de Pol\u00edticas LGTBI del PSOE, donde este afirmaba que\u00a0\u201clas mujeres trans son mujeres\u201d.\u00a0Para la nueva directora del\u00a0Instituto\u00a0de las mujeres \u201clas mujeres\u00a0transexuales\u00a0son mujeres transexuales y punto\u201d.<\/p>\n<p>Garc\u00eda se ha mostrado cr\u00edtica tambi\u00e9n con otra persona de su partido, Andrea Fern\u00e1ndez, diputada por Le\u00f3n en el Congreso en anterior legislatura y secretaria de Igualdad del PSOE. Despu\u00e9s de que Fern\u00e1ndez afirmara en una entrevista que la ley trans era una buena ley, y que tambi\u00e9n lo era la del s\u00ed es s\u00ed aunque necesitara una reforma \u2014algo que hizo en enero del 2023 en el contexto del\u00a0encontronazo\u00a0entre PSOE y Podemos despu\u00e9s de que la formaci\u00f3n morada tuviera que abrirse a enmendar la ley\u2014, Garc\u00eda recrimina sus declaraciones a su compa\u00f1era y afirma:\u00a0<a href=\"https:\/\/twitter.com\/isagarciasanc\/status\/1616009528063004675\" target=\"_blank\" rel=\"noopener\">\u201cLa ley trans no es una buena ley\u201d<\/a>.<\/p>\n<p>En diciembre de 2022, la directora del Instituto de las Mujeres tuiteaba utilizando uno de los hashtags propios de los sectores transexcluyentes:\u00a0<a href=\"https:\/\/twitter.com\/isagarciasanc\/status\/1602555749095596032\" target=\"_blank\" rel=\"noopener\">#StopDelirioTrans<\/a>. En esa ocasi\u00f3n, lo hac\u00eda para cargar contra Podemos, de quien dice que \u201cha logrado en tiempo r\u00e9cord\u00a0 dividir el movimiento feminista y al colectivo LGTBI\u201d.<\/p>\n<p>En su perfil de Twitter tambi\u00e9n hay referencias a lo que los grupos transexcluyentes y la ultraderecha llaman \u201cideolog\u00eda de g\u00e9nero\u201d. Por ejemplo, el 5 de octubre de 2019, tuitea: \u201cLa\u00a0<a href=\"https:\/\/twitter.com\/isagarciasanc\/status\/1180481123576696832\" target=\"_blank\" rel=\"noopener\">teor\u00eda queer<\/a>\u00a0avanza sin descanso con el\u00a0\u00fanico\u00a0objetivo\u00a0de perpetuar el heteropatriarcado y borrar a las Mujeres de lo pol\u00edtico\u201d.<\/p>\n<blockquote>\n<div class=\"compartir\">\n<div class=\"link-rs\">\n<div><span style=\"color: #333333; font-size: 16px;\">Con este pronunciamiento, Garc\u00eda usa otra de las palabras clave de los grupos anti autodeterminaci\u00f3n de g\u00e9nero: la referencia al supuesto \u201cborrado\u201d que las personas trans estar\u00edan haciendo de las mujeres cis.<\/span><\/div>\n<div><\/div>\n<\/div>\n<\/div>\n<\/blockquote>\n<p>Las posiciones de Garc\u00eda se alinean con las del\u00a0<a href=\"https:\/\/www.elsaltodiario.com\/lgtbiq\/psoe-documento-interno-transfobia-autodeterminacion-genero-choque-ministerio-igualdad\" target=\"_blank\" rel=\"noopener\">documento interno del PSOE<\/a>\u00a0que se conoci\u00f3 en junio de 2020 y que, con el t\u00edtulo \u201cArgumentos contra las teor\u00edas que niegan la realidad de las mujeres\u201d recog\u00eda razonamientos contrarios al reconocimiento de derechos de las personas trans. Ese documento pon\u00eda sobre la mesa las discrepancias internas en el PSOE con respecto a la autodeterminaci\u00f3n de g\u00e9nero de las personas trans. En octubre de 2021, el nombramiento de V\u00edctor Guti\u00e9rrez por parte de Pedro S\u00e1nchez parec\u00eda dar una respuesta a la pregunta de cu\u00e1l era la posici\u00f3n oficial del partido.<\/p>\n<p><img loading=\"lazy\" decoding=\"async\" class=\"alignnone size-large wp-image-1142\" src=\"http:\/\/plataformatrans.es\/wp-content\/uploads\/2023\/12\/isabel_garcia_tuits-1-1024x576.jpg\" alt=\"\" width=\"891\" height=\"501\" srcset=\"https:\/\/plataformatrans.es\/wp-content\/uploads\/2023\/12\/isabel_garcia_tuits-1-1024x576.jpg 1024w, https:\/\/plataformatrans.es\/wp-content\/uploads\/2023\/12\/isabel_garcia_tuits-1-300x169.jpg 300w, https:\/\/plataformatrans.es\/wp-content\/uploads\/2023\/12\/isabel_garcia_tuits-1-768x432.jpg 768w, https:\/\/plataformatrans.es\/wp-content\/uploads\/2023\/12\/isabel_garcia_tuits-1.jpg 1500w\" sizes=\"auto, (max-width: 891px) 100vw, 891px\" \/><\/p>\n<p>Colectivos trans piden marcha atr\u00e1s en el nombramiento<\/p>\n<p>La Federaci\u00f3n Plataforma Trans y Euforia Familias Trans Aliadas han pedido en una comunicado este jueves a la ministra de Igualdad que revoque su decisi\u00f3n \u201cy en su lugar ponga al frente a una mujer que defienda a todas las mujeres, tambi\u00e9n las trans\u201d, por entender las posiciones de la nueva responsable como \u201ctransf\u00f3bicas y antiderechos trans\u201d.<\/p>\n<p>Parta Mar Cambroll\u00e9, presidenta de la Plataforma, \u201cun Gobierno que se dice progresista no puede poner al frente de ninguna instituci\u00f3n a personas que se han destacado por sus declaraciones transf\u00f3bicas y anti derechos trans\u201d.\u00a0Natalia Avent\u00edn, presidenta de Euforia Familias Trans-Aliadas, asegura muestra su \u201cdecepci\u00f3n\u201d por ver al frente del Instituto de las Mujeres \u201ca quien ha sido extremadamente agresiva con las\u00a0 madres que representamos a las familias de personas trans\u201d.<\/p>\n<p>Sumar, por su parte, ha\u00a0calificado\u00a0el nombramiento de \u201cvergonzoso\u201d. \u201c\u00a0Este nombramiento del Ministerio de Igualdad es vergonzoso y env\u00eda un mensaje lamentable. El Instituto de las Mujeres no puede estar dirigido por alguien que sostiene la conspiraci\u00f3n del borrado de las mujeres y critica la &#8216;dictadura queer&#8217;, dec\u00eda el jueves por la tarde Elisabeth Duval, portavoz de Feminismo, Igualdad y Libertades LGBT+ de Sumar. Otros cargos de Sumar se manifestaban en la misma l\u00ednea: para Mar\u00eda Eugenia Rodr\u00edguez Palop, \u201dla directora del Instituto de las mujeres no puede ser una tr\u00e1nsfoba\u201c; para Carla Antonelli \u201desta mujer nos ha se\u00f1alado a las mujeres trans, vejado e insultado\u00bb.<\/p>\n<p><a href=\"https:\/\/www.elsaltodiario.com\/psoe\/mujeres-trans-no-existen-tuits-transfobos-nueva-directora-del-instituto-mujeres\">https:\/\/www.elsaltodiario.com\/psoe\/mujeres-trans-no-existen-tuits-transfobos-nueva-directora-del-instituto-mujeres<\/a><\/p>\n","protected":false},"excerpt":{"rendered":"<p>La decisi\u00f3n de la ministra de poner al frente de este organismo a Isabel Garc\u00eda simboliza el cambio de rumbo en el Ministerio de Igualdad. Colectivos trans se\u00f1alan su transfobia y Sumar califica de \u201cvergonzoso\u201d su nombramiento.<\/p>\n","protected":false},"author":1,"featured_media":1142,"comment_status":"open","ping_status":"open","sticky":false,"template":"","format":"standard","meta":{"footnotes":""},"categories":[30,15],"tags":[],"class_list":["post-1140","post","type-post","status-publish","format-standard","has-post-thumbnail","hentry","category-en_portada","category-noticias"],"brizy_media":[],"_links":{"self":[{"href":"https:\/\/plataformatrans.es\/index.php\/wp-json\/wp\/v2\/posts\/1140","targetHints":{"allow":["GET"]}}],"collection":[{"href":"https:\/\/plataformatrans.es\/index.php\/wp-json\/wp\/v2\/posts"}],"about":[{"href":"https:\/\/plataformatrans.es\/index.php\/wp-json\/wp\/v2\/types\/post"}],"author":[{"embeddable":true,"href":"https:\/\/plataformatrans.es\/index.php\/wp-json\/wp\/v2\/users\/1"}],"replies":[{"embeddable":true,"href":"https:\/\/plataformatrans.es\/index.php\/wp-json\/wp\/v2\/comments?post=1140"}],"version-history":[{"count":4,"href":"https:\/\/plataformatrans.es\/index.php\/wp-json\/wp\/v2\/posts\/1140\/revisions"}],"predecessor-version":[{"id":1146,"href":"https:\/\/plataformatrans.es\/index.php\/wp-json\/wp\/v2\/posts\/1140\/revisions\/1146"}],"wp:featuredmedia":[{"embeddable":true,"href":"https:\/\/plataformatrans.es\/index.php\/wp-json\/wp\/v2\/media\/1142"}],"wp:attachment":[{"href":"https:\/\/plataformatrans.es\/index.php\/wp-json\/wp\/v2\/media?parent=1140"}],"wp:term":[{"taxonomy":"category","embeddable":true,"href":"https:\/\/plataformatrans.es\/index.php\/wp-json\/wp\/v2\/categories?post=1140"},{"taxonomy":"post_tag","embeddable":true,"href":"https:\/\/plataformatrans.es\/index.php\/wp-json\/wp\/v2\/tags?post=1140"}],"curies":[{"name":"wp","href":"https:\/\/api.w.org\/{rel}","templated":true}]}}