{"id":1080,"date":"2023-11-15T18:19:29","date_gmt":"2023-11-15T16:19:29","guid":{"rendered":"http:\/\/plataformatrans.es\/?p=1080"},"modified":"2023-11-28T19:06:36","modified_gmt":"2023-11-28T17:06:36","slug":"el-colectivo-lgtbi-clama-en-la-calle-contra-los-recortes-de-derechos-en-madrid-esta-era-la-libertad-de-ayuso","status":"publish","type":"post","link":"https:\/\/plataformatrans.es\/index.php\/2023\/11\/15\/el-colectivo-lgtbi-clama-en-la-calle-contra-los-recortes-de-derechos-en-madrid-esta-era-la-libertad-de-ayuso\/","title":{"rendered":"El colectivo LGTBI clama en la calle contra los recortes de derechos en Madrid: \u201cEsta era la libertad de Ayuso\u201d"},"content":{"rendered":"<div class=\"c-header\">\n<div class=\"news-header\">\n<pre class=\"title\"><strong>El colectivo LGTBI clama en la calle contra los recortes de derechos en Madrid: \u201cEsta era la libertad de Ayuso\u201d<\/strong><\/pre>\n<ul class=\"footer\">\n<li>\n<pre>Cientos de personas acuden a la Puerta del Sol en la primera movilizaci\u00f3n contra los planes del PP de recortar las leyes trans y LGTBI de 2016<\/pre>\n<\/li>\n<li class=\"subtitle--hasAnchor\">\n<pre><a class=\"footer-link \" href=\"https:\/\/www.eldiario.es\/madrid\/pp-ayuso-registra-ley-recorta-derechos-personas-trans-lgtbi-madrid_1_10674229.html\" data-mrf-recirculation=\"subtitulo-2\" data-mrf-link=\"https:\/\/www.eldiario.es\/madrid\/pp-ayuso-registra-ley-recorta-derechos-personas-trans-lgtbi-madrid_1_10674229.html\">\u2014 El PP de Ayuso registra una ley que recorta los derechos de las personas trans y LGTBI en Madrid<\/a><\/pre>\n<\/li>\n<\/ul>\n<\/div>\n<\/div>\n<div class=\"c-subheader\">\n<footer class=\"rs-pill\">\n<div class=\"edi-social-buttons\"><\/div>\n<\/footer>\n<\/div>\n<div class=\"content-container col-12 col-lg-8\">\n<div class=\"c-content\">\n<div class=\"partner-wrapper opening\" data-mrf-recirculation=\"Apertura\">\n<div class=\"second-col\">\n<figure class=\"ni-figure\">Por V\u00edctor Honorato<\/figure>\n<\/div>\n<footer class=\"news-info  has-button-follow\" data-mrf-recirculation=\"firma\">\n<div class=\"info-wrapper\">\n<div class=\"edi-save\">\n<div class=\"featured-subscription\">La Puerta del Sol de Madrid ha sido escenario esta tarde de la primera movilizaci\u00f3n contra el <a class=\"link\" href=\"https:\/\/www.eldiario.es\/madrid\/pp-ayuso-registra-ley-recorta-derechos-personas-trans-lgtbi-madrid_1_10674229.html\" target=\"_blank\" rel=\"noopener\" data-mrf-recirculation=\"links-noticia\" data-mrf-link=\"https:\/\/www.eldiario.es\/madrid\/pp-ayuso-registra-ley-recorta-derechos-personas-trans-lgtbi-madrid_1_10674229.html\">plan del PP de Madrid de recortar las leyes trans y LGTBI<\/a>\u00a0de 2016, que la oposici\u00f3n y hasta una treintena de asociaciones agrupadas en la plataforma Ni un paso atr\u00e1s entienden como un retroceso\u00a0de gran calado. \u201cA Ayuso se le\u00a0le\u00a0llena la boca con la palaba libertad, pero la libertad consist\u00eda en despojarnos de derechos a los colectivos trans y LGTBI. Les vamos a plantara cara hasta el final\u201d, ha denunciado Carla Antonelli, diputada de M\u00e1s Madrid e hist\u00f3rica activista por los derechos trans.<\/div>\n<\/div>\n<\/div>\n<\/footer>\n<\/div>\n<div class=\"partner-wrapper article-page__body-row \">\n<div class=\"second-col\">\n<aside class=\"know-more know-more--with-image\">\n<p class=\"know-more__title\">Ayuso conserva la impronta de Vox en la agenda ideol\u00f3gica que ha dise\u00f1ado tras su mayor\u00eda absoluta<\/p>\n<p><a href=\"https:\/\/www.eldiario.es\/madrid\/ayuso-conserva-impronta-vox-agenda-ideologica-disenado-mayoria-absoluta_1_10338272.html\" data-mrf-recirculation=\"saber-mas\" data-mrf-link=\"https:\/\/www.eldiario.es\/madrid\/ayuso-conserva-impronta-vox-agenda-ideologica-disenado-mayoria-absoluta_1_10338272.html\"><picture class=\"know-more__img\"><source srcset=\"https:\/\/static.eldiario.es\/clip\/e4825454-629d-4cec-ab08-8abb4c1c333e_16-9-aspect-ratio_50p_0.webp\" type=\"image\/webp\" media=\"(max-width: 767px)\" \/><source srcset=\"https:\/\/static.eldiario.es\/clip\/e4825454-629d-4cec-ab08-8abb4c1c333e_16-9-aspect-ratio_50p_0.jpg\" type=\"image\/jpg\" media=\"(max-width: 767px)\" \/><source srcset=\"https:\/\/static.eldiario.es\/clip\/e4825454-629d-4cec-ab08-8abb4c1c333e_16-9-aspect-ratio_50p_0.webp\" type=\"image\/webp\" media=\"(min-width: 768px)\" \/><source srcset=\"https:\/\/static.eldiario.es\/clip\/e4825454-629d-4cec-ab08-8abb4c1c333e_16-9-aspect-ratio_50p_0.jpg\" type=\"image\/jpg\" media=\"(min-width: 768px)\" \/><source srcset=\"https:\/\/static.eldiario.es\/clip\/e4825454-629d-4cec-ab08-8abb4c1c333e_16-9-aspect-ratio_default_0.webp\" type=\"image\/webp\" \/><img decoding=\"async\" class=\"lazy entered loaded\" src=\"https:\/\/static.eldiario.es\/clip\/e4825454-629d-4cec-ab08-8abb4c1c333e_16-9-aspect-ratio_default_0.jpg\" alt=\"Ayuso conserva la impronta de Vox en la agenda ideol\u00f3gica que ha dise\u00f1ado tras su mayor\u00eda absoluta\" data-src=\"https:\/\/static.eldiario.es\/clip\/e4825454-629d-4cec-ab08-8abb4c1c333e_16-9-aspect-ratio_default_0.jpg\" data-ll-status=\"loaded\" \/><\/picture><\/a><\/aside>\n<p class=\"article-text\">Pasadas poco m\u00e1s de 24 horas de la concentraci\u00f3n contra la amnist\u00eda en Sol organizada por el PP, una representaci\u00f3n\u00a0de la ciudadan\u00eda\u00a0de varios cientos de personas compareci\u00f3 en la plaza madrile\u00f1a, cuya diferencia m\u00e1s aparente ha sido la ausencia de banderas de Espa\u00f1a\u00a0y la juventud de sus integrantes.<\/p>\n<p class=\"article-text\">Los planes del PP de Isabel D\u00edaz Ayuso pasan por recuperar la legalidad de las terapias de conversi\u00f3n trans, suprimir\u00a0el\u00a0plan\u00a0contra el acoso en los colegios de los alumnos LGTBI y la formaci\u00f3n del profesorado, eliminar\u00a0las referencias a la autodeterminaci\u00f3n de g\u00e9nero y suprimir\u00a0un r\u00e9gimen disciplinario que los propios colectivos afectados denunciaban que no se estaba aplicando, entre otros recortes.\u00a0\u201cSe eliminan todos los compromisos que hab\u00eda en la legislaci\u00f3n\u201d, ha criticado Miguel \u00c1ngel Fern\u00e1ndez, portavoz de la plataforma Ni un paso atr\u00e1s y director ejecutivo de la fundaci\u00f3n Pedro Zerolo.<\/p>\n<p class=\"article-text\">La reforma expr\u00e9s que propone el PP en la Asamblea Regional no permitir\u00e1 enmiendas, muy al contrario que las leyes vigentes, largamente debatidas y aprobadas por unanimidad en el caso de la ley contra la\u00a0LGTBIfobia, y con la abstenci\u00f3n del PP en el caso de la ley trans. \u201cEstoy conmocionada\u201d, ha dicho Antonelli, que en 2016 era diputada por el PSOE y particip\u00f3 en la elaboraci\u00f3n de las normas.<\/p>\n<p><a href=\"https:\/\/www.eldiario.es\/madrid\/colectivo-lgtbi-clama-recortes-derechos-madrid-libertad-ayuso_1_10682415.html\">https:\/\/www.eldiario.es\/madrid\/colectivo-lgtbi-clama-recortes-derechos-madrid-libertad-ayuso_1_10682415.html<\/a><\/p>\n<\/div>\n<\/div>\n<\/div>\n<\/div>\n","protected":false},"excerpt":{"rendered":"<p>Los planes del PP de Isabel D\u00edaz Ayuso pasan por recuperar la legalidad de las terapias de conversi\u00f3n trans, suprimir\u00a0el\u00a0plan\u00a0contra el acoso en los colegios de los alumnos LGTBI y la formaci\u00f3n del profesorado, eliminar\u00a0las referencias a la autodeterminaci\u00f3n de g\u00e9nero&#8230;<\/p>\n","protected":false},"author":1,"featured_media":1081,"comment_status":"open","ping_status":"open","sticky":false,"template":"","format":"standard","meta":{"footnotes":""},"categories":[30,15],"tags":[],"class_list":["post-1080","post","type-post","status-publish","format-standard","has-post-thumbnail","hentry","category-en_portada","category-noticias"],"brizy_media":[],"_links":{"self":[{"href":"https:\/\/plataformatrans.es\/index.php\/wp-json\/wp\/v2\/posts\/1080","targetHints":{"allow":["GET"]}}],"collection":[{"href":"https:\/\/plataformatrans.es\/index.php\/wp-json\/wp\/v2\/posts"}],"about":[{"href":"https:\/\/plataformatrans.es\/index.php\/wp-json\/wp\/v2\/types\/post"}],"author":[{"embeddable":true,"href":"https:\/\/plataformatrans.es\/index.php\/wp-json\/wp\/v2\/users\/1"}],"replies":[{"embeddable":true,"href":"https:\/\/plataformatrans.es\/index.php\/wp-json\/wp\/v2\/comments?post=1080"}],"version-history":[{"count":1,"href":"https:\/\/plataformatrans.es\/index.php\/wp-json\/wp\/v2\/posts\/1080\/revisions"}],"predecessor-version":[{"id":1082,"href":"https:\/\/plataformatrans.es\/index.php\/wp-json\/wp\/v2\/posts\/1080\/revisions\/1082"}],"wp:featuredmedia":[{"embeddable":true,"href":"https:\/\/plataformatrans.es\/index.php\/wp-json\/wp\/v2\/media\/1081"}],"wp:attachment":[{"href":"https:\/\/plataformatrans.es\/index.php\/wp-json\/wp\/v2\/media?parent=1080"}],"wp:term":[{"taxonomy":"category","embeddable":true,"href":"https:\/\/plataformatrans.es\/index.php\/wp-json\/wp\/v2\/categories?post=1080"},{"taxonomy":"post_tag","embeddable":true,"href":"https:\/\/plataformatrans.es\/index.php\/wp-json\/wp\/v2\/tags?post=1080"}],"curies":[{"name":"wp","href":"https:\/\/api.w.org\/{rel}","templated":true}]}}