{"id":1067,"date":"2023-11-11T18:20:33","date_gmt":"2023-11-11T16:20:33","guid":{"rendered":"https:\/\/plataformatrans.es\/?p=1067"},"modified":"2023-11-25T17:44:15","modified_gmt":"2023-11-25T15:44:15","slug":"la-plataforma-trans-pide-la-dimision-de-ayuso-por-atentar-contra-los-derechos-humanos","status":"publish","type":"post","link":"https:\/\/plataformatrans.es\/index.php\/2023\/11\/11\/la-plataforma-trans-pide-la-dimision-de-ayuso-por-atentar-contra-los-derechos-humanos\/","title":{"rendered":"La Plataforma Trans pide la dimisi\u00f3n de Ayuso por \u00abatentar contra los derechos humanos\u00bb"},"content":{"rendered":"<header class=\"article-top-header col-12\">\n<div class=\"article-top\">\n<div class=\"article-top-titles\">\n<div class=\"title-container\">\n<h6 class=\"title\">La Plataforma Trans pide la dimisi\u00f3n de Ayuso por \u00abatentar contra los derechos humanos\u00bb<\/h6>\n<\/div>\n<\/div>\n<\/div>\n<\/header>\n<div class=\"article-content col-12 col-md-8\">\n<div class=\"article-modules\" data-mrf-recirculation=\"Enlaces en p\u00e1rrafos\">\n<p class=\"paragraph\" data-gtm-element-container=\"modulo-texto-link\">La Federaci\u00f3n de Colectivos Trans del Estado Espa\u00f1ol, Plataforma Trans, ha pedido la dimisi\u00f3n de la presidenta madrile\u00f1a, Isabel D\u00edaz Ayuso, por considerar que las dos iniciativas presentadas por el PP para modificar las leyes LGTBI de la Comunidad de Madrid suponen \u00abun grave atentado contra el Estado de derecho y los derechos humanos\u00bb.<\/p>\n<p class=\"paragraph\" data-gtm-element-container=\"modulo-texto-link\">El PP registr\u00f3 este viernes en el Parlamento madrile\u00f1o la tramitaci\u00f3n por la v\u00eda de urgencia de la modificaci\u00f3n de las leyes de identidad y expresi\u00f3n de g\u00e9nero y de la protecci\u00f3n integral contra la LGTBIfobia, de manera que no se admitir\u00e1n enmiendas.<\/p>\n<p class=\"paragraph\" data-gtm-element-container=\"modulo-texto-link\">Para la Plataforma Trans, las dos iniciativas del PP \u00abderogar\u00e1n aspectos clave\u00bb de las leyes trans y LGTBI de la Comunidad de Madrid, como la prohibici\u00f3n de someterse a examen psicol\u00f3gico por parte de las personas trans para ver reconocida su identidad y su derecho de acceso a la salud, y la prohibici\u00f3n de las terapias de conversi\u00f3n a personas trans.<\/p>\n<p class=\"paragraph\" data-gtm-element-container=\"modulo-texto-link\">Esta organizaci\u00f3n considera \u00abinadmisible que se instrumentalicen los derechos de las personas trans y LGTBI para enarbolar principios fascistas contrarios a la dignidad y a la igualdad en la competici\u00f3n de Isabel D\u00edaz Ayuso con Vox\u00bb.<\/p>\n<p class=\"paragraph\" data-gtm-element-container=\"modulo-texto-link\">La presidenta de la Plataforma Trans, Mar Cambroll\u00e9, ha cargado contra la presidenta madrile\u00f1a por pretender \u00abcon su mal entendida mayor\u00eda absoluta\u00bb que una persona trans en Madrid tenga menos derechos que las que viven en otras comunidades aut\u00f3nomas.<\/p>\n<p class=\"paragraph\" data-gtm-element-container=\"modulo-texto-link\">Esto, ha subrayado Cambroll\u00e9, \u00abno s\u00f3lo es inconstitucional al vulnerar el principio de igualdad blindado en la carta magna, sino tambi\u00e9n contrario a los est\u00e1ndares europeos, a las legislaciones de quince comunidades aut\u00f3nomas y a la ley trans estatal\u00bb.<\/p>\n<p class=\"paragraph\" data-gtm-element-container=\"modulo-texto-link\">\u00abLa se\u00f1ora D\u00edaz Ayuso vulnera de manera alarmante su funci\u00f3n p\u00fablica de representar, defender y respetar los derechos de toda la ciudadan\u00eda madrile\u00f1a como presidenta de la Comunidad de Madrid, por lo que pedimos su dimisi\u00f3n, por la misma v\u00eda que ha utilizado para intentar que retrocedamos d\u00e9cadas, por v\u00eda urgente\u00bb, ha reclamado.<\/p>\n<p class=\"paragraph\" data-gtm-element-container=\"modulo-texto-link\">La Plataforma Trans ha hecho un llamamiento a la ciudadan\u00eda a mostrar su rechazo a las iniciativas del PP en la Asamblea en la concentraci\u00f3n que las entidades trans y LGTBI han convocado este lunes 13 de noviembre, a las 19:00 horas en la Puerta de Sol, frente a la sede del Gobierno de la Comunidad de Madrid.<\/p>\n<p data-gtm-element-container=\"modulo-texto-link\"><img loading=\"lazy\" decoding=\"async\" class=\"alignnone size-large wp-image-1068\" src=\"http:\/\/plataformatrans.es\/wp-content\/uploads\/2023\/11\/F-l9qBpXoAApHHh-1024x1024.jpg\" alt=\"\" width=\"891\" height=\"891\" srcset=\"https:\/\/plataformatrans.es\/wp-content\/uploads\/2023\/11\/F-l9qBpXoAApHHh-1024x1024.jpg 1024w, https:\/\/plataformatrans.es\/wp-content\/uploads\/2023\/11\/F-l9qBpXoAApHHh-300x300.jpg 300w, https:\/\/plataformatrans.es\/wp-content\/uploads\/2023\/11\/F-l9qBpXoAApHHh-150x150.jpg 150w, https:\/\/plataformatrans.es\/wp-content\/uploads\/2023\/11\/F-l9qBpXoAApHHh-768x768.jpg 768w, https:\/\/plataformatrans.es\/wp-content\/uploads\/2023\/11\/F-l9qBpXoAApHHh-800x800.jpg 800w, https:\/\/plataformatrans.es\/wp-content\/uploads\/2023\/11\/F-l9qBpXoAApHHh.jpg 1080w\" sizes=\"auto, (max-width: 891px) 100vw, 891px\" \/><\/p>\n<p><a href=\"https:\/\/www.lavanguardia.com\/vida\/20231111\/9370275\/plataforma-trans-pide-dimision-ayuso-atentar-derechos-humanos-agenciaslv20231111.html\">https:\/\/www.lavanguardia.com\/vida\/20231111\/9370275\/plataforma-trans-pide-dimision-ayuso-atentar-derechos-humanos-agenciaslv20231111.html<\/a><\/p>\n<\/div>\n<\/div>\n","protected":false},"excerpt":{"rendered":"<p>La Federaci\u00f3n de Colectivos Trans del Estado Espa\u00f1ol, Plataforma Trans, ha pedido la dimisi\u00f3n de la presidenta madrile\u00f1a, Isabel D\u00edaz Ayuso, por considerar que las dos iniciativas presentadas por el PP para modificar las leyes LGTBI de la Comunidad de Madrid suponen \u00abun grave atentado contra el Estado de derecho y los derechos humanos\u00bb.<\/p>\n","protected":false},"author":1,"featured_media":1034,"comment_status":"open","ping_status":"open","sticky":false,"template":"","format":"standard","meta":{"footnotes":""},"categories":[8,30,15],"tags":[],"class_list":["post-1067","post","type-post","status-publish","format-standard","has-post-thumbnail","hentry","category-comunicados-plataforma","category-en_portada","category-noticias"],"brizy_media":[],"_links":{"self":[{"href":"https:\/\/plataformatrans.es\/index.php\/wp-json\/wp\/v2\/posts\/1067","targetHints":{"allow":["GET"]}}],"collection":[{"href":"https:\/\/plataformatrans.es\/index.php\/wp-json\/wp\/v2\/posts"}],"about":[{"href":"https:\/\/plataformatrans.es\/index.php\/wp-json\/wp\/v2\/types\/post"}],"author":[{"embeddable":true,"href":"https:\/\/plataformatrans.es\/index.php\/wp-json\/wp\/v2\/users\/1"}],"replies":[{"embeddable":true,"href":"https:\/\/plataformatrans.es\/index.php\/wp-json\/wp\/v2\/comments?post=1067"}],"version-history":[{"count":1,"href":"https:\/\/plataformatrans.es\/index.php\/wp-json\/wp\/v2\/posts\/1067\/revisions"}],"predecessor-version":[{"id":1069,"href":"https:\/\/plataformatrans.es\/index.php\/wp-json\/wp\/v2\/posts\/1067\/revisions\/1069"}],"wp:featuredmedia":[{"embeddable":true,"href":"https:\/\/plataformatrans.es\/index.php\/wp-json\/wp\/v2\/media\/1034"}],"wp:attachment":[{"href":"https:\/\/plataformatrans.es\/index.php\/wp-json\/wp\/v2\/media?parent=1067"}],"wp:term":[{"taxonomy":"category","embeddable":true,"href":"https:\/\/plataformatrans.es\/index.php\/wp-json\/wp\/v2\/categories?post=1067"},{"taxonomy":"post_tag","embeddable":true,"href":"https:\/\/plataformatrans.es\/index.php\/wp-json\/wp\/v2\/tags?post=1067"}],"curies":[{"name":"wp","href":"https:\/\/api.w.org\/{rel}","templated":true}]}}